{"id":141525,"date":"2025-11-20T17:36:40","date_gmt":"2025-11-20T17:36:40","guid":{"rendered":"https:\/\/kamucalisani.net\/?p=141525"},"modified":"2025-11-20T17:36:40","modified_gmt":"2025-11-20T17:36:40","slug":"trabzonspor-basaksehir-maci-hazirliklarini-surdurdu","status":"publish","type":"post","link":"https:\/\/kamucalisani.net\/index.php\/2025\/11\/20\/trabzonspor-basaksehir-maci-hazirliklarini-surdurdu\/","title":{"rendered":"Trabzonspor, Ba\u015fak\u015fehir ma\u00e7\u0131 haz\u0131rl\u0131klar\u0131n\u0131 s\u00fcrd\u00fcrd\u00fc"},"content":{"rendered":"<p><p>Trabzonspor, S\u00fcper Lig\u2019in 13\u2019\u00fcnc\u00fc haftas\u0131nda deplasmanda oynayaca\u011f\u0131 RAMS Ba\u015fak\u015fehir ma\u00e7\u0131n\u0131n haz\u0131rl\u0131klar\u0131na bug\u00fcn saat 15.00\u2019da yapt\u0131\u011f\u0131 antrenmanla devam etti. Teknik direkt\u00f6r Fatih Tekke y\u00f6netiminde Mehmet Ali Y\u0131lmaz Tesisleri\u2019nde yap\u0131lan ve bir b\u00f6l\u00fcm\u00fc bas\u0131na a\u00e7\u0131k olarak ger\u00e7ekle\u015ftirilen antrenman\u0131n ilk b\u00f6l\u00fcm\u00fcnde teknik \u0131s\u0131nma \u00e7al\u0131\u015fmas\u0131 ger\u00e7ekle\u015ftirildi. 5\u2019e 2 ve pas \u00e7al\u0131\u015fmas\u0131 ile devam eden antrenman, \u00e7ift kale ma\u00e7\u0131 ile sona erdi.<\/p>\n<p>Bordo-mavili tak\u0131mda Anthony Nwakaeme, fizyoterapist e\u015fli\u011finde bireysel kuvvet ve saha \u00e7al\u0131\u015fmalar\u0131, Stefan Savic fizyoterapist e\u015fli\u011finde tedavisi ve bireysel kuvvet \u00e7al\u0131\u015fmas\u0131, Arseniy Batagov fizyoteparist e\u015fli\u011finde bireysel saha \u00e7al\u0131\u015fmas\u0131 nedeniyle \u00e7al\u0131\u015fmalar\u0131n\u0131 tak\u0131mdan ayr\u0131 s\u00fcrd\u00fcrd\u00fc. U19 tak\u0131m\u0131ndan gen\u00e7 oyuncu Onuralp \u00c7ak\u0131ro\u011flu da tak\u0131mla birlikte \u00e7al\u0131\u015fmalara kat\u0131ld\u0131.<\/p>\n<p>Bordo mavili tak\u0131m haz\u0131rl\u0131klar\u0131na, yar\u0131n saat 15.00\u2019da yapaca\u011f\u0131 antrenmanla devam edecek.<\/p>\n\n<p><\/p>\n<p>Kaynak :\u00a0<span style=\"background-color: rgb(255, 249, 236); color: rgb(55, 58, 60); font-size: 14px;\">http:\/\/www.milliyet.com.tr\/skorer\/trabzonspor-basaksehir-maci-hazirliklarini-surdurdu-7487098<\/span><\/p>\n","protected":false},"excerpt":{"rendered":"<p>Trabzonspor, S\u00fcper Lig\u2019in 13\u2019\u00fcnc\u00fc haftas\u0131nda deplasmanda oynayaca\u011f\u0131 RAMS Ba\u015fak\u015fehir ma\u00e7\u0131n\u0131n haz\u0131rl\u0131klar\u0131n\u0131 s\u00fcrd\u00fcrd\u00fc. Bordo mavili tak\u0131m haz\u0131rl\u0131klar\u0131na, yar\u0131n saat 15.00\u2019da yapaca\u011f\u0131 antrenmanla devam edecek.<\/p>\n","protected":false},"author":1,"featured_media":141526,"comment_status":"open","ping_status":"open","sticky":false,"template":"","format":"standard","meta":{"footnotes":""},"categories":[7],"tags":[263],"class_list":["post-141525","post","type-post","status-publish","format-standard","has-post-thumbnail","hentry","category-spor","tag-takim"],"_links":{"self":[{"href":"https:\/\/kamucalisani.net\/index.php\/wp-json\/wp\/v2\/posts\/141525","targetHints":{"allow":["GET"]}}],"collection":[{"href":"https:\/\/kamucalisani.net\/index.php\/wp-json\/wp\/v2\/posts"}],"about":[{"href":"https:\/\/kamucalisani.net\/index.php\/wp-json\/wp\/v2\/types\/post"}],"author":[{"embeddable":true,"href":"https:\/\/kamucalisani.net\/index.php\/wp-json\/wp\/v2\/users\/1"}],"replies":[{"embeddable":true,"href":"https:\/\/kamucalisani.net\/index.php\/wp-json\/wp\/v2\/comments?post=141525"}],"version-history":[{"count":1,"href":"https:\/\/kamucalisani.net\/index.php\/wp-json\/wp\/v2\/posts\/141525\/revisions"}],"predecessor-version":[{"id":141527,"href":"https:\/\/kamucalisani.net\/index.php\/wp-json\/wp\/v2\/posts\/141525\/revisions\/141527"}],"wp:featuredmedia":[{"embeddable":true,"href":"https:\/\/kamucalisani.net\/index.php\/wp-json\/wp\/v2\/media\/141526"}],"wp:attachment":[{"href":"https:\/\/kamucalisani.net\/index.php\/wp-json\/wp\/v2\/media?parent=141525"}],"wp:term":[{"taxonomy":"category","embeddable":true,"href":"https:\/\/kamucalisani.net\/index.php\/wp-json\/wp\/v2\/categories?post=141525"},{"taxonomy":"post_tag","embeddable":true,"href":"https:\/\/kamucalisani.net\/index.php\/wp-json\/wp\/v2\/tags?post=141525"}],"curies":[{"name":"wp","href":"https:\/\/api.w.org\/{rel}","templated":true}]}}