{"id":141528,"date":"2025-11-20T17:42:30","date_gmt":"2025-11-20T17:42:30","guid":{"rendered":"https:\/\/kamucalisani.net\/?p=141528"},"modified":"2025-11-20T17:42:30","modified_gmt":"2025-11-20T17:42:30","slug":"chp-istanbul-il-baskani-celikten-anayasa-mahkemesine-bireysel-basvuru","status":"publish","type":"post","link":"https:\/\/kamucalisani.net\/index.php\/2025\/11\/20\/chp-istanbul-il-baskani-celikten-anayasa-mahkemesine-bireysel-basvuru\/","title":{"rendered":"CHP \u0130stanbul \u0130l Ba\u015fkan\u0131 \u00c7elik&#8217;ten Anayasa Mahkemesine bireysel ba\u015fvuru"},"content":{"rendered":"<p><p>Sar\u0131yer&#8217;deki CHP \u0130stanbul \u0130l Ba\u015fkanl\u0131\u011f\u0131 binas\u0131nda bas\u0131n mensuplar\u0131na a\u00e7\u0131klama yapan \u00c7elik, &#8220;Bug\u00fcn Anayasa Mahkemesine se\u00e7me ve se\u00e7ilme hakk\u0131m\u0131z\u0131n, \u00f6rg\u00fctlenme \u00f6zg\u00fcrl\u00fc\u011f\u00fcm\u00fcz\u00fcn ve Anayasal haklar\u0131m\u0131z\u0131n ihlal edildi\u011fi gerek\u00e7esiyle bireysel olarak ba\u015fvurumuzu ger\u00e7ekle\u015ftirdik. \u0130l ba\u015fkanl\u0131\u011f\u0131m\u0131zla ilgili (\u0130stanbul) 45. Asliye Hukuk Mahkemesinin kayyum karar\u0131n\u0131n durdurulmas\u0131n\u0131 talep ettik.&#8221; dedi.<\/p>\n<p>Kendisinin 3 kez il ba\u015fkan\u0131 olarak se\u00e7ilip mazbatas\u0131n\u0131 ald\u0131\u011f\u0131n\u0131 s\u00f6yleyen \u00c7elik, buna ra\u011fmen tedbir karar\u0131 oldu\u011funu ve bu karara yap\u0131lan itiraz\u0131n reddedildi\u011fini kaydetti.<\/p>\n<p>\u00dcst mahkeme olan \u0130stanbul B\u00f6lge Adliye Mahkemesine yapt\u0131klar\u0131 ba\u015fvurunun da reddedildi\u011fini aktaran \u00c7elik, g\u00f6revlerini yapmalar\u0131n\u0131n engellenmeye \u00e7al\u0131\u015f\u0131ld\u0131\u011f\u0131n\u0131 \u00f6ne s\u00fcrd\u00fc.<\/p>\n\n<p><\/p>\n<p>Kaynak :\u00a0<span style=\"background-color: rgb(255, 249, 236); color: rgb(55, 58, 60); font-size: 14px;\">http:\/\/www.milliyet.com.tr\/gundem\/chp-istanbul-il-baskani-celikten-anayasa-mahkemesine-bireysel-basvuru-7487094<\/span><\/p>\n","protected":false},"excerpt":{"rendered":"<p>CHP \u0130stanbul \u0130l Ba\u015fkan\u0131 \u00d6zg\u00fcr \u00c7elik, \u0130stanbul 45. Asliye Hukuk Mahkemesinin CHP \u0130stanbul \u0130l Y\u00f6netimine y\u00f6nelik verdi\u011fi tedbir karar\u0131n\u0131n kald\u0131r\u0131lmas\u0131 i\u00e7in bireysel olarak Anayasa Mahkemesine (AYM) ba\u015fvuru yapt\u0131\u011f\u0131n\u0131 belirtti.<\/p>\n","protected":false},"author":1,"featured_media":141529,"comment_status":"open","ping_status":"open","sticky":false,"template":"","format":"standard","meta":{"footnotes":""},"categories":[3],"tags":[],"class_list":["post-141528","post","type-post","status-publish","format-standard","has-post-thumbnail","hentry","category-guncel"],"_links":{"self":[{"href":"https:\/\/kamucalisani.net\/index.php\/wp-json\/wp\/v2\/posts\/141528","targetHints":{"allow":["GET"]}}],"collection":[{"href":"https:\/\/kamucalisani.net\/index.php\/wp-json\/wp\/v2\/posts"}],"about":[{"href":"https:\/\/kamucalisani.net\/index.php\/wp-json\/wp\/v2\/types\/post"}],"author":[{"embeddable":true,"href":"https:\/\/kamucalisani.net\/index.php\/wp-json\/wp\/v2\/users\/1"}],"replies":[{"embeddable":true,"href":"https:\/\/kamucalisani.net\/index.php\/wp-json\/wp\/v2\/comments?post=141528"}],"version-history":[{"count":1,"href":"https:\/\/kamucalisani.net\/index.php\/wp-json\/wp\/v2\/posts\/141528\/revisions"}],"predecessor-version":[{"id":141530,"href":"https:\/\/kamucalisani.net\/index.php\/wp-json\/wp\/v2\/posts\/141528\/revisions\/141530"}],"wp:featuredmedia":[{"embeddable":true,"href":"https:\/\/kamucalisani.net\/index.php\/wp-json\/wp\/v2\/media\/141529"}],"wp:attachment":[{"href":"https:\/\/kamucalisani.net\/index.php\/wp-json\/wp\/v2\/media?parent=141528"}],"wp:term":[{"taxonomy":"category","embeddable":true,"href":"https:\/\/kamucalisani.net\/index.php\/wp-json\/wp\/v2\/categories?post=141528"},{"taxonomy":"post_tag","embeddable":true,"href":"https:\/\/kamucalisani.net\/index.php\/wp-json\/wp\/v2\/tags?post=141528"}],"curies":[{"name":"wp","href":"https:\/\/api.w.org\/{rel}","templated":true}]}}