{"id":141618,"date":"2025-11-20T20:12:31","date_gmt":"2025-11-20T20:12:31","guid":{"rendered":"https:\/\/kamucalisani.net\/?p=141618"},"modified":"2025-11-20T20:12:31","modified_gmt":"2025-11-20T20:12:31","slug":"tbmm-baskani-kurtulmus-somuncu-baba-613-vuslat-yil-donumu-anma-programina-katildi","status":"publish","type":"post","link":"https:\/\/kamucalisani.net\/index.php\/2025\/11\/20\/tbmm-baskani-kurtulmus-somuncu-baba-613-vuslat-yil-donumu-anma-programina-katildi\/","title":{"rendered":"TBMM Ba\u015fkan\u0131 Kurtulmu\u015f, Somuncu Baba 613. Vuslat Y\u0131l D\u00f6n\u00fcm\u00fc Anma Program\u0131&#8217;na kat\u0131ld\u0131"},"content":{"rendered":"<p><p>TBMM Ba\u015fkan\u0131 Numan Kurtulmu\u015f, Aksaray Spor Salonu&#8217;nda d\u00fczenlenen Somuncu Baba 613. Vuslat Y\u0131ld\u00f6n\u00fcm\u00fc 2. Anma Program\u0131&#8217;nda yapt\u0131\u011f\u0131 konu\u015fmada, Ruz-\u0131 Vuslat&#8217;\u0131n ikinci anma program\u0131n\u0131n icra edilmesinin fevkalade \u00f6nemli oldu\u011funu belirterek, program\u0131n geleneksel olarak s\u00fcrmesi temennisini dile getirdi.<\/p>\n<p>&#8220;G\u00fcn\u00fcm\u00fczde art\u0131k tamamen maneviyat\u0131n kurudu\u011fu, her \u015feyin mekanik bir \u015fekilde cereyan etti\u011fi bir d\u00fcnyada, Allah&#8217;a \u00e7ok \u015f\u00fck\u00fcr, bu topraklar\u0131n hemen her yerinde bize Allah&#8217;\u0131, kendimizi ve kendimize sahip \u00e7\u0131kmam\u0131z\u0131 hat\u0131rlatan Somuncu Baba gibi nice evliyalar, nice b\u00fcy\u00fckler vard\u0131r ve onlar\u0131n izleri vard\u0131r. Bu izleri takip edenlerden Allah raz\u0131 olsun. Ne mutlu bu izleri takip eden aziz milletimize, milletimizin evlatlar\u0131na.&#8221; diyerek s\u00f6zlerini s\u00fcrd\u00fcren Kurtulmu\u015f, Anadolu&#8217;nun, asl\u0131nda Horasan erenlerinin kar\u0131\u015f kar\u0131\u015f mayalad\u0131\u011f\u0131, maneviyat\u0131n\u0131 tesis etti\u011fi ve fethinin bile bu maneviyat\u0131n tesis edildikten sonra nasip oldu\u011fu kutlu bir diyar, mukaddes bir vatan oldu\u011funu belirtti.<\/p>\n<p>Sultan Alparslan&#8217;\u0131n, Anadolu topraklar\u0131n\u0131n kap\u0131s\u0131n\u0131 aziz millete a\u00e7madan \u00f6nce Anadolu topraklar\u0131nda M\u00fcsl\u00fcmanlar\u0131n, Horasan erenlerinin, g\u00f6n\u00fcl ehli olan insanlar\u0131n bulundu\u011funu ifade eden Kurtulmu\u015f, &#8220;San\u0131lmas\u0131n ki \u00f6nce k\u0131l\u0131\u00e7la fethedildi, sonra insanlar M\u00fcsl\u00fcman oldu. Asl\u0131nda bu ana yurdumuzun, Anadolu&#8217;muzun fethedilmesi \u00f6nce g\u00f6n\u00fclle oldu, maneviyatla oldu, k\u0131l\u0131\u00e7la ise g\u00f6r\u00fcnen \u015fekilde kap\u0131lar a\u00e7\u0131ld\u0131, \u015fehirler fethedildi. Bunun en basit \u00f6rne\u011fi, az evvel arkada\u015flar\u0131m\u0131z\u0131n da sayd\u0131\u011f\u0131 gibi Anadolu&#8217;nun hemen her yerinde ayak izlerini takip etmekten onur duydu\u011fumuz b\u00fcy\u00fck evliyaullah\u0131n, bu topraklara katt\u0131\u011f\u0131 fevkalade \u00f6nemli \u00f6zelliklerdir.&#8221; diye konu\u015ftu.<\/p>\n<p>Yunus Emre&#8217;nin, &#8220;B\u00f6l\u00fcn\u00fcrsek yok oluruz, b\u00f6l\u00fc\u015f\u00fcrsek \u00e7ok oluruz.&#8221; s\u00f6z\u00fcn\u00fc aktaran Kurtulmu\u015f, \u00e7ok basit bir dizenin, bug\u00fcn bile bir olmay\u0131, beraber olmay\u0131, g\u00fc\u00e7l\u00fc olmay\u0131 \u00f6\u011fretti\u011fini vurgulad\u0131.<\/p>\n<div>\n<div><img decoding=\"async\" src=\"https:\/\/kamucalisani.net\/wp-content\/uploads\/2025\/11\/tbmm-baskani-kurtulmus-somuncu-baba-613-vuslat-yil-donumu-anma-programina-katildi-0-yF7pNtXa.jpg\"\/><\/img><\/div>\n<\/div>\n<p>Hac\u0131 Bekta\u015f-i Veli&#8217;nin &#8220;Elinize, dilinize ve belinize sahip \u00e7\u0131k\u0131n&#8221; tavsiyesinin bir arada ya\u015faman\u0131n, birlikte olman\u0131n, sayg\u0131 ve sevgi i\u00e7erisinde ya\u015faman\u0131n alt\u0131n \u00f6\u011f\u00fcd\u00fc oldu\u011funu vurgulayan Kurtulmu\u015f, Hac\u0131 Bayram-\u0131 Veli&#8217;nin \u015fehirleri abat eden d\u00fc\u015f\u00fcncelerinin, M\u00fcsl\u00fcman \u015fehirlerinin nas\u0131l olmas\u0131 gerekti\u011fini bug\u00fcn bile \u00e7ok iyi \u015fekilde anlatt\u0131\u011f\u0131n\u0131 ifade etti.<\/p>\n<p>Somuncu Baba&#8217;n\u0131n da Anadolu&#8217;nun o b\u00fcy\u00fck manevi mimarlar\u0131ndan birisi oldu\u011funu belirten Kurtulmu\u015f, \u015f\u00f6yle devam etti:<\/p>\n<p>&#8220;Belki ya\u015fad\u0131\u011f\u0131 d\u00f6nemde \u00e7ok bilinmedi. S\u0131rr\u0131 nerede a\u00e7\u0131\u011fa \u00e7\u0131kt\u0131ysa \u015f\u00f6hretten ka\u00e7mak i\u00e7in oradan ka\u00e7t\u0131. Hep kendisini basit ve sade bir somuncu olarak tan\u0131tt\u0131. Kayseri&#8217;de ba\u015flayan hayat\u0131 Bursa&#8217;ya, Adana&#8217;ya, Darende&#8217;ye kadar ve en sonunda Aksaray&#8217;da son buldu. B\u00fct\u00fcn bu b\u00fcy\u00fck insanlar\u0131n hayat hikayesi, kitaplarda kalm\u0131\u015f tarihi \u015fahsiyetlerin hayat hikayeleri de\u011fildir. Bu insanlar\u0131n her birisi, \u00e7o\u011fu \u00fcmmi olsa da yani kitabi olarak okur yazar olmasa da her birisi tek ba\u015f\u0131na bir \u00fcniversitedir. Somuncu Baba bir mektepti, bir akademiydi, insanl\u0131\u011fa \u00f6\u011f\u00fctler veren bir b\u00fcy\u00fck manevi \u0131\u015f\u0131kt\u0131. B\u00fct\u00fcn bu Anadolu erenlerini, Horasan erenlerini rahmetle, minnetle, \u015f\u00fckranla an\u0131yoruz. Onlar\u0131n bu manevi \u00f6\u011fretileri, bize insanl\u0131\u011f\u0131m\u0131z\u0131 hat\u0131rlatan, \u00e7evresindekilere birli\u011fi, beraberli\u011fi hat\u0131rlatan o \u00f6\u011fretileri olmasayd\u0131 Anadolu halk\u0131 bug\u00fcn bile bu kadar diri, bu kadar zinde, bu kadar g\u00fc\u00e7l\u00fc bir \u015fekilde ayakta duramazd\u0131. Onlar\u0131n maneviyat\u0131 \u00f6n\u00fcnde sayg\u0131yla e\u011filiyoruz.&#8221;<\/p>\n<p>Kurtulmu\u015f, bug\u00fcn\u00fcn d\u00fcnyas\u0131nda ve \u00f6zellikle g\u00fcn\u00fcm\u00fcz T\u00fcrkiye&#8217;sinde bu b\u00fcy\u00fck zatlar\u0131n birli\u011fe, dirli\u011fe, beraberli\u011fe, karde\u015fli\u011fe \u00e7a\u011f\u0131ran tavsiyelerine, s\u00f6zlerine her zamankinden daha \u00e7ok ihtiyac\u0131n bulundu\u011funu vurgulad\u0131.<\/p>\n<p><strong>&#8220;ALLAH B\u0130RL\u0130KTEN, BERABERL\u0130KTEN AYIRMASIN&#8221;<\/strong><\/p>\n<p>TBMM Ba\u015fkan\u0131 Kurtulmu\u015f, \u015funlar\u0131 kaydetti: &#8220;Bir olal\u0131m, iri olal\u0131m, diri olal\u0131m tavsiyesi tam da 2025 y\u0131l\u0131n\u0131n sonuna geldi\u011fimiz bu d\u00f6nem i\u00e7in yap\u0131lm\u0131\u015f bir tavsiyedir. Aram\u0131zdaki b\u00fct\u00fcn farkl\u0131l\u0131klar\u0131 bir tarafa b\u0131rakaca\u011f\u0131z. Mezhep, me\u015frep farkl\u0131l\u0131klar\u0131n\u0131, etnik farkl\u0131l\u0131klar\u0131m\u0131z\u0131, siyasi farkl\u0131l\u0131klar\u0131m\u0131z\u0131 bir tarafa b\u0131rakaca\u011f\u0131z. Aziz milletimizin bir ve beraber olmas\u0131 i\u00e7in b\u00fcy\u00fck bir gayretle m\u00fccadele edece\u011fiz. Aram\u0131za sokulmak istenen fitneleri elimizin tersiyle kenara itece\u011fiz. \u00dclkemizin onlarca y\u0131l\u0131n\u0131, 50 y\u0131l\u0131n\u0131 alan ter\u00f6r belas\u0131n\u0131 bir kenara koyaca\u011f\u0131z ve ter\u00f6rs\u00fcz bir T\u00fcrkiye&#8217;yi hep beraber in\u015fa ederek birlik, beraberlik ve karde\u015flik i\u00e7inde yolumuza devam edece\u011fiz. Allah birlikten, beraberlikten ay\u0131rmas\u0131n. Bu \u00fclkeyi bu manevi omurgas\u0131ndan uzakla\u015ft\u0131rmas\u0131n. Bu anlamda bu aziz milleti Allah omurgas\u0131z b\u0131rakmas\u0131n. Bu vesileyle Hac\u0131 Bayram-\u0131 Veli&#8217;den, Hac\u0131 Bekta\u015f-i Veli&#8217;den, Yunus Emre&#8217;den, Tapduk Emre&#8217;den, Somuncu Baba&#8217;dan Mevlana&#8217;ya kadar, Ali Semerkandi&#8217;ye, Harekani Hazretleri&#8217;ne kadar bu co\u011frafyan\u0131n her yerinde bize kendini bilmeyi ve Rabb&#8217;ini bilmeyi doya doya \u00f6\u011fretmi\u015f olan b\u00fct\u00fcn g\u00f6n\u00fcl erlerini sevgiyle, rahmetle an\u0131yorum. Biliyoruz ki Allah&#8217;\u0131n dostlar\u0131 asla \u00f6l\u00fc de\u011fildir. Somuncu Baba&#8217;n\u0131n da dedi\u011fi gibi onlar \u00f6lmezler ve onlar\u0131n maneviyat\u0131 aram\u0131zda ya\u015far. Somuncu Baba&#8217;y\u0131, onun maneviyat\u0131n\u0131 sayg\u0131yla an\u0131yor, onun g\u00f6lgesinde bu g\u00fczel program\u0131 yapmam\u0131z\u0131 m\u00fcmk\u00fcn k\u0131lan, nasip eden Cenab\u0131allah&#8217;a sonsuz \u015f\u00fckranlar\u0131m\u0131 ifade ediyorum ve in\u015fallah gelecek y\u0131l \u00fc\u00e7\u00fcnc\u00fcs\u00fcn\u00fc \u00e7ok daha g\u00fczel bir \u015fekilde icra etmeyi Cenab\u0131allah nasip etsin diyerek sizlere selamlar\u0131m\u0131, sevgilerimi, birlik ve beraberlik duygular\u0131m\u0131 ifade ediyorum.&#8221;<\/p>\n<p>TBMM Ba\u015fkan\u0131 Kurtulmu\u015f&#8217;un konu\u015fmas\u0131n\u0131n ard\u0131ndan K\u00fclt\u00fcr ve Turizm Bakanl\u0131\u011f\u0131 Postni\u015fini Mehmet Fatih \u00c7\u0131tlak y\u00f6netiminde \u0130stanbul Meydan Me\u015fkleri Toplulu\u011fu taraf\u0131ndan Devran-\u0131 \u015eerif icra edildi.<\/p>\n<p>Leyl-\u00fc Nehar sohbetlerinin de yer ald\u0131\u011f\u0131 programda, sanat\u00e7\u0131 E\u015fraf Ziya konser verdi.<\/p>\n<p><strong>SOMUNCU BABA T\u00dcRBES\u0130&#8217;N\u0130 Z\u0130YARET<\/strong><\/p>\n<p>TBMM Ba\u015fkan\u0131 Numan Kurtulmu\u015f, program \u00f6ncesinde salon giri\u015finde a\u00e7\u0131lan Somuncu Baba Sergisi&#8217;ni gezdi. Kurtulmu\u015f, sergideki eserleri tek inceleyerek yetkililerden bilgi ald\u0131.<\/p>\n<p>TBMM Ba\u015fkan\u0131 Kurtulmu\u015f, program\u0131n ard\u0131ndan &#8220;Somuncu Baba&#8221; olarak da bilinen Hac\u0131 Bayram-\u0131 Veli&#8217;nin hocas\u0131, alim ve mutasavv\u0131f \u015eeyh Hamid-i Veli&#8217;nin Aksaray&#8217;daki k\u00fclliyesine ge\u00e7ti.<\/p>\n<p>K\u00fclliyede incelemede bulunan Kurtulmu\u015f, burada Somuncu Baba T\u00fcrbesi&#8217;nde dua etti.<\/p>\n\n<p><\/p>\n<p>Kaynak :\u00a0<span style=\"background-color: rgb(255, 249, 236); color: rgb(55, 58, 60); font-size: 14px;\">http:\/\/www.milliyet.com.tr\/gundem\/tbmm-baskani-kurtulmus-aksarayda-somuncu-baba-613-vuslat-yil-donumu-anma-programina-katildi-7487135<\/span><\/p>\n","protected":false},"excerpt":{"rendered":"<p>TBMM Ba\u015fkan\u0131 Numan Kurtulmu\u015f, &#8220;Bir olal\u0131m, iri olal\u0131m, diri olal\u0131m tavsiyesi tam da 2025 y\u0131l\u0131n\u0131n sonuna geldi\u011fimiz bu d\u00f6nem i\u00e7in yap\u0131lm\u0131\u015f bir tavsiyedir. Aram\u0131zdaki b\u00fct\u00fcn farkl\u0131l\u0131klar\u0131 bir tarafa b\u0131rakaca\u011f\u0131z. Mezhep, me\u015frep farkl\u0131l\u0131klar\u0131n\u0131, etnik farkl\u0131l\u0131klar\u0131m\u0131z\u0131, siyasi farkl\u0131l\u0131klar\u0131m\u0131z\u0131 bir tarafa b\u0131rakaca\u011f\u0131z.&#8221; dedi.<\/p>\n","protected":false},"author":1,"featured_media":141619,"comment_status":"open","ping_status":"open","sticky":false,"template":"","format":"standard","meta":{"footnotes":""},"categories":[3],"tags":[1641,1671,2024,9524,9525],"class_list":["post-141618","post","type-post","status-publish","format-standard","has-post-thumbnail","hentry","category-guncel","tag-anadolu","tag-beraber","tag-kurtulmus","tag-manevi","tag-somuncu-baba"],"_links":{"self":[{"href":"https:\/\/kamucalisani.net\/index.php\/wp-json\/wp\/v2\/posts\/141618","targetHints":{"allow":["GET"]}}],"collection":[{"href":"https:\/\/kamucalisani.net\/index.php\/wp-json\/wp\/v2\/posts"}],"about":[{"href":"https:\/\/kamucalisani.net\/index.php\/wp-json\/wp\/v2\/types\/post"}],"author":[{"embeddable":true,"href":"https:\/\/kamucalisani.net\/index.php\/wp-json\/wp\/v2\/users\/1"}],"replies":[{"embeddable":true,"href":"https:\/\/kamucalisani.net\/index.php\/wp-json\/wp\/v2\/comments?post=141618"}],"version-history":[{"count":1,"href":"https:\/\/kamucalisani.net\/index.php\/wp-json\/wp\/v2\/posts\/141618\/revisions"}],"predecessor-version":[{"id":141621,"href":"https:\/\/kamucalisani.net\/index.php\/wp-json\/wp\/v2\/posts\/141618\/revisions\/141621"}],"wp:featuredmedia":[{"embeddable":true,"href":"https:\/\/kamucalisani.net\/index.php\/wp-json\/wp\/v2\/media\/141619"}],"wp:attachment":[{"href":"https:\/\/kamucalisani.net\/index.php\/wp-json\/wp\/v2\/media?parent=141618"}],"wp:term":[{"taxonomy":"category","embeddable":true,"href":"https:\/\/kamucalisani.net\/index.php\/wp-json\/wp\/v2\/categories?post=141618"},{"taxonomy":"post_tag","embeddable":true,"href":"https:\/\/kamucalisani.net\/index.php\/wp-json\/wp\/v2\/tags?post=141618"}],"curies":[{"name":"wp","href":"https:\/\/api.w.org\/{rel}","templated":true}]}}