{"id":141641,"date":"2025-11-20T20:54:29","date_gmt":"2025-11-20T20:54:29","guid":{"rendered":"https:\/\/kamucalisani.net\/?p=141641"},"modified":"2025-11-20T20:54:29","modified_gmt":"2025-11-20T20:54:29","slug":"mardinde-olduruldukten-sonra-yanmis-cesedi-bulunmustu-cenazesi-defnedildi","status":"publish","type":"post","link":"https:\/\/kamucalisani.net\/index.php\/2025\/11\/20\/mardinde-olduruldukten-sonra-yanmis-cesedi-bulunmustu-cenazesi-defnedildi\/","title":{"rendered":"Mardin&#8217;de \u00f6ld\u00fcr\u00fcld\u00fckten sonra yanm\u0131\u015f cesedi bulunmu\u015ftu; cenazesi defnedildi"},"content":{"rendered":"<p><p>Nusaybin il\u00e7esi D\u00fczce Mahallesi k\u0131rsal\u0131nda 2 Ekim\u2019de ate\u015fli silahla vurulduktan sonra yak\u0131lm\u0131\u015f erkek cesedi bulundu. Olay yerinde tespit edilen 3 anahtardan yola \u00e7\u0131kan \u0130l Jandarma Komutanl\u0131\u011f\u0131 ekipleri, cesedin 3 Haziran\u2019dan beri kay\u0131p olan Ramazan Er\u2019e ait oldu\u011funu belirledi. Jandarma Bili\u015fim Sistemleri \u00fczerinden yap\u0131lan analizlerle belirlenen 14 \u015f\u00fcpheli, g\u00f6zalt\u0131na al\u0131nd\u0131. Ramazan Er\u2019in alacak meselesi nedeniyle otomobilde \u00f6ld\u00fcr\u00fcld\u00fc\u011f\u00fc, cesedin D\u00fczce Mahallesi k\u0131rsal\u0131nda yak\u0131ld\u0131\u011f\u0131 belirlendi. \u0130\u015flemlerinin ard\u0131ndan sevk edildikleri adliyede mahkemeye \u00e7\u0131kar\u0131lan 14 \u015f\u00fcpheliden 3\u2019\u00fc tutukland\u0131, 1\u2019i hakk\u0131nda adli kontrol karar\u0131 verildi. Di\u011fer \u015f\u00fcpheliler ise serbest b\u0131rak\u0131ld\u0131.<\/p>\n<p>\u0130stanbul Adli T\u0131p Kurumu\u2019nda otopsi i\u015flemleri biten Ramazan Er&#8217;in cenazesi, ailesine teslim edildi. Nusaybin il\u00e7esine getirilen Ramazan Er\u2019in cenazesi, Yeni Mohris Mezarl\u0131\u011f\u0131\u2019nda defnedildi.<\/p>\n\n<p><\/p>\n<p>Kaynak :\u00a0<span style=\"background-color: rgb(255, 249, 236); color: rgb(55, 58, 60); font-size: 14px;\">http:\/\/www.milliyet.com.tr\/gundem\/mardinde-olduruldukten-sonra-yanmis-cesedi-bulunmustu-cenazesi-defnedildi-7487161<\/span><\/p>\n","protected":false},"excerpt":{"rendered":"<p>Mardin&#8217;in Nusaybin il\u00e7esi k\u0131rsal\u0131nda silahla vurulduktan sonra cesedi yanm\u0131\u015f halde bulunan ve olay yerindeki 3 anahtardan yola \u00e7\u0131k\u0131larak kimli\u011fi belirlenen Ramazan Er, \u0130stanbul Adli T\u0131p Kurumu\u2019ndaki otopsi i\u015flemlerinin ard\u0131ndan defnedildi.<\/p>\n","protected":false},"author":1,"featured_media":141642,"comment_status":"open","ping_status":"open","sticky":false,"template":"","format":"standard","meta":{"footnotes":""},"categories":[3],"tags":[],"class_list":["post-141641","post","type-post","status-publish","format-standard","has-post-thumbnail","hentry","category-guncel"],"_links":{"self":[{"href":"https:\/\/kamucalisani.net\/index.php\/wp-json\/wp\/v2\/posts\/141641","targetHints":{"allow":["GET"]}}],"collection":[{"href":"https:\/\/kamucalisani.net\/index.php\/wp-json\/wp\/v2\/posts"}],"about":[{"href":"https:\/\/kamucalisani.net\/index.php\/wp-json\/wp\/v2\/types\/post"}],"author":[{"embeddable":true,"href":"https:\/\/kamucalisani.net\/index.php\/wp-json\/wp\/v2\/users\/1"}],"replies":[{"embeddable":true,"href":"https:\/\/kamucalisani.net\/index.php\/wp-json\/wp\/v2\/comments?post=141641"}],"version-history":[{"count":1,"href":"https:\/\/kamucalisani.net\/index.php\/wp-json\/wp\/v2\/posts\/141641\/revisions"}],"predecessor-version":[{"id":141643,"href":"https:\/\/kamucalisani.net\/index.php\/wp-json\/wp\/v2\/posts\/141641\/revisions\/141643"}],"wp:featuredmedia":[{"embeddable":true,"href":"https:\/\/kamucalisani.net\/index.php\/wp-json\/wp\/v2\/media\/141642"}],"wp:attachment":[{"href":"https:\/\/kamucalisani.net\/index.php\/wp-json\/wp\/v2\/media?parent=141641"}],"wp:term":[{"taxonomy":"category","embeddable":true,"href":"https:\/\/kamucalisani.net\/index.php\/wp-json\/wp\/v2\/categories?post=141641"},{"taxonomy":"post_tag","embeddable":true,"href":"https:\/\/kamucalisani.net\/index.php\/wp-json\/wp\/v2\/tags?post=141641"}],"curies":[{"name":"wp","href":"https:\/\/api.w.org\/{rel}","templated":true}]}}