{"id":141696,"date":"2025-11-20T22:24:39","date_gmt":"2025-11-20T22:24:39","guid":{"rendered":"https:\/\/kamucalisani.net\/?p=141696"},"modified":"2025-11-20T22:24:39","modified_gmt":"2025-11-20T22:24:39","slug":"dugun-salonu-onunde-davetliler-birbirine-girdi-ortalik-savas-alanina-dondu-1-olu-3-yarali","status":"publish","type":"post","link":"https:\/\/kamucalisani.net\/index.php\/2025\/11\/20\/dugun-salonu-onunde-davetliler-birbirine-girdi-ortalik-savas-alanina-dondu-1-olu-3-yarali\/","title":{"rendered":"D\u00fc\u011f\u00fcn salonu \u00f6n\u00fcnde davetliler birbirine girdi, ortal\u0131k sava\u015f alan\u0131na d\u00f6nd\u00fc: 1 \u00f6l\u00fc, 3 yaral\u0131"},"content":{"rendered":"<p><p>Olay, ak\u015fam saatlerinde Kayap\u0131nar il\u00e7esi F\u0131rat Mahallesi\u2019nde bulunan bir d\u00fc\u011f\u00fcn salonu \u00f6n\u00fcnde meydana geldi. Davetliler aras\u0131nda hen\u00fcz bilinmeyen nedenle \u00e7\u0131kan tart\u0131\u015fma k\u0131sa s\u00fcrede silahl\u0131 kavgaya d\u00f6n\u00fc\u015ft\u00fc. Silah sesleri di\u011fer davetliler aras\u0131nda endi\u015feye neden olurken, kavgada gelinin amcas\u0131 Hasan Demir\u2019le birlikte 4 ki\u015fi yaraland\u0131. \u0130hbar \u00fczerine b\u00f6lgeye sa\u011fl\u0131k ve polis ekipleri sevk edildi. Hasan Demir, hastanede yap\u0131lan m\u00fcdahaleye ra\u011fmen kurtar\u0131lamad\u0131. Yaral\u0131lardan birinin hayati tehlikesinin oldu\u011fu belirtildi. Baz\u0131 ki\u015filer g\u00f6zalt\u0131na al\u0131n\u0131rken olayla ilgili soru\u015fturma ba\u015flat\u0131ld\u0131.<\/p>\n<p><strong>KAVGA ANI KAMERADA<\/strong><\/p>\n<p>\u00d6te yandan, kavga anlar\u0131 cep telefonu kameras\u0131na yans\u0131d\u0131. G\u00f6r\u00fcnt\u00fclerde, kavga eden taraflar\u0131n aras\u0131na ko\u015farak gelen ve elinde tabanca bulunan 1 ki\u015fi, hedef alarak birine pe\u015f pe\u015fe ate\u015f ediyor. Kur\u015funlar\u0131n hedefi olan ki\u015fi yere y\u0131\u011f\u0131l\u0131rken, \u015f\u00fcpheli de ka\u00e7\u0131yor. Olayla ilgili soru\u015fturma s\u00fcrd\u00fcr\u00fcl\u00fcyor.<\/p>\n\n<p><\/p>\n<p>Kaynak :\u00a0<span style=\"background-color: rgb(255, 249, 236); color: rgb(55, 58, 60); font-size: 14px;\">http:\/\/www.milliyet.com.tr\/gundem\/dugun-salonu-onunde-davetliler-birbirine-girdi-ortalik-savas-alanina-dondu-1-olu-3-yarali-7487198<\/span><\/p>\n","protected":false},"excerpt":{"rendered":"<p>Diyarbak\u0131r\u2019da bir d\u00fc\u011f\u00fcn salonu \u00f6n\u00fcnde davetliler aras\u0131nda \u00e7\u0131kan silahl\u0131 kavgada gelinin amcas\u0131 Hasan Demir \u00f6ld\u00fc, 1\u2019i a\u011f\u0131r 3 ki\u015fi yaraland\u0131. Ya\u015fanan o anlar ise kameraya yans\u0131d\u0131.<\/p>\n","protected":false},"author":1,"featured_media":141697,"comment_status":"open","ping_status":"open","sticky":false,"template":"","format":"standard","meta":{"footnotes":""},"categories":[3],"tags":[1724],"class_list":["post-141696","post","type-post","status-publish","format-standard","has-post-thumbnail","hentry","category-guncel","tag-kavga"],"_links":{"self":[{"href":"https:\/\/kamucalisani.net\/index.php\/wp-json\/wp\/v2\/posts\/141696","targetHints":{"allow":["GET"]}}],"collection":[{"href":"https:\/\/kamucalisani.net\/index.php\/wp-json\/wp\/v2\/posts"}],"about":[{"href":"https:\/\/kamucalisani.net\/index.php\/wp-json\/wp\/v2\/types\/post"}],"author":[{"embeddable":true,"href":"https:\/\/kamucalisani.net\/index.php\/wp-json\/wp\/v2\/users\/1"}],"replies":[{"embeddable":true,"href":"https:\/\/kamucalisani.net\/index.php\/wp-json\/wp\/v2\/comments?post=141696"}],"version-history":[{"count":1,"href":"https:\/\/kamucalisani.net\/index.php\/wp-json\/wp\/v2\/posts\/141696\/revisions"}],"predecessor-version":[{"id":141698,"href":"https:\/\/kamucalisani.net\/index.php\/wp-json\/wp\/v2\/posts\/141696\/revisions\/141698"}],"wp:featuredmedia":[{"embeddable":true,"href":"https:\/\/kamucalisani.net\/index.php\/wp-json\/wp\/v2\/media\/141697"}],"wp:attachment":[{"href":"https:\/\/kamucalisani.net\/index.php\/wp-json\/wp\/v2\/media?parent=141696"}],"wp:term":[{"taxonomy":"category","embeddable":true,"href":"https:\/\/kamucalisani.net\/index.php\/wp-json\/wp\/v2\/categories?post=141696"},{"taxonomy":"post_tag","embeddable":true,"href":"https:\/\/kamucalisani.net\/index.php\/wp-json\/wp\/v2\/tags?post=141696"}],"curies":[{"name":"wp","href":"https:\/\/api.w.org\/{rel}","templated":true}]}}