{"id":143668,"date":"2025-11-24T16:30:10","date_gmt":"2025-11-24T16:30:10","guid":{"rendered":"https:\/\/kamucalisani.net\/?p=143668"},"modified":"2025-11-24T16:30:10","modified_gmt":"2025-11-24T16:30:10","slug":"ferdi-zeyrekin-esi-ve-kizi-olay-gununu-anlatti-elektrik-akimini-hissettim","status":"publish","type":"post","link":"https:\/\/kamucalisani.net\/index.php\/2025\/11\/24\/ferdi-zeyrekin-esi-ve-kizi-olay-gununu-anlatti-elektrik-akimini-hissettim\/","title":{"rendered":"Ferdi Zeyrek&#8217;in e\u015fi ve k\u0131z\u0131 olay g\u00fcn\u00fcn\u00fc anlatt\u0131! &#8216;Elektrik ak\u0131m\u0131n\u0131 hissettim&#8217;"},"content":{"rendered":"<p><p>Manisa B\u00fcy\u00fck\u015fehir Belediye Ba\u015fkan\u0131 Ferdi Zeyrek\u2019in Kurban Bayram\u0131\u2019n\u0131n 1. g\u00fcn\u00fc 6 Haziran 2025 gecesi evinin havuzundaki ar\u0131zay\u0131 kontrol etmek isterken elektrik ak\u0131m\u0131na kap\u0131larak a\u011f\u0131r yaralanmas\u0131 ve ard\u0131ndan kald\u0131r\u0131ld\u0131\u011f\u0131 Manisa Celal Bayar \u00dcniversitesi Hafsa Sultan Hastanesi&#8217;nde 9 Haziran g\u00fcn\u00fc hayat\u0131n\u0131 kaybetmesine ili\u015fkin y\u00fcr\u00fct\u00fclen soru\u015fturma kapsam\u0131nda 2\u2019si tutuklu 10 ki\u015fi, 5 Aral\u0131k g\u00fcn\u00fc mahkemede hakim kar\u015f\u0131s\u0131na \u00e7\u0131kacak. Manisa 5. A\u011f\u0131r Ceza Mahkemesince kabul edilen iddianamede, e\u015fi Nurcan Zeyrek ile k\u0131z\u0131 Nehir Zeyrek\u2019in ifadeleri ortaya \u00e7\u0131kt\u0131. Ba\u015fkan Zeyrek\u2019in k\u0131z\u0131yla birlikte havuz suyunun bulan\u0131k olmas\u0131yla ilgili konu\u015ftu\u011funu ve Ba\u015fkan Zeyrek\u2019in &#8220;Ben halledece\u011fim&#8221; dedi\u011fini duydu\u011funu belirten Nurcan Zeyrek, &#8220;Nehir ile e\u015fimin suyun neden bulan\u0131k oldu\u011funa dair konu\u015ftuklar\u0131n\u0131 duydum. E\u015fim, Nehir&#8217;e &#8216;Ben halledece\u011fim&#8217; dedi. Nehir odas\u0131na \u00e7\u0131kt\u0131. E\u015fim de bana &#8216;Muhtemelen motor \u00e7al\u0131\u015fm\u0131yor&#8217; dedi&#8221; ifadelerini kulland\u0131.<\/p>\n<p>\u0130kiz k\u0131zlar\u0131n\u0131 uyutmak \u00fczere \u00fcst kata \u00e7\u0131kt\u0131\u011f\u0131 s\u0131rada d\u0131\u015far\u0131dan ac\u0131 bir ses duydu\u011funu ve pencereden bakt\u0131\u011f\u0131nda havuzun motor b\u00f6l\u00fcm\u00fcne a\u00e7\u0131lan kap\u0131n\u0131n a\u00e7\u0131k oldu\u011funu g\u00f6r\u00fcnce e\u015fi Ferdi Zeyrek\u2019in d\u00fc\u015fm\u00fc\u015f olabilece\u011fini d\u00fc\u015f\u00fcnd\u00fc\u011f\u00fcn\u00fc belirten Nurcan Zeyrek, h\u0131zla a\u015fa\u011f\u0131 indi\u011fi enerji odas\u0131nda e\u015fi Ferdi Zeyrek\u2019in hareketsiz bir \u015fekilde yatt\u0131\u011f\u0131n\u0131, e\u015finin tepki vermemesi \u00fczerine yukar\u0131 \u00e7\u0131karak ambulansa haber verdiklerini aktard\u0131.<\/p>\n<p><strong>&#8220;ELEKTR\u0130K AKIMINI H\u0130SSETT\u0130M&#8221;<\/strong><\/p>\n<p>Nurcan Zeyrek ifadesinde \u015fu ifadelere yer verdi:<\/p>\n<p>&#8220;E\u015fimin yan\u0131na gittim. Merdivenin demirini elledi\u011fimde elektrik ak\u0131m\u0131n\u0131 hissettim. Bu esnada aya\u011f\u0131mda terlik vard\u0131. E\u015fimin aya\u011f\u0131 merdivene s\u0131k\u0131\u015fm\u0131\u015f vaziyetteydi. Hafif bir c\u0131z\u0131rt\u0131 sesi de duydum. Ko\u015farak eve d\u00f6n\u00fcp b\u00fct\u00fcn \u015falterleri kapatt\u0131m. Sonra e\u015fimin yan\u0131na geri d\u00f6n\u00fcp emin olmak i\u00e7in metal merdivene tekrar dokundum. Bu sefer elektrik ak\u0131m\u0131 yoktu.&#8221;<\/p>\n<p><strong>\u0130KAMETE TA\u015eINDIKLARINDAN BER\u0130 ELEKTR\u0130K ARIZALARI YA\u015eANIYORDU<\/strong><\/p>\n<p>\u00d6nce e\u015fi Ferdi Zeyrek\u2019e nab\u0131z kontrol\u00fc yapt\u0131klar\u0131n\u0131, ard\u0131ndan olay yerine itfaiye ve ambulans ekiplerinin geldi\u011fini belirten Nurcan Zeyrek, ekiplerin e\u015fine kalp masaj\u0131 ve oksijen deste\u011fi uygulad\u0131\u011f\u0131n\u0131, nabz\u0131n\u0131n gelmesi \u00fczerine e\u015finin ambulansla hastaneye sevk edildi\u011fini aktard\u0131. Nurcan Zeyrek, eve ta\u015f\u0131nd\u0131klar\u0131ndan olay g\u00fcn\u00fcne kadar s\u0131kl\u0131kla elektrik ar\u0131zalar\u0131 ya\u015fand\u0131\u011f\u0131n\u0131, \u015falterlerin att\u0131\u011f\u0131n\u0131 ve ge\u00e7mi\u015f d\u00f6nemlerde eve bir\u00e7ok elektrik\u00e7inin geldi\u011fini belirterek, kom\u015fular\u0131n da benzer sorunlar ya\u015fad\u0131\u011f\u0131n\u0131 s\u00f6yledi. Nurcan Zeyrek, e\u015finin \u00f6l\u00fcm\u00fcnde kusuru veya ihmali olan ki\u015fi ya da ki\u015filerin tespit edilerek cezaland\u0131r\u0131lmas\u0131n\u0131 talep etti.<\/p>\n<p><strong>&#8220;BU HAVUZ N\u0130YE B\u00d6YLE BULANIK&#8221; D\u0130YE SORMU\u015e<\/strong><\/p>\n<p>Merhum ba\u015fkan Ferdi Zeyrek\u2019in k\u0131z\u0131 Nehir Zeyrek ise iddianamedeki ifadelerinde \u015fu s\u00f6zleri kulland\u0131:<\/p>\n<p>&#8220;Babam bizim bah\u00e7edeydi, bu \u015fahs\u0131 g\u00f6r\u00fcnce &#8216;Birader bir bakar m\u0131s\u0131n&#8217; dedi. Sonra adam yakla\u015f\u0131nca babamla konu\u015fmaya ba\u015flad\u0131lar. Babam &#8216;Bu havuz neden hala b\u00f6yle, suyu niye bulan\u0131k?&#8217; dedi. Bunun \u00fczerine ismini bilmedi\u011fim \u015fah\u0131s, &#8216;Ben Yal\u00e7\u0131n Bey&#8217;le yeni konu\u015ftum, bak\u0131mlar yap\u0131ld\u0131. Ben havuzu temizledim, klorunu att\u0131m, gerekli olan t\u00fcm bak\u0131mlar\u0131n\u0131 yapt\u0131m&#8217; dedi\u011fini duydum. Devam\u0131nda babam biraz sinirlenince &#8216;\u0130stiyorsan\u0131z bir daha ben de bakay\u0131m fakat birka\u00e7 saate su kendine gelir&#8217; dedi. Babam da &#8216;Tamam birader sen \u00f6yle diyorsan \u00f6yledir, bekleyelim&#8217; dedi.&#8221;<\/p>\n<p>Olay\u0131n ya\u015fand\u0131\u011f\u0131 g\u00fcn ailecek bah\u00e7ede oturduklar\u0131n\u0131 belirten Nehir Zeyrek, babas\u0131n\u0131n havuzun bulan\u0131kl\u0131\u011f\u0131ndan \u015fikayet etti\u011fini, kendisinin odas\u0131na \u00e7\u0131karak film izledi\u011fini, saat 23.31 s\u0131ralar\u0131nda bir \u00e7\u0131\u011fl\u0131k duydu\u011funu ve annesinin &#8220;Baban d\u00fc\u015ft\u00fc&#8221; diye ba\u011f\u0131rmas\u0131 \u00fczerine a\u015fa\u011f\u0131 inerek 112\u2019ye durumu bildirdi\u011fini anlatt\u0131. Nehir Zeyrek, elektrik \u00e7arpmas\u0131 oldu\u011funu anlad\u0131klar\u0131n\u0131, hemen evdeki \u015falterleri kapatt\u0131klar\u0131n\u0131 ve sonras\u0131nda gelen sa\u011fl\u0131k ekiplerinin babas\u0131na kalp masaj\u0131 uygulad\u0131\u011f\u0131n\u0131 anlatt\u0131.<\/p>\n\n<p><\/p>\n<p>Kaynak :\u00a0<span style=\"background-color: rgb(255, 249, 236); color: rgb(55, 58, 60); font-size: 14px;\">http:\/\/www.milliyet.com.tr\/gundem\/ferdi-zeyrekin-esi-ve-kizi-olay-gununu-anlatti-elektrik-akimini-hissettim-7489340<\/span><\/p>\n","protected":false},"excerpt":{"rendered":"<p>Manisa B\u00fcy\u00fck\u015fehir Belediye Ba\u015fkan\u0131 Ferdi Zeyrek\u2019in evinin havuzunda meydana gelen ar\u0131zay\u0131 kontrol etmek isterken elektrik ak\u0131m\u0131na kap\u0131larak hayat\u0131n\u0131 kaybetmesine ili\u015fkin 5 Aral\u0131k\u2019ta g\u00f6r\u00fclecek 2\u2019si tutuklu 10 san\u0131kl\u0131 dava \u00f6ncesi e\u015fi Nurcan Zeyrek ile k\u0131z\u0131 Nehir Zeyrek\u2019in ifadeleri ortaya \u00e7\u0131kt\u0131. \u0130ddianamede Nurcan Zeyrek\u2019in &#8220;E\u015fimin yan\u0131na gittim. Merdivenin demirini elledi\u011fimde elektrik ak\u0131m\u0131n\u0131 hissettim. Bu esnada aya\u011f\u0131mda terlik vard\u0131. E\u015fimin aya\u011f\u0131 merdivene s\u0131k\u0131\u015fm\u0131\u015f vaziyetteydi&#8221; \u015feklinde ifade verdi\u011fi \u00f6\u011frenildi.<\/p>\n","protected":false},"author":1,"featured_media":143669,"comment_status":"open","ping_status":"open","sticky":false,"template":"","format":"standard","meta":{"footnotes":""},"categories":[3],"tags":[412,178,5809,1515,9636],"class_list":["post-143668","post","type-post","status-publish","format-standard","has-post-thumbnail","hentry","category-guncel","tag-elektrik","tag-gun","tag-havuz","tag-nehir","tag-nurcan-zeyrek"],"_links":{"self":[{"href":"https:\/\/kamucalisani.net\/index.php\/wp-json\/wp\/v2\/posts\/143668","targetHints":{"allow":["GET"]}}],"collection":[{"href":"https:\/\/kamucalisani.net\/index.php\/wp-json\/wp\/v2\/posts"}],"about":[{"href":"https:\/\/kamucalisani.net\/index.php\/wp-json\/wp\/v2\/types\/post"}],"author":[{"embeddable":true,"href":"https:\/\/kamucalisani.net\/index.php\/wp-json\/wp\/v2\/users\/1"}],"replies":[{"embeddable":true,"href":"https:\/\/kamucalisani.net\/index.php\/wp-json\/wp\/v2\/comments?post=143668"}],"version-history":[{"count":1,"href":"https:\/\/kamucalisani.net\/index.php\/wp-json\/wp\/v2\/posts\/143668\/revisions"}],"predecessor-version":[{"id":143670,"href":"https:\/\/kamucalisani.net\/index.php\/wp-json\/wp\/v2\/posts\/143668\/revisions\/143670"}],"wp:featuredmedia":[{"embeddable":true,"href":"https:\/\/kamucalisani.net\/index.php\/wp-json\/wp\/v2\/media\/143669"}],"wp:attachment":[{"href":"https:\/\/kamucalisani.net\/index.php\/wp-json\/wp\/v2\/media?parent=143668"}],"wp:term":[{"taxonomy":"category","embeddable":true,"href":"https:\/\/kamucalisani.net\/index.php\/wp-json\/wp\/v2\/categories?post=143668"},{"taxonomy":"post_tag","embeddable":true,"href":"https:\/\/kamucalisani.net\/index.php\/wp-json\/wp\/v2\/tags?post=143668"}],"curies":[{"name":"wp","href":"https:\/\/api.w.org\/{rel}","templated":true}]}}