{"id":144615,"date":"2025-11-26T13:18:08","date_gmt":"2025-11-26T13:18:08","guid":{"rendered":"https:\/\/kamucalisani.net\/?p=144615"},"modified":"2025-11-26T13:18:08","modified_gmt":"2025-11-26T13:18:08","slug":"besiktastan-atilla-karaoglan-aciklamasi","status":"publish","type":"post","link":"https:\/\/kamucalisani.net\/index.php\/2025\/11\/26\/besiktastan-atilla-karaoglan-aciklamasi\/","title":{"rendered":"Be\u015fikta\u015f&#8217;tan Atilla Karao\u011flan a\u00e7\u0131klamas\u0131!"},"content":{"rendered":"<p><p>S\u00fcper Lig&#8217;de Be\u015fikta\u015f&#8217;\u0131n Samsunspor ma\u00e7\u0131n\u0131 y\u00f6neten ve VAR incelemesine davet edildikten sonra karar\u0131nda kalan\u00a0 hakem Atilla Karao\u011flan ile ilgili siyah-beyazl\u0131 kul\u00fcpten a\u00e7\u0131klama geldi.<\/p>\n<p><strong>\u0130\u015eTE O A\u00c7IKLAMA<\/strong><\/p>\n<p>Futbol A Tak\u0131m\u0131m\u0131z\u0131n Trendyol S\u00fcper Lig\u2019in 13. haftas\u0131nda Samsunspor\u2019la oynad\u0131\u011f\u0131 m\u00fcsabakan\u0131n 36. dakikas\u0131nda lehimize verilmeyen penalt\u0131ya ili\u015fkin pozisyonun VAR kay\u0131tlar\u0131 T\u00fcrkiye Futbol Federasyonu taraf\u0131ndan a\u00e7\u0131kland\u0131 ve hakem Atilla Karao\u011flan\u2019\u0131n penalt\u0131m\u0131z\u0131 vermemek i\u00e7in sergiledi\u011fi \u00fcst\u00fcn performans\u0131 t\u00fcm T\u00fcrkiye izledi.<\/p>\n<p>Kamuoyuyla payla\u015f\u0131lan VAR kay\u0131tlar\u0131n\u0131 izlerken; kavram karga\u015fas\u0131 ya\u015fayan ve hatas\u0131n\u0131 fark ettikten sonra d\u00fczeltmeye \u00e7al\u0131\u015fan Karao\u011flan\u2019\u0131n penalt\u0131m\u0131z\u0131 vermemek i\u00e7in ya\u015fad\u0131\u011f\u0131 ac\u0131nas\u0131 mazeret \u00fcretme pani\u011fine T\u00fcrk hakemli\u011fi ad\u0131na \u00fcz\u00fclerek \u015fahitlik ettik.<\/p>\n<p>S\u00f6z konusu pozisyonda oyuncu dizini kol hizas\u0131na kald\u0131rm\u0131\u015f ve abart\u0131l\u0131 \u015fekilde a\u00e7t\u0131\u011f\u0131 kolunu topa m\u00fcdahale etme amac\u0131yla y\u00f6nlendirmi\u015ftir. Bu durumda topun bilerek oynanmas\u0131 ya da dizden sekmesi dikkate al\u0131nmaz.<\/p>\n<p>Akan oyunda pozisyonu s\u00fczemeyen, sonras\u0131nda VAR monit\u00f6r\u00fcnde de\u011fi\u015fik a\u00e7\u0131lardan tekrar tekrar izledi\u011fi net bir pozisyonda penalt\u0131 karar\u0131 vermemek i\u00e7in kavramlar\u0131 \u00e7orba yapan hakem Atilla Karao\u011flan, ma\u00e7\u0131n kaderine direkt olarak etki etmi\u015ftir.<\/p>\n<p>Merkez Hakem Kurulu da kul\u00fcb\u00fcm\u00fcze kar\u015f\u0131 sergiledi\u011fi negatif tutum art\u0131k sa\u011f\u0131r sultan\u0131n dahi malumu olan Karao\u011flan\u2019\u0131 ma\u00e7\u0131m\u0131za atayarak bu skandala \u00e7anak tutmu\u015ftur.\u00a0<\/p>\n<p>Be\u015fikta\u015f JK olarak; hakemlik yapmak i\u00e7in yeterli e\u011fitime sahip olmad\u0131\u011f\u0131na ve daha da \u00f6nemlisi k\u00f6t\u00fc niyetli oldu\u011funa inand\u0131\u011f\u0131m\u0131z Atilla Karao\u011flan\u2019\u0131 sezonun geri kalan\u0131nda dikkatle takip edece\u011fiz.<\/p>\n\n<p><\/p>\n<p>Kaynak :\u00a0<span style=\"background-color: rgb(255, 249, 236); color: rgb(55, 58, 60); font-size: 14px;\">http:\/\/www.milliyet.com.tr\/skorer\/besiktastan-atilla-karaoglan-aciklamasi-7490681<\/span><\/p>\n","protected":false},"excerpt":{"rendered":"<p>S\u00fcper Lig&#8217;deki Samsunspor ma\u00e7\u0131ndan 1-1&#8217;lik beraberlikle ayr\u0131lan Be\u015fikta\u015f&#8217;ta VAR kay\u0131tlar\u0131n\u0131n a\u00e7\u0131klanmas\u0131n\u0131n ard\u0131ndan hakem Atilla Karao\u011flan&#8217;a tepki geldi.<\/p>\n","protected":false},"author":1,"featured_media":144616,"comment_status":"open","ping_status":"open","sticky":false,"template":"","format":"standard","meta":{"footnotes":""},"categories":[7],"tags":[1309,9699],"class_list":["post-144615","post","type-post","status-publish","format-standard","has-post-thumbnail","hentry","category-spor","tag-hakem","tag-karaoglan"],"_links":{"self":[{"href":"https:\/\/kamucalisani.net\/index.php\/wp-json\/wp\/v2\/posts\/144615","targetHints":{"allow":["GET"]}}],"collection":[{"href":"https:\/\/kamucalisani.net\/index.php\/wp-json\/wp\/v2\/posts"}],"about":[{"href":"https:\/\/kamucalisani.net\/index.php\/wp-json\/wp\/v2\/types\/post"}],"author":[{"embeddable":true,"href":"https:\/\/kamucalisani.net\/index.php\/wp-json\/wp\/v2\/users\/1"}],"replies":[{"embeddable":true,"href":"https:\/\/kamucalisani.net\/index.php\/wp-json\/wp\/v2\/comments?post=144615"}],"version-history":[{"count":1,"href":"https:\/\/kamucalisani.net\/index.php\/wp-json\/wp\/v2\/posts\/144615\/revisions"}],"predecessor-version":[{"id":144617,"href":"https:\/\/kamucalisani.net\/index.php\/wp-json\/wp\/v2\/posts\/144615\/revisions\/144617"}],"wp:featuredmedia":[{"embeddable":true,"href":"https:\/\/kamucalisani.net\/index.php\/wp-json\/wp\/v2\/media\/144616"}],"wp:attachment":[{"href":"https:\/\/kamucalisani.net\/index.php\/wp-json\/wp\/v2\/media?parent=144615"}],"wp:term":[{"taxonomy":"category","embeddable":true,"href":"https:\/\/kamucalisani.net\/index.php\/wp-json\/wp\/v2\/categories?post=144615"},{"taxonomy":"post_tag","embeddable":true,"href":"https:\/\/kamucalisani.net\/index.php\/wp-json\/wp\/v2\/tags?post=144615"}],"curies":[{"name":"wp","href":"https:\/\/api.w.org\/{rel}","templated":true}]}}