{"id":144887,"date":"2025-11-26T22:54:09","date_gmt":"2025-11-26T22:54:09","guid":{"rendered":"https:\/\/kamucalisani.net\/?p=144887"},"modified":"2025-11-26T22:54:09","modified_gmt":"2025-11-26T22:54:09","slug":"bakan-memisoglu-kktcli-mevkidasi-dincyurek-ile-bir-araya-geldi","status":"publish","type":"post","link":"https:\/\/kamucalisani.net\/index.php\/2025\/11\/26\/bakan-memisoglu-kktcli-mevkidasi-dincyurek-ile-bir-araya-geldi\/","title":{"rendered":"Bakan Memi\u015fo\u011flu, KKTC&#8217;li mevkida\u015f\u0131 Din\u00e7y\u00fcrek ile bir araya geldi"},"content":{"rendered":"<p><p>Bakan Memi\u015fo\u011flu, g\u00f6r\u00fc\u015fmeye ili\u015fkin NSosyal hesab\u0131ndan yapt\u0131\u011f\u0131 payla\u015f\u0131mda \u015funlar\u0131 kaydetti:<\/p>\n<p>&#8220;Kuzey K\u0131br\u0131s T\u00fcrk Cumhuriyeti Sa\u011fl\u0131k Bakan\u0131 Say\u0131n Hakan Din\u00e7y\u00fcrek ile bir araya gelmekten b\u00fcy\u00fck memnuniyet duydum. G\u00f6r\u00fc\u015fmemizde \u00fclkelerimizin sa\u011fl\u0131k alan\u0131nda y\u00fcr\u00fctt\u00fc\u011f\u00fc mevcut i\u015fbirliklerini ele ald\u0131k. Gelecekte ger\u00e7ekle\u015ftirece\u011fimiz \u00e7al\u0131\u015fmalara y\u00f6nelik de\u011ferlendirmelerde bulunduk. Her daim K\u0131br\u0131s T\u00fcrk\u00fc&#8217;n\u00fcn yan\u0131nda olmaya devam edece\u011fiz.&#8221;<\/p>\n<div>\n<div><img decoding=\"async\" src=\"https:\/\/kamucalisani.net\/wp-content\/uploads\/2025\/11\/bakan-memisoglu-kktcli-mevkidasi-dincyurek-ile-bir-araya-geldi-0-411YC3Sx.jpg\"\/><\/img><\/div>\n<\/div>\n<p><\/p>\n<p>Kaynak :\u00a0<span style=\"background-color: rgb(255, 249, 236); color: rgb(55, 58, 60); font-size: 14px;\">http:\/\/www.milliyet.com.tr\/gundem\/bakan-memisoglu-kktcli-mevkidasi-dincyurek-ile-bir-araya-geldi-7490972<\/span><\/p>\n","protected":false},"excerpt":{"rendered":"<p>Sa\u011fl\u0131k Bakan\u0131 Kemal Memi\u015fo\u011flu, 11. T\u00fcrk T\u0131p D\u00fcnyas\u0131 Kurultay\u0131 kapsam\u0131nda Kuzey K\u0131br\u0131s T\u00fcrk Cumhuriyeti (KKTC) Sa\u011fl\u0131k Bakan\u0131 Hakan Din\u00e7y\u00fcrek ile bir araya geldi.<\/p>\n","protected":false},"author":1,"featured_media":144888,"comment_status":"open","ping_status":"open","sticky":false,"template":"","format":"standard","meta":{"footnotes":""},"categories":[3],"tags":[],"class_list":["post-144887","post","type-post","status-publish","format-standard","has-post-thumbnail","hentry","category-guncel"],"_links":{"self":[{"href":"https:\/\/kamucalisani.net\/index.php\/wp-json\/wp\/v2\/posts\/144887","targetHints":{"allow":["GET"]}}],"collection":[{"href":"https:\/\/kamucalisani.net\/index.php\/wp-json\/wp\/v2\/posts"}],"about":[{"href":"https:\/\/kamucalisani.net\/index.php\/wp-json\/wp\/v2\/types\/post"}],"author":[{"embeddable":true,"href":"https:\/\/kamucalisani.net\/index.php\/wp-json\/wp\/v2\/users\/1"}],"replies":[{"embeddable":true,"href":"https:\/\/kamucalisani.net\/index.php\/wp-json\/wp\/v2\/comments?post=144887"}],"version-history":[{"count":1,"href":"https:\/\/kamucalisani.net\/index.php\/wp-json\/wp\/v2\/posts\/144887\/revisions"}],"predecessor-version":[{"id":144890,"href":"https:\/\/kamucalisani.net\/index.php\/wp-json\/wp\/v2\/posts\/144887\/revisions\/144890"}],"wp:featuredmedia":[{"embeddable":true,"href":"https:\/\/kamucalisani.net\/index.php\/wp-json\/wp\/v2\/media\/144888"}],"wp:attachment":[{"href":"https:\/\/kamucalisani.net\/index.php\/wp-json\/wp\/v2\/media?parent=144887"}],"wp:term":[{"taxonomy":"category","embeddable":true,"href":"https:\/\/kamucalisani.net\/index.php\/wp-json\/wp\/v2\/categories?post=144887"},{"taxonomy":"post_tag","embeddable":true,"href":"https:\/\/kamucalisani.net\/index.php\/wp-json\/wp\/v2\/tags?post=144887"}],"curies":[{"name":"wp","href":"https:\/\/api.w.org\/{rel}","templated":true}]}}