{"id":144891,"date":"2025-11-26T23:24:08","date_gmt":"2025-11-26T23:24:08","guid":{"rendered":"https:\/\/kamucalisani.net\/?p=144891"},"modified":"2025-11-26T23:24:08","modified_gmt":"2025-11-26T23:24:08","slug":"fenerbahce-ferencvaros-maci-ne-zaman-saat-kacta-hangi-kanalda-muhtemel-ilk-11ler","status":"publish","type":"post","link":"https:\/\/kamucalisani.net\/index.php\/2025\/11\/26\/fenerbahce-ferencvaros-maci-ne-zaman-saat-kacta-hangi-kanalda-muhtemel-ilk-11ler\/","title":{"rendered":"Fenerbah\u00e7e-Ferencvaros ma\u00e7\u0131 ne zaman, saat ka\u00e7ta, hangi kanalda? Muhtemel ilk 11&#8217;ler"},"content":{"rendered":"<p><p>UEFA Avrupa Ligi&#8217;nin 4. haftas\u0131nda Fenerbah\u00e7e, Ferencvaros ile kozlar\u0131n\u0131 payla\u015facak. Zorlu m\u00fcsabaka Chobani Stadyumu&#8217;nda oynanacak.<\/p>\n<p>Heyecan dolu kar\u015f\u0131la\u015fmada Ricardo de Burgos d\u00fcd\u00fck \u00e7alacak. Fenerbah\u00e7e-Ferencvaros ma\u00e7\u0131 saat 20.45&#8217;te ba\u015flayacak.<\/p>\n<p>Kritik m\u00fccadelenin canl\u0131 anlat\u0131m\u0131n\u0131 SKORER&#8217;den takip\u00a0edebilirsiniz.<\/p>\n<p><strong>\u00a0R\u0130CARDO DE BURGOS Y\u00d6NTECEK<\/strong><\/p>\n<p>Viktoria Plzen-Fenerbah\u00e7e ma\u00e7\u0131 6 Kas\u0131m Per\u015fembe saat 20.45&#8217;te ba\u015flayacak. Chobani Stadyumu&#8217;nda oynanacak olan m\u00fccadele TRT Spor ekran\u0131ndan yay\u0131nlanacak. M\u00fccadeleyi hakem Ricardo de Burgos y\u00f6netecek.<\/p>\n<p><strong>FENERBAH\u00c7E&#8217;N\u0130N MUHTEMEL 11&#8217;\u0130<\/strong><\/p>\n<p>Fenerbah\u00e7e: Ederson, Semedo, Skriniar, Yi\u011fit Efe, Levent, Alvarez, Asensio, Nene, Talisca, Kerem, Duran<\/p>\n<p><strong>FERENCVAROS&#8217;UN MUHTEMEL 11&#8217;\u0130<\/strong><\/p>\n<p>Viktoria Plzen: Dibusz, Raemaekers, Cisse, Szalai, Cadu, Toth, Keita, Zachariassen, Nagy, Yusuf, Varga<\/p>\n<section>\n<div>\n<div><span>02:01<\/span><span>27 Kas\u0131m 2025<\/span><\/p>\n<div>TEDESCO MA\u00c7 \u00d6NCES\u0130 KONU\u015eTU<\/div>\n<div>\n<p>Tedesco ma\u00e7 hakk\u0131nda \u015f\u00f6yle konu\u015ftu: \u201cFerencvaros bu turnuvadaki en zor ekiplerden biri. Dikine ve direkt paslarla oynuyorlar. Pek \u00e7ok oyuncular\u0131 istatistiklerde lider durumda. Varga\u2019y\u0131 s\u00f6ylemi\u015ftim. Nabi Keita var, \u00e7ok fazla kupa kazand\u0131 Liverpool\u2019da. Bizim i\u00e7in \u00f6nemli bir ma\u00e7 olacak. \u0130lk saniyeden itibaren haz\u0131r olmam\u0131z gerekiyor.\u201d<\/p>\n<p>\u00a0<\/p>\n<\/div>\n<\/div>\n<div><span>02:01<\/span><span>27 Kas\u0131m 2025<\/span><\/p>\n<div>HEDEF 117.GAL\u0130B\u0130YET<\/div>\n<div>\n<p>Sar\u0131-Lacivertliler, Ferencvaros kar\u015f\u0131s\u0131nda Avrupa arenas\u0131ndaki 295. s\u0131nav\u0131n\u0131 verecek. Temsilcimiz, daha \u00f6nce oynad\u0131\u011f\u0131 294 kar\u015f\u0131la\u015fmada 116 galibiyet, 63 beraberlik ve 115 yenilgi ald\u0131. Kanarya att\u0131\u011f\u0131 401 gole kar\u015f\u0131l\u0131k kalesinde 416 gol g\u00f6rd\u00fc.<\/p>\n<\/div>\n<\/div>\n<div><span>02:00<\/span><span>27 Kas\u0131m 2025<\/span><\/p>\n<div>FENERBAH\u00c7E&#8217;DE EKS\u0130KLER CAN SIKIYOR<\/div>\n<div>\n<p>Cenk Tosun, f\u0131t\u0131k ameliyat\u0131 nedeniyle UEFA listesinden \u00e7\u0131kart\u0131lm\u0131\u015f ve yerine Levent Mercan eklenmi\u015fti. Gurbet\u00e7i oyuCenk Tosun, f\u0131t\u0131k ameliyat\u0131 nedeniyle UEFA listesinden \u00e7\u0131kart\u0131lm\u0131\u015f ve yerine Levent Mercan eklenmi\u015fti. Gurbet\u00e7i oyuncu, Ferencvaros kar\u015f\u0131s\u0131nda 11\u2019de forma giyip, Avrupa Ligi\u2019nde siftah yapabilir. Fenerbah\u00e7e\u2019de sakat sakat \u00c7a\u011flar, Szymanski; cezal\u0131 Oosterwolde, \u0130smail, Fred; listede olmayan Becao, Bartu\u011f, Mert Hakan, Emre Mor, Cenk ve kadro d\u0131\u015f\u0131 \u0130rfan Can g\u00f6rev yapamayacak.<\/p>\n<\/div>\n<\/div>\n<\/div>\n<\/section>\n<p><\/p>\n<p>Kaynak :\u00a0<span style=\"background-color: rgb(255, 249, 236); color: rgb(55, 58, 60); font-size: 14px;\">http:\/\/www.milliyet.com.tr\/skorer\/live-fenerbahce-ferencvaros-maci-ne-zaman-saat-kacta-hangi-kanalda-muhtemel-ilk-11ler-7490975<\/span><\/p>\n","protected":false},"excerpt":{"rendered":"<p>Fenerbah\u00e7e, UEFA Avrupa Ligi&#8217;nin 4. haftas\u0131nda Ferencvaros&#8217;u konuk edecek. Kar\u015f\u0131la\u015fman\u0131n heyecan\u0131 SKORER&#8217;de\u00a0ya\u015fanacak.<\/p>\n","protected":false},"author":1,"featured_media":144892,"comment_status":"open","ping_status":"open","sticky":false,"template":"","format":"standard","meta":{"footnotes":""},"categories":[7],"tags":[9715,288],"class_list":["post-144891","post","type-post","status-publish","format-standard","has-post-thumbnail","hentry","category-spor","tag-ferencvaros","tag-mac"],"_links":{"self":[{"href":"https:\/\/kamucalisani.net\/index.php\/wp-json\/wp\/v2\/posts\/144891","targetHints":{"allow":["GET"]}}],"collection":[{"href":"https:\/\/kamucalisani.net\/index.php\/wp-json\/wp\/v2\/posts"}],"about":[{"href":"https:\/\/kamucalisani.net\/index.php\/wp-json\/wp\/v2\/types\/post"}],"author":[{"embeddable":true,"href":"https:\/\/kamucalisani.net\/index.php\/wp-json\/wp\/v2\/users\/1"}],"replies":[{"embeddable":true,"href":"https:\/\/kamucalisani.net\/index.php\/wp-json\/wp\/v2\/comments?post=144891"}],"version-history":[{"count":1,"href":"https:\/\/kamucalisani.net\/index.php\/wp-json\/wp\/v2\/posts\/144891\/revisions"}],"predecessor-version":[{"id":144893,"href":"https:\/\/kamucalisani.net\/index.php\/wp-json\/wp\/v2\/posts\/144891\/revisions\/144893"}],"wp:featuredmedia":[{"embeddable":true,"href":"https:\/\/kamucalisani.net\/index.php\/wp-json\/wp\/v2\/media\/144892"}],"wp:attachment":[{"href":"https:\/\/kamucalisani.net\/index.php\/wp-json\/wp\/v2\/media?parent=144891"}],"wp:term":[{"taxonomy":"category","embeddable":true,"href":"https:\/\/kamucalisani.net\/index.php\/wp-json\/wp\/v2\/categories?post=144891"},{"taxonomy":"post_tag","embeddable":true,"href":"https:\/\/kamucalisani.net\/index.php\/wp-json\/wp\/v2\/tags?post=144891"}],"curies":[{"name":"wp","href":"https:\/\/api.w.org\/{rel}","templated":true}]}}