{"id":145169,"date":"2025-11-27T11:42:09","date_gmt":"2025-11-27T11:42:09","guid":{"rendered":"https:\/\/kamucalisani.net\/?p=145169"},"modified":"2025-11-27T11:42:09","modified_gmt":"2025-11-27T11:42:09","slug":"18-yasindaki-neslinurun-olumunde-korkunc-suphe-valilik-aciklama-yapti","status":"publish","type":"post","link":"https:\/\/kamucalisani.net\/index.php\/2025\/11\/27\/18-yasindaki-neslinurun-olumunde-korkunc-suphe-valilik-aciklama-yapti\/","title":{"rendered":"18 ya\u015f\u0131ndaki Neslinur&#8217;un \u00f6l\u00fcm\u00fcnde korkun\u00e7 \u015f\u00fcphe! Valilik a\u00e7\u0131klama yapt\u0131"},"content":{"rendered":"<p><p>Seydikemer&#8217;de meydana gelen olayda, evlerinde rahats\u0131zlanan \u00fc\u00e7 karde\u015f zehirlenme \u015f\u00fcphesiyle hastaneye kald\u0131r\u0131ld\u0131. \u0130lk m\u00fcdahalelerinin ard\u0131ndan Mu\u011fla E\u011fitim ve Ara\u015ft\u0131rma Hastanesi&#8217;ne sevk edilen karde\u015flerden 18 ya\u015f\u0131ndaki Neslinur Topal, yap\u0131lan t\u00fcm m\u00fcdahalelere ra\u011fmen hayat\u0131n\u0131 kaybetti. Di\u011fer iki karde\u015fin tedavisinin s\u00fcrd\u00fc\u011f\u00fc bildirildi.<\/p>\n<p>Mu\u011fla Valili\u011fi&#8217;nden konu ile ilgili yap\u0131lan a\u00e7\u0131klamada,&#8221;Seydikemer il\u00e7emizde evlerinde rahats\u0131zlanarak zehirlenme \u015f\u00fcphesiyle hastaneye kald\u0131r\u0131lan ve sonras\u0131nda Mu\u011fla E\u011fitim ve Ara\u015ft\u0131rma Hastanesine sevk edilen 3 karde\u015ften Neslinur Topal (18) yap\u0131lan t\u00fcm m\u00fcdahalelere ra\u011fmen hayat\u0131n\u0131 kaybetmi\u015ftir.<\/p>\n<p>Di\u011fer iki karde\u015fin tedavileri devam etmektedir. Seydikemer Cumhuriyet Ba\u015fsavc\u0131l\u0131\u011f\u0131 olaya ili\u015fkin soru\u015fturma ba\u015flatm\u0131\u015f olup, zehirlenme sebebi yap\u0131lan tetkik, analiz ve adli t\u0131p raporlar\u0131 sonucunda netle\u015fecektir. Mu\u011fla \u0130l Sa\u011fl\u0131k M\u00fcd\u00fcrl\u00fc\u011f\u00fc, AFAD, Seydikemer Belediyesi, Tar\u0131m ve Orman \u0130l M\u00fcd\u00fcrl\u00fc\u011f\u00fc ve Jandarma ekiplerimizin konuya ili\u015fkin \u00e7ok y\u00f6nl\u00fc \u00e7al\u0131\u015fmalar\u0131 devam etmektedir&#8221; ifadelerine yer verildi.<\/p>\n\n<p><\/p>\n<p>Kaynak :\u00a0<span style=\"background-color: rgb(255, 249, 236); color: rgb(55, 58, 60); font-size: 14px;\">http:\/\/www.milliyet.com.tr\/gundem\/18-yasindaki-neslinurun-olumunde-korkunc-suphe-valilik-aciklama-yapti-7491330<\/span><\/p>\n","protected":false},"excerpt":{"rendered":"<p>Mu\u011fla&#8217;n\u0131n Seydikemer il\u00e7esinde evinde rahats\u0131zlanarak zehirlenme \u015f\u00fcphesiyle hastaneye kald\u0131r\u0131ld\u0131ktan sonra hayat\u0131n\u0131 kaybeden 18 ya\u015f\u0131ndaki Neslinur Topal&#8217;\u0131n \u00f6l\u00fcm\u00fcyle ilgili Mu\u011fla Valili\u011fi&#8217;nden yap\u0131lan a\u00e7\u0131klamada, &#8220;Zehirlenme sebebi yap\u0131lan tetkik, analiz ve adli t\u0131p raporlar\u0131 sonucunda netle\u015fecektir&#8221; denildi.<\/p>\n","protected":false},"author":1,"featured_media":145170,"comment_status":"open","ping_status":"open","sticky":false,"template":"","format":"standard","meta":{"footnotes":""},"categories":[3],"tags":[603],"class_list":["post-145169","post","type-post","status-publish","format-standard","has-post-thumbnail","hentry","category-guncel","tag-kardes"],"_links":{"self":[{"href":"https:\/\/kamucalisani.net\/index.php\/wp-json\/wp\/v2\/posts\/145169","targetHints":{"allow":["GET"]}}],"collection":[{"href":"https:\/\/kamucalisani.net\/index.php\/wp-json\/wp\/v2\/posts"}],"about":[{"href":"https:\/\/kamucalisani.net\/index.php\/wp-json\/wp\/v2\/types\/post"}],"author":[{"embeddable":true,"href":"https:\/\/kamucalisani.net\/index.php\/wp-json\/wp\/v2\/users\/1"}],"replies":[{"embeddable":true,"href":"https:\/\/kamucalisani.net\/index.php\/wp-json\/wp\/v2\/comments?post=145169"}],"version-history":[{"count":1,"href":"https:\/\/kamucalisani.net\/index.php\/wp-json\/wp\/v2\/posts\/145169\/revisions"}],"predecessor-version":[{"id":145171,"href":"https:\/\/kamucalisani.net\/index.php\/wp-json\/wp\/v2\/posts\/145169\/revisions\/145171"}],"wp:featuredmedia":[{"embeddable":true,"href":"https:\/\/kamucalisani.net\/index.php\/wp-json\/wp\/v2\/media\/145170"}],"wp:attachment":[{"href":"https:\/\/kamucalisani.net\/index.php\/wp-json\/wp\/v2\/media?parent=145169"}],"wp:term":[{"taxonomy":"category","embeddable":true,"href":"https:\/\/kamucalisani.net\/index.php\/wp-json\/wp\/v2\/categories?post=145169"},{"taxonomy":"post_tag","embeddable":true,"href":"https:\/\/kamucalisani.net\/index.php\/wp-json\/wp\/v2\/tags?post=145169"}],"curies":[{"name":"wp","href":"https:\/\/api.w.org\/{rel}","templated":true}]}}