{"id":145204,"date":"2025-11-27T12:36:10","date_gmt":"2025-11-27T12:36:10","guid":{"rendered":"https:\/\/kamucalisani.net\/?p=145204"},"modified":"2025-11-27T12:36:10","modified_gmt":"2025-11-27T12:36:10","slug":"selahattin-demirtasa-cumhurbaskanina-hakaretten-cezalandirilmasi-istendi","status":"publish","type":"post","link":"https:\/\/kamucalisani.net\/index.php\/2025\/11\/27\/selahattin-demirtasa-cumhurbaskanina-hakaretten-cezalandirilmasi-istendi\/","title":{"rendered":"Selahattin Demirta\u015f&#8217;a &#8216;Cumhurba\u015fkan\u0131na hakaret&#8217;ten cezaland\u0131r\u0131lmas\u0131 istendi"},"content":{"rendered":"<p><p>Eski HDP E\u015f Genel Ba\u015fkan\u0131 Selahattin Demirta\u015f&#8217;\u0131n, Diyarbak\u0131r, Mersin, Ankara ve Mardin&#8217;deki konu\u015fmalar\u0131nda &#8216;Cumhurba\u015fkan\u0131na hakaret etti\u011fi&#8217; gerek\u00e7esiyle a\u00e7\u0131lan ve 4 dosyan\u0131n birle\u015ftirildi\u011fi davan\u0131n duru\u015fmas\u0131, Mersin 14&#8217;\u00fcnc\u00fc Asliye Ceza Mahkemesi&#8217;nde g\u00f6r\u00fcld\u00fc.<\/p>\n<p>Edirne F Tipi Y\u00fcksek G\u00fcvenlikli Kapal\u0131 Ceza \u0130nfaz Kurumu&#8217;nda tutuklu bulunan Demirta\u015f, duru\u015fmaya kat\u0131lmazken; avukat\u0131 salonda haz\u0131r bulundu. Mahkeme hakimi, Demirta\u015f&#8217;\u0131n, Mersin ve Diyarbak\u0131r&#8217;daki konu\u015fmalar\u0131nda &#8216;Cumhurba\u015fkan\u0131&#8217;na hakaret&#8217; su\u00e7unu i\u015fledi\u011fi gerek\u00e7esiyle a\u00e7\u0131lan 2 dava dosyas\u0131n\u0131n birle\u015ftirilmesine karar verdi, Ankara ve Mardin&#8217;deki ifadelerine ili\u015fkin dosyalar\u0131n birle\u015ftirme talebini ise uygun g\u00f6rmedi.<\/p>\n<p><strong>DURU\u015eMA ERTELEND\u0130<\/strong><\/p>\n<p>Mahkeme savc\u0131s\u0131, dosya hakk\u0131nda m\u00fctalaas\u0131n\u0131 verdi. M\u00fctalaada Demirta\u015f&#8217;\u0131n &#8216;Cumhurba\u015fkan\u0131na hakaret&#8217; su\u00e7undan cezaland\u0131r\u0131lmas\u0131n\u0131 talep etti. Mahkeme hakimi, Demirta\u015f&#8217;\u0131n sonraki celseye kat\u0131lmamas\u0131 halinde &#8216;susma hakk\u0131n\u0131 kulland\u0131\u011f\u0131n\u0131n kabul edilece\u011fi&#8217;ne y\u00f6nelik ihtarda bulunulmas\u0131na karar verdi. Demirta\u015f&#8217;\u0131n avukat\u0131, m\u00fctalaaya kar\u015f\u0131 ek s\u00fcre isterken; duru\u015fma 6 Ocak&#8217;a ertelendi.<\/p>\n<p>\u00a0<\/p>\n\n<p><\/p>\n<p>Kaynak :\u00a0<span style=\"background-color: rgb(255, 249, 236); color: rgb(55, 58, 60); font-size: 14px;\">http:\/\/www.milliyet.com.tr\/gundem\/selahattin-demirtasa-cumhurbaskanina-hakaretten-cezalandirilmasi-istendi-7491357<\/span><\/p>\n","protected":false},"excerpt":{"rendered":"<p>Eski HDP E\u015f Genel Ba\u015fkan\u0131 Selahattin Demirta\u015f&#8217;\u0131n, &#8216;Cumhurba\u015fkan\u0131na hakaret etti\u011fi&#8217; gerek\u00e7esiyle yarg\u0131land\u0131\u011f\u0131 davada m\u00fctalaa verildi. Savc\u0131, m\u00fctalaas\u0131nda; Demirta\u015f&#8217;\u0131n davaya konu olan su\u00e7tan cezaland\u0131r\u0131lmas\u0131n\u0131 talep etti. Mahkeme duru\u015fmay\u0131 6 Ocak\u2019a erteledi.<\/p>\n","protected":false},"author":1,"featured_media":145205,"comment_status":"open","ping_status":"open","sticky":false,"template":"","format":"standard","meta":{"footnotes":""},"categories":[3],"tags":[9740],"class_list":["post-145204","post","type-post","status-publish","format-standard","has-post-thumbnail","hentry","category-guncel","tag-demirtasin"],"_links":{"self":[{"href":"https:\/\/kamucalisani.net\/index.php\/wp-json\/wp\/v2\/posts\/145204","targetHints":{"allow":["GET"]}}],"collection":[{"href":"https:\/\/kamucalisani.net\/index.php\/wp-json\/wp\/v2\/posts"}],"about":[{"href":"https:\/\/kamucalisani.net\/index.php\/wp-json\/wp\/v2\/types\/post"}],"author":[{"embeddable":true,"href":"https:\/\/kamucalisani.net\/index.php\/wp-json\/wp\/v2\/users\/1"}],"replies":[{"embeddable":true,"href":"https:\/\/kamucalisani.net\/index.php\/wp-json\/wp\/v2\/comments?post=145204"}],"version-history":[{"count":1,"href":"https:\/\/kamucalisani.net\/index.php\/wp-json\/wp\/v2\/posts\/145204\/revisions"}],"predecessor-version":[{"id":145206,"href":"https:\/\/kamucalisani.net\/index.php\/wp-json\/wp\/v2\/posts\/145204\/revisions\/145206"}],"wp:featuredmedia":[{"embeddable":true,"href":"https:\/\/kamucalisani.net\/index.php\/wp-json\/wp\/v2\/media\/145205"}],"wp:attachment":[{"href":"https:\/\/kamucalisani.net\/index.php\/wp-json\/wp\/v2\/media?parent=145204"}],"wp:term":[{"taxonomy":"category","embeddable":true,"href":"https:\/\/kamucalisani.net\/index.php\/wp-json\/wp\/v2\/categories?post=145204"},{"taxonomy":"post_tag","embeddable":true,"href":"https:\/\/kamucalisani.net\/index.php\/wp-json\/wp\/v2\/tags?post=145204"}],"curies":[{"name":"wp","href":"https:\/\/api.w.org\/{rel}","templated":true}]}}