{"id":145294,"date":"2025-11-27T14:36:10","date_gmt":"2025-11-27T14:36:10","guid":{"rendered":"https:\/\/kamucalisani.net\/?p=145294"},"modified":"2025-11-27T14:36:10","modified_gmt":"2025-11-27T14:36:10","slug":"mardinde-anne-baba-ve-5-yasindaki-kizlari-katledilmisti-1-kisi-daha-gozaltina-alindi","status":"publish","type":"post","link":"https:\/\/kamucalisani.net\/index.php\/2025\/11\/27\/mardinde-anne-baba-ve-5-yasindaki-kizlari-katledilmisti-1-kisi-daha-gozaltina-alindi\/","title":{"rendered":"Mardin&#8217;de anne, baba ve 5 ya\u015f\u0131ndaki k\u0131zlar\u0131 katledilmi\u015fti! 1 ki\u015fi daha g\u00f6zalt\u0131na al\u0131nd\u0131"},"content":{"rendered":"<p><p>K\u0131z\u0131ltepe Cumhuriyet Ba\u015fsavc\u0131l\u0131\u011f\u0131nca, 25 Kas\u0131m&#8217;da Turgut \u00d6zal Mahallesi&#8217;nde bir apartmanda Mehmet (37), e\u015fi Berna (33) ve 5 ya\u015f\u0131ndaki k\u0131z \u00e7ocuklar\u0131 Samyeli Kaya&#8217;n\u0131n evlerinde ba\u015flar\u0131ndan silahla vurulmu\u015f halde \u00f6l\u00fc bulunmas\u0131na ili\u015fkin ba\u015flat\u0131lan soru\u015fturma s\u00fcr\u00fcyor.<\/p>\n<p>Soru\u015fturma kapsam\u0131nda \u0130l Emniyet M\u00fcd\u00fcrl\u00fc\u011f\u00fc Asayi\u015f \u015eube M\u00fcd\u00fcrl\u00fc\u011f\u00fcnce olu\u015fturulan \u00f6zel ekip taraf\u0131ndan olay\u0131n ayd\u0131nlat\u0131lmas\u0131 i\u00e7in y\u00fcr\u00fct\u00fclen \u00e7al\u0131\u015fmalar devam ediyor.<\/p>\n<div>\n<div><img decoding=\"async\" src=\"https:\/\/kamucalisani.net\/wp-content\/uploads\/2025\/11\/mardinde-anne-baba-ve-5-yasindaki-kizlari-katledilmisti-1-kisi-daha-gozaltina-alindi-0-lleZUulJ.jpg\"\/><\/img><\/div>\n<\/div>\n<p>Polis ekiplerince yakalanan M.C&#8217;nin tutukland\u0131\u011f\u0131 soru\u015fturmada, 1 \u015f\u00fcpheli daha g\u00f6zalt\u0131na al\u0131nd\u0131.<\/p>\n<div>\n<div><img decoding=\"async\" src=\"https:\/\/kamucalisani.net\/wp-content\/uploads\/2025\/11\/mardinde-anne-baba-ve-5-yasindaki-kizlari-katledilmisti-1-kisi-daha-gozaltina-alindi-1-zJrDZjV4.jpg\"\/><\/img><\/div>\n<\/div>\n<p>Ailenin avukatlar\u0131 Nurullah \u00d6ner ve Seher Acay, K\u0131z\u0131ltepe Adliyesi \u00f6n\u00fcnde bas\u0131n mensuplar\u0131na a\u00e7\u0131klama yapt\u0131.<\/p>\n<div>\n<div><img decoding=\"async\" src=\"https:\/\/kamucalisani.net\/wp-content\/uploads\/2025\/11\/mardinde-anne-baba-ve-5-yasindaki-kizlari-katledilmisti-1-kisi-daha-gozaltina-alindi-2-9F5cxB67.jpg\"\/><\/img><\/div>\n<\/div>\n<p>Avukat \u00d6ner, ya\u015fanan olayla ilgili etkin bir soru\u015fturma y\u00fcr\u00fct\u00fcld\u00fc\u011f\u00fcn\u00fc belirterek, bir\u00e7ok ki\u015finin beyanlar\u0131n\u0131n al\u0131nd\u0131\u011f\u0131n\u0131 s\u00f6yledi.<\/p>\n<p>D\u00fcn ailenin kom\u015fusu olan M.C&#8217;nin g\u00f6zalt\u0131na al\u0131nd\u0131\u011f\u0131n\u0131 ve tutukland\u0131\u011f\u0131n\u0131 an\u0131msatan \u00d6ner, soru\u015fturman\u0131n selameti a\u00e7\u0131s\u0131ndan her bilgiyi payla\u015fmak istemediklerini belirtti.<\/p>\n<p>\u00a0<\/p>\n<p><strong>&#8220;TUTUKLANAN K\u0130\u015e\u0130 SADECE &#8216;DEL\u0130L KARARTMA&#8217; DE\u011e\u0130L, &#8216;\u00d6LD\u00dcRMEK&#8217; SU\u00c7UNDAN DA TUTUKLANDI&#8221;<\/strong><\/p>\n<p>\u00d6ner, tutuklanan ki\u015finin olaydan sonra g\u00f6r\u00fc\u015ft\u00fc\u011f\u00fc ki\u015filerle ilgili bilgi verdi\u011fini ifade ederek, &#8220;Ba\u015fsavc\u0131l\u0131k bununla ilgili i\u015flemlere devam ediyor. Bu a\u015famada 1 ki\u015finin tutuklu, 1 \u015f\u00fcphelinin g\u00f6zalt\u0131nda oldu\u011funu, ba\u015fka g\u00f6zalt\u0131lar da olabilece\u011fini s\u00f6ylemek istiyoruz. Yak\u0131n zamanda da maddi ger\u00e7e\u011fin t\u00fcm y\u00f6nleriyle ortaya \u00e7\u0131kar\u0131laca\u011f\u0131na inan\u0131yoruz. Bu olayla ilgili bir\u00e7ok spek\u00fclatif haber de dola\u015fmakta. Tutuklanan ki\u015fi sadece &#8216;delil karartma&#8217; de\u011fil, &#8216;\u00f6ld\u00fcrmek&#8217; su\u00e7undan da tutukland\u0131. Vatanda\u015flar\u0131m\u0131zdan ve medyadan ya\u015fanan bu vahim olayla ilgili hem aile hem de hayatlar\u0131n\u0131 kaybedenler i\u00e7in hassasiyet bekliyoruz.&#8221; dedi.<\/p>\n<p>Avukat Seher Acay da \u00e7ok vahim bir olay ya\u015fand\u0131\u011f\u0131n\u0131 ifade ederek, soru\u015fturman\u0131n \u00e7ok ba\u015f\u0131nda olundu\u011funu belirtti.<\/p>\n<p><em><strong>Acay, \u015funlar\u0131 kaydetti:<\/strong><\/em><\/p>\n<p>&#8220;Hukuk\u00e7u refleksi ile soru\u015fturman\u0131n ba\u015f\u0131nda olay \u00f6rg\u00fcs\u00fcne dair sabit olmayan ayr\u0131nt\u0131l\u0131 bilgiler vermekten \u00e7ekiniyoruz. Soru\u015fturman\u0131n selameti ve verimli bir \u015fekilde ge\u00e7mesi ad\u0131na uygulanan yol ve y\u00f6ntemlerle maddi ger\u00e7ekli\u011fin ortaya \u00e7\u0131kmas\u0131 bizim i\u00e7in en \u00f6nemli durum. Bir\u00e7ok y\u00f6nden ilerleyen bir soru\u015fturma var. \u0130lk etapta &#8216;intihar&#8217; \u015f\u00fcphesi \u00fczerinde daha sonra &#8216;\u00f6ld\u00fcr\u00fclme&#8217; \u015f\u00fcphesi \u00fczerinde de duruldu. Bir\u00e7ok y\u00f6nden ara\u015ft\u0131rmalar devam ediyorken olay \u00f6rg\u00fcs\u00fc \u00fczerinden sabit olmayan beyanlarda bulunmak \u00e7ok do\u011fru olmayacakt\u0131r.&#8221;<\/p>\n<p>Gazetecilerin, tutuklanan \u015f\u00fcphelinin ifadesine ili\u015fkin sorusu \u00fczerine Acay, &#8220;Silah kendisinde \u00e7\u0131kt\u0131, silah\u0131 saklayan\u0131n da kendisi oldu\u011funu zaten s\u00f6yledi ama \u00f6l\u00fcme dair bir ikrar\u0131 olmad\u0131.&#8221; dedi.<\/p>\n\n<p><\/p>\n<p>Kaynak :\u00a0<span style=\"background-color: rgb(255, 249, 236); color: rgb(55, 58, 60); font-size: 14px;\">http:\/\/www.milliyet.com.tr\/gundem\/mardinde-anne-baba-ve-5-yasindaki-kizlari-katledilmisti-1-kisi-daha-gozaltina-alindi-7491464<\/span><\/p>\n","protected":false},"excerpt":{"rendered":"<p>\u00a0Mardin&#8217;in K\u0131z\u0131ltepe il\u00e7esinde bir \u00e7ift ile 5 ya\u015f\u0131ndaki \u00e7ocuklar\u0131n\u0131n evde silahla vurulmu\u015f halde \u00f6l\u00fc bulunmas\u0131na ili\u015fkin 1 \u015f\u00fcpheli daha g\u00f6zalt\u0131na al\u0131nd\u0131.<\/p>\n","protected":false},"author":1,"featured_media":145295,"comment_status":"open","ping_status":"open","sticky":false,"template":"","format":"standard","meta":{"footnotes":""},"categories":[3],"tags":[377,512],"class_list":["post-145294","post","type-post","status-publish","format-standard","has-post-thumbnail","hentry","category-guncel","tag-olay","tag-sorusturma"],"_links":{"self":[{"href":"https:\/\/kamucalisani.net\/index.php\/wp-json\/wp\/v2\/posts\/145294","targetHints":{"allow":["GET"]}}],"collection":[{"href":"https:\/\/kamucalisani.net\/index.php\/wp-json\/wp\/v2\/posts"}],"about":[{"href":"https:\/\/kamucalisani.net\/index.php\/wp-json\/wp\/v2\/types\/post"}],"author":[{"embeddable":true,"href":"https:\/\/kamucalisani.net\/index.php\/wp-json\/wp\/v2\/users\/1"}],"replies":[{"embeddable":true,"href":"https:\/\/kamucalisani.net\/index.php\/wp-json\/wp\/v2\/comments?post=145294"}],"version-history":[{"count":1,"href":"https:\/\/kamucalisani.net\/index.php\/wp-json\/wp\/v2\/posts\/145294\/revisions"}],"predecessor-version":[{"id":145299,"href":"https:\/\/kamucalisani.net\/index.php\/wp-json\/wp\/v2\/posts\/145294\/revisions\/145299"}],"wp:featuredmedia":[{"embeddable":true,"href":"https:\/\/kamucalisani.net\/index.php\/wp-json\/wp\/v2\/media\/145295"}],"wp:attachment":[{"href":"https:\/\/kamucalisani.net\/index.php\/wp-json\/wp\/v2\/media?parent=145294"}],"wp:term":[{"taxonomy":"category","embeddable":true,"href":"https:\/\/kamucalisani.net\/index.php\/wp-json\/wp\/v2\/categories?post=145294"},{"taxonomy":"post_tag","embeddable":true,"href":"https:\/\/kamucalisani.net\/index.php\/wp-json\/wp\/v2\/tags?post=145294"}],"curies":[{"name":"wp","href":"https:\/\/api.w.org\/{rel}","templated":true}]}}