{"id":145348,"date":"2025-11-27T15:54:08","date_gmt":"2025-11-27T15:54:08","guid":{"rendered":"https:\/\/kamucalisani.net\/?p=145348"},"modified":"2025-11-27T15:54:08","modified_gmt":"2025-11-27T15:54:08","slug":"galatasarayli-futbolcu-icin-veda-karari-okan-buruk-ustunu-cizdi","status":"publish","type":"post","link":"https:\/\/kamucalisani.net\/index.php\/2025\/11\/27\/galatasarayli-futbolcu-icin-veda-karari-okan-buruk-ustunu-cizdi\/","title":{"rendered":"Galatasarayl\u0131 futbolcu i\u00e7in veda karar\u0131! Okan Buruk \u00fcst\u00fcn\u00fc \u00e7izdi"},"content":{"rendered":"<p><p>\u015eampiyonlar Ligi&#8217;nde Union Saint-Gilloise&#8217;ya ma\u011flup olan Galatasaray, t\u00fcm oda\u011f\u0131n\u0131 S\u00fcper Lig&#8217;deki Fenerbah\u00e7e derbisine \u00e7evirdi. Devre aras\u0131 transferi i\u00e7in \u00e7al\u0131\u015fmalar\u0131n\u0131 s\u00fcrd\u00fcren sar\u0131-k\u0131rm\u0131z\u0131l\u0131larda \u00fc\u00e7 futbolcu i\u00e7in ayr\u0131l\u0131k karar\u0131 verildi.<\/p>\n<p><strong>OKAN BURUK&#8217;TAN TRANSFER MESAJI<\/strong><\/p>\n<p>Teknik direkt\u00f6r Okan Buruk, 3-2 kazand\u0131klar\u0131 Gen\u00e7lerbirli\u011fi ma\u00e7\u0131n\u0131n ard\u0131ndan &#8220;Devre aras\u0131 i\u00e7in bu iyi bir \u00f6rnek oldu; hangi oyuncularla devam etmeyece\u011fiz, ka\u00e7 tane oyuncu alaca\u011f\u0131z \u015feklinde&#8221; diyerek operasyon sinyali verdi.<\/p>\n<p><strong>SOL AYAKLI STOPER<\/strong><\/p>\n<p>Ara transferde en az 3-4 takviye yapma karar\u0131 alan sar\u0131-k\u0131rm\u0131z\u0131l\u0131lar, +2 kriterine uyan gen\u00e7 yabanc\u0131lara y\u00f6nelecek. Sol ayakl\u0131 stoper, 6-8 oynayabilen merkez orta saha ve kenar forvet aran\u0131yor.<\/p>\n<p>Yusuf Demir, Gen\u00e7lerbirli\u011fi ma\u00e7\u0131n\u0131n ard\u0131ndan \u015eampiyonlar Ligi&#8217;ndeki Union Saint-Gilloise ma\u00e7\u0131nda kadroda yer almad\u0131. Okan Buruk, Yusuf Demir i\u00e7in \u015funlar\u0131 s\u00f6ylemi\u015fti, &#8220;Yusuf, son ma\u00e7\u0131n ard\u0131ndan dizinde a\u011fr\u0131lar oldu\u011funu s\u00f6yledi. Bir sonraki g\u00fcn antrenmana \u00e7\u0131kmad\u0131. Kontrolleri yap\u0131l\u0131yor. A\u011fr\u0131lar\u0131ndan dolay\u0131 antrenmana \u00e7\u0131kmad\u0131\u011f\u0131 i\u00e7in kadroya almad\u0131m. \u0130dari bir \u015fey yok, farkl\u0131 bir \u015fey de ya\u015fanmad\u0131. Bir moral bozuklu\u011fu da \u00fczerinde vard\u0131. Kaz\u0131mcan, kendisini haz\u0131r tuttu, \u00e7ok \u00e7al\u0131\u015ft\u0131. Yusuf&#8217;un da yapaca\u011f\u0131 daha \u00e7ok \u00e7al\u0131\u015fmak ve oynamak i\u00e7in \u015fans beklemek.&#8221;<\/p>\n<p><strong>YUSUF DEM\u0130R \u0130\u00c7\u0130N AYRILIK KARARI<\/strong><\/p>\n<p>Gen\u00e7lerbirli\u011fi ma\u00e7\u0131nda forma \u015fans\u0131n\u0131 k\u00f6t\u00fc kullanan Yusuf Demir&#8217;le devre aras\u0131nda yollar ayr\u0131lacak. Galatasaray, 2022 yaz\u0131nda kadrosuna katt\u0131\u011f\u0131 Yusuf Demir&#8217;den bir t\u00fcrl\u00fc istedi\u011fi verimi alamad\u0131.<\/p>\n<p>22 ya\u015f\u0131ndaki gen\u00e7 futbolcu, S\u00fcper Lig&#8217;de son oynanan Gen\u00e7lerbirli\u011fi ma\u00e7\u0131nda sakatlanan Mario Lemina&#8217;n\u0131n yerine 17. dakikada oyuna dahil oldu. Yusuf Demir, devre aras\u0131nda ise yerini \u0130lkay G\u00fcndo\u011fan&#8217;a b\u0131rakt\u0131.<\/p>\n<p>Galatasaray formas\u0131 alt\u0131nda toplamda 24 ma\u00e7ta s\u00fcre bulan Yusuf Demir, 2 gol att\u0131 ve 2 asist yapt\u0131.<\/p>\n<p><strong>GALATASARAY TEKL\u0130F BEKL\u0130YOR<\/strong><\/p>\n<p>Sar\u0131-k\u0131rm\u0131z\u0131l\u0131lar, s\u00f6zle\u015fmesi sezon sonunda bitece\u011fi ve sezon sonunda ayr\u0131lmas\u0131 durumunda bonservis kazanamayaca\u011f\u0131 Yusuf Demir i\u00e7in az olsa bir bonservis bekliyor. Galatasaray, devre aras\u0131 transfer d\u00f6neminde gen\u00e7 futbolcu i\u00e7in gelecek uygun teklifleri de\u011ferlendirmeyi planl\u0131yor.<\/p>\n<div>\n<div><img decoding=\"async\" src=\"https:\/\/kamucalisani.net\/wp-content\/uploads\/2025\/11\/galatasarayli-futbolcu-icin-veda-karari-okan-buruk-ustunu-cizdi-0-FYIaNf27.jpg\"\/><\/img><\/div>\n<\/div>\n<p><strong>BERKAN KUTLU&#8217;YA AYRILIK \u0130ZN\u0130<\/strong><br \/>Tak\u0131mdan ayr\u0131lmak isteyen Berkan&#8217;a izin verilecek. Beklentileri kar\u015f\u0131lamayan Ahmed Kutucu i\u00e7in de gelecek teklifler de\u011ferlendirilecek.<\/p>\n\n<p><\/p>\n<p>Kaynak :\u00a0<span style=\"background-color: rgb(255, 249, 236); color: rgb(55, 58, 60); font-size: 14px;\">http:\/\/www.milliyet.com.tr\/skorer\/galatasarayli-futbolcu-icin-veda-karari-okan-buruk-ustunu-cizdi-7491517<\/span><\/p>\n","protected":false},"excerpt":{"rendered":"<p>\u015eampiyonlar Ligi&#8217;nde Union Saint-Gilloise&#8217;ya ma\u011flup olan Galatasaray&#8217;da yedek kul\u00fcbesi ele\u015ftirilerin oda\u011f\u0131 haline geldi. Okan Buruk&#8217;un \u015fans\u0131n\u0131 de\u011ferlendiremeyen sar\u0131-k\u0131rm\u0131z\u0131l\u0131 futbolcu ile yollar ayr\u0131lacak.<\/p>\n","protected":false},"author":1,"featured_media":145349,"comment_status":"open","ping_status":"open","sticky":false,"template":"","format":"standard","meta":{"footnotes":""},"categories":[7],"tags":[9751,257,710,9750],"class_list":["post-145348","post","type-post","status-publish","format-standard","has-post-thumbnail","hentry","category-spor","tag-devre-arasi","tag-galatasaray","tag-genc","tag-yusuf-demir"],"_links":{"self":[{"href":"https:\/\/kamucalisani.net\/index.php\/wp-json\/wp\/v2\/posts\/145348","targetHints":{"allow":["GET"]}}],"collection":[{"href":"https:\/\/kamucalisani.net\/index.php\/wp-json\/wp\/v2\/posts"}],"about":[{"href":"https:\/\/kamucalisani.net\/index.php\/wp-json\/wp\/v2\/types\/post"}],"author":[{"embeddable":true,"href":"https:\/\/kamucalisani.net\/index.php\/wp-json\/wp\/v2\/users\/1"}],"replies":[{"embeddable":true,"href":"https:\/\/kamucalisani.net\/index.php\/wp-json\/wp\/v2\/comments?post=145348"}],"version-history":[{"count":1,"href":"https:\/\/kamucalisani.net\/index.php\/wp-json\/wp\/v2\/posts\/145348\/revisions"}],"predecessor-version":[{"id":145351,"href":"https:\/\/kamucalisani.net\/index.php\/wp-json\/wp\/v2\/posts\/145348\/revisions\/145351"}],"wp:featuredmedia":[{"embeddable":true,"href":"https:\/\/kamucalisani.net\/index.php\/wp-json\/wp\/v2\/media\/145349"}],"wp:attachment":[{"href":"https:\/\/kamucalisani.net\/index.php\/wp-json\/wp\/v2\/media?parent=145348"}],"wp:term":[{"taxonomy":"category","embeddable":true,"href":"https:\/\/kamucalisani.net\/index.php\/wp-json\/wp\/v2\/categories?post=145348"},{"taxonomy":"post_tag","embeddable":true,"href":"https:\/\/kamucalisani.net\/index.php\/wp-json\/wp\/v2\/tags?post=145348"}],"curies":[{"name":"wp","href":"https:\/\/api.w.org\/{rel}","templated":true}]}}