{"id":145428,"date":"2025-11-27T17:54:08","date_gmt":"2025-11-27T17:54:08","guid":{"rendered":"https:\/\/kamucalisani.net\/?p=145428"},"modified":"2025-11-27T17:54:08","modified_gmt":"2025-11-27T17:54:08","slug":"canli-turkiye-bosna-hersek-ile-karsilasiyor","status":"publish","type":"post","link":"https:\/\/kamucalisani.net\/index.php\/2025\/11\/27\/canli-turkiye-bosna-hersek-ile-karsilasiyor\/","title":{"rendered":"CANLI | T\u00fcrkiye, Bosna Hersek ile kar\u015f\u0131la\u015f\u0131yor"},"content":{"rendered":"<p><p>Avrupa ikincisi 12 Dev Adam, EuroBasket sonras\u0131 ilk kez parkeye \u00e7\u0131k\u0131yor.<\/p>\n<p>A Milli Erkek Basketbol Tak\u0131m\u0131, FIBA Basketbol D\u00fcnya Kupas\u0131 Elemeleri C Grubu ilk ma\u00e7\u0131nda Bosna Hersek&#8217;i konuk edecek.<\/p>\n<p>Turkcell Basketbol Geli\u015fim Merkezi&#8217;nde oynanacak T\u00fcrkiye &#8211; Bosna Hersek kar\u015f\u0131la\u015fmas\u0131 saat 21.00&#8217;de ba\u015flayacak. M\u00fccadele TRT 1&#8217;den naklen yay\u0131nlanacak.<\/p>\n<p>Ge\u00e7ti\u011fimiz Eyl\u00fcl ay\u0131nda tarihi bir Avrupa \u015fampiyonas\u0131 ge\u00e7iren Milli Tak\u0131m, 2001&#8217;deki ba\u015far\u0131s\u0131n\u0131 tekrar etti.<\/p>\n<p>\u00a024 y\u0131l aran\u0131n ard\u0131ndan k\u00fcrs\u00fcye \u00e7\u0131kan 12 Dev Adam, Letonya&#8217;da g\u00fcm\u00fc\u015f madalya kazand\u0131.<\/p>\n<p>Millilerde s\u0131radaki hedef 2027&#8217;de Katar&#8217;da d\u00fczenlenecek D\u00fcnya Kupas\u0131 olacak. Ay y\u0131ld\u0131zl\u0131 ekip, son olarak 2010&#8217;da \u00fclkemizde d\u00fczenlenen turnuvan\u0131n tarihi finalinde Amerika Birle\u015fik Devletleri&#8217;yle kar\u015f\u0131la\u015fm\u0131\u015f ve g\u00fcm\u00fc\u015f madalya elde etmi\u015fti.<\/p>\n<p><strong>\u00a0EN SON 2019&#8217;DA KATILMI\u015eTIK<\/strong><\/p>\n<p>Son olarak 2019&#8217;da D\u00fcnya Kupas\u0131&#8217;nda yer alan 12 Dev Adam, turnuvaya 6. kez kat\u0131lmay\u0131 hedefliyor.<\/p>\n<p>A Milli Tak\u0131m&#8217;da NBA&#8217;de oynayan Alperen \u015eeng\u00fcn ve Adem Bona bu milli arada kadroda olmayacak. Sakatl\u0131\u011f\u0131 bulunan Shane Larkin&#8217;in yerine ise Tar\u0131k Biberovic kadroya dahil edildi.<\/p>\n<p>Avrupa Basketbol \u015eampiyonas\u0131&#8217;n\u0131 13. s\u0131rada bitiren Bosna Hersek ise tarihinde ilk kez D\u00fcnya Kupas\u0131&#8217;na kat\u0131labilmek i\u00e7in m\u00fccadele edecek.<\/p>\n<p>Turnuva sonras\u0131 ba\u015fantren\u00f6r de\u011fi\u015fikli\u011fine giden Balkan ekibi, Aziz Bekir yerine Dario Gjergja&#8217;y\u0131 tak\u0131m\u0131n ba\u015f\u0131na getirdi.<\/p>\n<p>Bosna Hersek&#8217;te EuroBasket kadrosunda yer alan NBA oyuncusu Jusuf Nurkic forma giyemeyecek.<\/p>\n<p>\u00a012 Dev Adam, Bosna Hersek ma\u00e7\u0131n\u0131n ard\u0131ndan 29 Kas\u0131m Pazar g\u00fcn\u00fc \u0130svi\u00e7re&#8217;ye konuk olacak.<\/p>\n\n<p><\/p>\n<p>Kaynak :\u00a0<span style=\"background-color: rgb(255, 249, 236); color: rgb(55, 58, 60); font-size: 14px;\">http:\/\/www.milliyet.com.tr\/skorer\/canli-turkiye-bosna-hersek-ile-karsilasiyor-7491548<\/span><\/p>\n","protected":false},"excerpt":{"rendered":"<p>A Milli Erkek Basketbol Tak\u0131m\u0131, D\u00fcnya Kupas\u0131 elemelerine ba\u015fl\u0131yor. 12 Dev Adam, ilk ma\u00e7\u0131nda Bosna Hersek&#8217;i konuk edecek. Turkcell Basketbol Geli\u015fim Merkezi&#8217;nde oynanacak m\u00fccadele bug\u00fcn saat 21.00&#8217;de ba\u015flayacak.<\/p>\n","protected":false},"author":1,"featured_media":145429,"comment_status":"open","ping_status":"open","sticky":false,"template":"","format":"standard","meta":{"footnotes":""},"categories":[7],"tags":[6680,1264,623],"class_list":["post-145428","post","type-post","status-publish","format-standard","has-post-thumbnail","hentry","category-spor","tag-bosna-hersek","tag-dev","tag-milli"],"_links":{"self":[{"href":"https:\/\/kamucalisani.net\/index.php\/wp-json\/wp\/v2\/posts\/145428","targetHints":{"allow":["GET"]}}],"collection":[{"href":"https:\/\/kamucalisani.net\/index.php\/wp-json\/wp\/v2\/posts"}],"about":[{"href":"https:\/\/kamucalisani.net\/index.php\/wp-json\/wp\/v2\/types\/post"}],"author":[{"embeddable":true,"href":"https:\/\/kamucalisani.net\/index.php\/wp-json\/wp\/v2\/users\/1"}],"replies":[{"embeddable":true,"href":"https:\/\/kamucalisani.net\/index.php\/wp-json\/wp\/v2\/comments?post=145428"}],"version-history":[{"count":1,"href":"https:\/\/kamucalisani.net\/index.php\/wp-json\/wp\/v2\/posts\/145428\/revisions"}],"predecessor-version":[{"id":145430,"href":"https:\/\/kamucalisani.net\/index.php\/wp-json\/wp\/v2\/posts\/145428\/revisions\/145430"}],"wp:featuredmedia":[{"embeddable":true,"href":"https:\/\/kamucalisani.net\/index.php\/wp-json\/wp\/v2\/media\/145429"}],"wp:attachment":[{"href":"https:\/\/kamucalisani.net\/index.php\/wp-json\/wp\/v2\/media?parent=145428"}],"wp:term":[{"taxonomy":"category","embeddable":true,"href":"https:\/\/kamucalisani.net\/index.php\/wp-json\/wp\/v2\/categories?post=145428"},{"taxonomy":"post_tag","embeddable":true,"href":"https:\/\/kamucalisani.net\/index.php\/wp-json\/wp\/v2\/tags?post=145428"}],"curies":[{"name":"wp","href":"https:\/\/api.w.org\/{rel}","templated":true}]}}