{"id":145656,"date":"2025-11-28T05:36:09","date_gmt":"2025-11-28T05:36:09","guid":{"rendered":"https:\/\/kamucalisani.net\/?p=145656"},"modified":"2025-11-28T05:36:09","modified_gmt":"2025-11-28T05:36:09","slug":"fenerbahcenin-macinda-arda-gulerden-yigit-efe-demir-paylasimi","status":"publish","type":"post","link":"https:\/\/kamucalisani.net\/index.php\/2025\/11\/28\/fenerbahcenin-macinda-arda-gulerden-yigit-efe-demir-paylasimi\/","title":{"rendered":"Fenerbah\u00e7e&#8217;nin ma\u00e7\u0131nda Arda G\u00fcler&#8217;den Yi\u011fit Efe Demir payla\u015f\u0131m\u0131!"},"content":{"rendered":"<p><p>UEFA Avrupa Ligi&#8217;nin 5. haftas\u0131nda Fenerbah\u00e7e, sahas\u0131nda Macaristan temsilcisi Ferencvaros ile 1-1 berabere kald\u0131.<\/p>\n<p>Sar\u0131-lacivertlilerde Jayden Oosterwolde ve \u00c7a\u011flar S\u00f6y\u00fcnc\u00fc&#8217;n\u00fcn yoklu\u011funda savunmada 21 ya\u015f\u0131ndaki gen\u00e7 futbolcu Yi\u011fit Efe Demir forma \u015fans\u0131 buldu.<\/p>\n<p>Gen\u00e7 futbolcu sar\u0131-lacivertli formayla ilk kez ilk 11&#8217;de ma\u00e7a ba\u015flad\u0131. 76 dakika sahada kalan Yi\u011fit Efe Demir, performans\u0131yla be\u011fenileri toplarken oyundan \u00e7\u0131kt\u0131\u011f\u0131 s\u0131rada taraftarlar taraf\u0131ndan da ayakta alk\u0131\u015fland\u0131.<\/p>\n<p><strong>ARDA&#8217;DAN PAYLA\u015eIM<\/strong><\/p>\n<p>Real Madrid formas\u0131 giyen Milli y\u0131ld\u0131z Arda G\u00fcler de Yi\u011fit Efe Demir i\u00e7in payla\u015f\u0131mda bulundu.<\/p>\n<p>Arda G\u00fcler, Yi\u011fit Efe&#8217;nin ma\u00e7tan \u00e7\u0131karken g\u00f6r\u00fcnt\u00fcs\u00fcn\u00fc, sosyal medya hesab\u0131ndan &#8220;Ma\u015fallah karde\u015fim benim daha nice hayallerine.&#8221; ifadeleriyle payla\u015ft\u0131.<\/p>\n<div>\n<div><img decoding=\"async\" src=\"https:\/\/kamucalisani.net\/wp-content\/uploads\/2025\/11\/fenerbahcenin-macinda-arda-gulerden-yigit-efe-demir-paylasimi-0-MjIx1AJg.jpg\"\/><\/img><\/div>\n<\/div>\n<p><\/p>\n<p>Kaynak :\u00a0<span style=\"background-color: rgb(255, 249, 236); color: rgb(55, 58, 60); font-size: 14px;\">http:\/\/www.milliyet.com.tr\/skorer\/fenerbahcenin-macinda-arda-gulerden-yigit-efe-demir-paylasimi-7491722<\/span><\/p>\n","protected":false},"excerpt":{"rendered":"<p>Fenerbah\u00e7e&#8217;nin UEFA Avrupa Ligi&#8217;nde, Ferencvaros ile kar\u015f\u0131 kar\u015f\u0131ya geldi\u011fi m\u00fccadelede 21 ya\u015f\u0131ndaki gen\u00e7 futbolcu Yi\u011fit Efe Demir performans\u0131yla dikkatleri \u00e7ekerken Arda G\u00fcler&#8217;den payla\u015f\u0131m geldi.<\/p>\n","protected":false},"author":1,"featured_media":145657,"comment_status":"open","ping_status":"open","sticky":false,"template":"","format":"standard","meta":{"footnotes":""},"categories":[7],"tags":[],"class_list":["post-145656","post","type-post","status-publish","format-standard","has-post-thumbnail","hentry","category-spor"],"_links":{"self":[{"href":"https:\/\/kamucalisani.net\/index.php\/wp-json\/wp\/v2\/posts\/145656","targetHints":{"allow":["GET"]}}],"collection":[{"href":"https:\/\/kamucalisani.net\/index.php\/wp-json\/wp\/v2\/posts"}],"about":[{"href":"https:\/\/kamucalisani.net\/index.php\/wp-json\/wp\/v2\/types\/post"}],"author":[{"embeddable":true,"href":"https:\/\/kamucalisani.net\/index.php\/wp-json\/wp\/v2\/users\/1"}],"replies":[{"embeddable":true,"href":"https:\/\/kamucalisani.net\/index.php\/wp-json\/wp\/v2\/comments?post=145656"}],"version-history":[{"count":1,"href":"https:\/\/kamucalisani.net\/index.php\/wp-json\/wp\/v2\/posts\/145656\/revisions"}],"predecessor-version":[{"id":145659,"href":"https:\/\/kamucalisani.net\/index.php\/wp-json\/wp\/v2\/posts\/145656\/revisions\/145659"}],"wp:featuredmedia":[{"embeddable":true,"href":"https:\/\/kamucalisani.net\/index.php\/wp-json\/wp\/v2\/media\/145657"}],"wp:attachment":[{"href":"https:\/\/kamucalisani.net\/index.php\/wp-json\/wp\/v2\/media?parent=145656"}],"wp:term":[{"taxonomy":"category","embeddable":true,"href":"https:\/\/kamucalisani.net\/index.php\/wp-json\/wp\/v2\/categories?post=145656"},{"taxonomy":"post_tag","embeddable":true,"href":"https:\/\/kamucalisani.net\/index.php\/wp-json\/wp\/v2\/tags?post=145656"}],"curies":[{"name":"wp","href":"https:\/\/api.w.org\/{rel}","templated":true}]}}