{"id":145666,"date":"2025-11-28T06:36:10","date_gmt":"2025-11-28T06:36:10","guid":{"rendered":"https:\/\/kamucalisani.net\/?p=145666"},"modified":"2025-11-28T06:36:10","modified_gmt":"2025-11-28T06:36:10","slug":"galatasaray-fenerbahce-ve-samsunsporun-maclari-sonrasi-uefa-ulke-puaninda-son-durum-belli-oldu","status":"publish","type":"post","link":"https:\/\/kamucalisani.net\/index.php\/2025\/11\/28\/galatasaray-fenerbahce-ve-samsunsporun-maclari-sonrasi-uefa-ulke-puaninda-son-durum-belli-oldu\/","title":{"rendered":"Galatasaray, Fenerbah\u00e7e ve Samsunspor&#8217;un ma\u00e7lar\u0131 sonras\u0131 UEFA \u00fclke puan\u0131nda son durum belli oldu!"},"content":{"rendered":"<p><p>Galatasaray&#8217;\u0131n UEFA \u015eampiyonlar Ligi&#8217;ndeki 1-0&#8217;l\u0131k Union Saint-Gilloise ma\u011flubiyetinin ard\u0131ndan UEFA Avrupa Ligi&#8217;nde Fenerbah\u00e7e ve UEFA Konferans Ligi&#8217;nde Samsunspor haftay\u0131 beraberlikle tamamlad\u0131.<\/p>\n<p>T\u00fcrk tak\u0131mlar\u0131 Avrupa&#8217;da \u00fcst \u00fcste 3 ma\u00e7 haftas\u0131nda 8 galibiyet 1 beraberlik elde etmi\u015fti. Bu hafta ise temsilcilerimiz galibiyet elde edemedi.<\/p>\n<p><strong>FENERBAH\u00c7E VE SAMSUNSPOR&#8217;DAN BERABERL\u0130K<\/strong><\/p>\n<p>UEFA Avrupa Ligi 5. hafta ma\u00e7\u0131nda Fenerbah\u00e7e ve Ferencvaros aras\u0131ndaki m\u00fccadele 1-1 bitti. Fenerbah\u00e7e 8 puanla haftay\u0131 20. s\u0131rada tamamlad\u0131.<\/p>\n<p>Samsunspor ise Konferans Ligi&#8217;nde Breidablik ile deplasmanda kar\u015f\u0131la\u015ft\u0131 ve ma\u00e7 2-2 sona erdi. Karadeniz temsilcisi 4. haftay\u0131 da lider kapatt\u0131.<\/p>\n<p><strong>\u00dcLKE PUANI G\u00dcNCELLEND\u0130<\/strong><\/p>\n<p>B\u00fct\u00fcn ma\u00e7lar\u0131n tamamlanmas\u0131n\u0131n ard\u0131ndan UEFA \u00fclke puanlar\u0131 g\u00fcncellendi. T\u00fcrkiye, UEFA \u00fclke puan s\u0131ralamas\u0131nda bu haftaya kadar 47.000 puanla 9. s\u0131rada yer al\u0131yordu.<\/p>\n<p>Bu hafta ma\u00e7lar\u0131 sonras\u0131nda \u00fclke puan\u0131m\u0131z\u0131 47.400&#8217;e y\u00fckselttik.<\/p>\n<p><strong>\u00dclke puan\u0131 s\u0131rlamas\u0131nda son durum \u015fu \u015fekilde:<\/strong><\/p>\n<p>1- \u0130NG\u0130LTERE | 101.672<\/p>\n<p>2- \u0130TALYA | 90.517<\/p>\n<p>3- \u0130SPANYA | 84.203<\/p>\n<p>4- ALMANYA | 80.974<\/p>\n<p>5- FRANSA | 72.391<\/p>\n<p>6- HOLLANDA | 64.700<\/p>\n<p>7- PORTEK\u0130Z | 62.066<\/p>\n<p>8- BEL\u00c7\u0130KA | 57.750<\/p>\n<p><span><strong>9- T\u00dcRK\u0130YE | 47.400<\/strong><\/span><\/p>\n<p>10- \u00c7EKYA | 44.300<\/p>\n<p><strong>SIRADAK\u0130 RAK\u0130PLER<\/strong><\/p>\n<p>Galatasaray UEFA \u015eampiyonlar Ligi&#8217;nde 6. ma\u00e7\u0131nda 9 Aral\u0131k ak\u015fam\u0131 Fransa&#8217;n\u0131n AS Monaco tak\u0131m\u0131na konuk olacak.<\/p>\n<p>Fenerbah\u00e7e UEFA Avrupa Ligi&#8217;nin 6. haftas\u0131nda 11 Aral\u0131k ak\u015fam\u0131 Norve\u00e7&#8217;in Brann tak\u0131m\u0131yla deplasmanda oynayacak.<\/p>\n<p>Samsunspor ise UEFA Konferans Ligi&#8217;nin 5. haftas\u0131nda ayn\u0131 ak\u015fam Yunanistan&#8217;\u0131n AEK tak\u0131m\u0131n\u0131 a\u011f\u0131rlayacak.<\/p>\n\n<p><\/p>\n<p>Kaynak :\u00a0<span style=\"background-color: rgb(255, 249, 236); color: rgb(55, 58, 60); font-size: 14px;\">http:\/\/www.milliyet.com.tr\/skorer\/galatasaray-fenerbahce-ve-samsunsporun-maclari-sonrasi-uefa-ulke-puaninda-son-durum-belli-oldu-7491743<\/span><\/p>\n","protected":false},"excerpt":{"rendered":"<p>Galatasaray, Fenerbah\u00e7e ve Samsunspor&#8217;un Avrupa&#8217;daki ma\u00e7lar\u0131n\u0131n ard\u0131ndan g\u00f6zler UEFA \u00fclke puan\u0131na \u00e7evrildi.<\/p>\n","protected":false},"author":1,"featured_media":145667,"comment_status":"open","ping_status":"open","sticky":false,"template":"","format":"standard","meta":{"footnotes":""},"categories":[7],"tags":[184,9766,288,642],"class_list":["post-145666","post","type-post","status-publish","format-standard","has-post-thumbnail","hentry","category-spor","tag-fenerbahce","tag-liginde","tag-mac","tag-uefa"],"_links":{"self":[{"href":"https:\/\/kamucalisani.net\/index.php\/wp-json\/wp\/v2\/posts\/145666","targetHints":{"allow":["GET"]}}],"collection":[{"href":"https:\/\/kamucalisani.net\/index.php\/wp-json\/wp\/v2\/posts"}],"about":[{"href":"https:\/\/kamucalisani.net\/index.php\/wp-json\/wp\/v2\/types\/post"}],"author":[{"embeddable":true,"href":"https:\/\/kamucalisani.net\/index.php\/wp-json\/wp\/v2\/users\/1"}],"replies":[{"embeddable":true,"href":"https:\/\/kamucalisani.net\/index.php\/wp-json\/wp\/v2\/comments?post=145666"}],"version-history":[{"count":1,"href":"https:\/\/kamucalisani.net\/index.php\/wp-json\/wp\/v2\/posts\/145666\/revisions"}],"predecessor-version":[{"id":145668,"href":"https:\/\/kamucalisani.net\/index.php\/wp-json\/wp\/v2\/posts\/145666\/revisions\/145668"}],"wp:featuredmedia":[{"embeddable":true,"href":"https:\/\/kamucalisani.net\/index.php\/wp-json\/wp\/v2\/media\/145667"}],"wp:attachment":[{"href":"https:\/\/kamucalisani.net\/index.php\/wp-json\/wp\/v2\/media?parent=145666"}],"wp:term":[{"taxonomy":"category","embeddable":true,"href":"https:\/\/kamucalisani.net\/index.php\/wp-json\/wp\/v2\/categories?post=145666"},{"taxonomy":"post_tag","embeddable":true,"href":"https:\/\/kamucalisani.net\/index.php\/wp-json\/wp\/v2\/tags?post=145666"}],"curies":[{"name":"wp","href":"https:\/\/api.w.org\/{rel}","templated":true}]}}