{"id":145899,"date":"2025-11-28T12:24:11","date_gmt":"2025-11-28T12:24:11","guid":{"rendered":"https:\/\/kamucalisani.net\/?p=145899"},"modified":"2025-11-28T12:24:11","modified_gmt":"2025-11-28T12:24:11","slug":"3-tonluk-sac-levha-faciasi-2-isci-feci-sekilde-can-verdi","status":"publish","type":"post","link":"https:\/\/kamucalisani.net\/index.php\/2025\/11\/28\/3-tonluk-sac-levha-faciasi-2-isci-feci-sekilde-can-verdi\/","title":{"rendered":"3 tonluk sac levha facias\u0131! 2 i\u015f\u00e7i feci \u015fekilde can verdi"},"content":{"rendered":"<p><p>Olay, sabah saatlerinde Yah\u015fihan Organize Sanayi B\u00f6lgesi&#8217;nde end\u00fcstriyel ekipman \u00fcretim tesisinde meydana geldi. Kaynak yapmak i\u00e7in hava kazan\u0131n\u0131n i\u00e7ine giren i\u015f\u00e7iler Mutlu Atay ve Tekin Omay, 3 ton a\u011f\u0131rl\u0131\u011f\u0131ndaki sac levhan\u0131n kaymas\u0131 sonucu levhan\u0131n alt\u0131nda kald\u0131.<\/p>\n<div>\n<div><img decoding=\"async\" src=\"https:\/\/kamucalisani.net\/wp-content\/uploads\/2025\/11\/3-tonluk-sac-levha-faciasi-2-isci-feci-sekilde-can-verdi-0-yWXFwPxJ.jpg\"\/><\/img><\/div>\n<\/div>\n<p>\u0130\u015f arkada\u015flar\u0131n\u0131n ihbar\u0131yla olay yerine sa\u011fl\u0131k, jandarma ve itfaiye ekipleri sevk edildi. Ekipler, levhan\u0131n alt\u0131nda kalan 2 i\u015f\u00e7inin cans\u0131z bedenine ula\u015ft\u0131.<\/p>\n<p>\u0130\u015f\u00e7ilerin cesetleri, yap\u0131lan incelemeden sonra hastane morguna g\u00f6t\u00fcr\u00fcld\u00fc.<\/p>\n<div>\n<div><img decoding=\"async\" src=\"https:\/\/kamucalisani.net\/wp-content\/uploads\/2025\/11\/3-tonluk-sac-levha-faciasi-2-isci-feci-sekilde-can-verdi-1-ykrlItLm.jpg\"\/><\/img><\/div>\n<\/div>\n<p>Olayla ilgili soru\u015fturma ba\u015flat\u0131ld\u0131.<\/p>\n\n<p><\/p>\n<p>Kaynak :\u00a0<span style=\"background-color: rgb(255, 249, 236); color: rgb(55, 58, 60); font-size: 14px;\">http:\/\/www.milliyet.com.tr\/gundem\/3-tonluk-sac-levha-faciasi-2-isci-feci-sekilde-can-verdi-7491966<\/span><\/p>\n","protected":false},"excerpt":{"rendered":"<p>K\u0131r\u0131kkale\u2019de end\u00fcstriyel ekipman \u00fcretim tesisinde 3 tonluk sac levhan\u0131n alt\u0131nda kalan i\u015f\u00e7iler Mutlu Atay (56) ile Tekin Omay (58), hayat\u0131n\u0131 kaybetti.<\/p>\n","protected":false},"author":1,"featured_media":145900,"comment_status":"open","ping_status":"open","sticky":false,"template":"","format":"standard","meta":{"footnotes":""},"categories":[3],"tags":[],"class_list":["post-145899","post","type-post","status-publish","format-standard","has-post-thumbnail","hentry","category-guncel"],"_links":{"self":[{"href":"https:\/\/kamucalisani.net\/index.php\/wp-json\/wp\/v2\/posts\/145899","targetHints":{"allow":["GET"]}}],"collection":[{"href":"https:\/\/kamucalisani.net\/index.php\/wp-json\/wp\/v2\/posts"}],"about":[{"href":"https:\/\/kamucalisani.net\/index.php\/wp-json\/wp\/v2\/types\/post"}],"author":[{"embeddable":true,"href":"https:\/\/kamucalisani.net\/index.php\/wp-json\/wp\/v2\/users\/1"}],"replies":[{"embeddable":true,"href":"https:\/\/kamucalisani.net\/index.php\/wp-json\/wp\/v2\/comments?post=145899"}],"version-history":[{"count":1,"href":"https:\/\/kamucalisani.net\/index.php\/wp-json\/wp\/v2\/posts\/145899\/revisions"}],"predecessor-version":[{"id":145903,"href":"https:\/\/kamucalisani.net\/index.php\/wp-json\/wp\/v2\/posts\/145899\/revisions\/145903"}],"wp:featuredmedia":[{"embeddable":true,"href":"https:\/\/kamucalisani.net\/index.php\/wp-json\/wp\/v2\/media\/145900"}],"wp:attachment":[{"href":"https:\/\/kamucalisani.net\/index.php\/wp-json\/wp\/v2\/media?parent=145899"}],"wp:term":[{"taxonomy":"category","embeddable":true,"href":"https:\/\/kamucalisani.net\/index.php\/wp-json\/wp\/v2\/categories?post=145899"},{"taxonomy":"post_tag","embeddable":true,"href":"https:\/\/kamucalisani.net\/index.php\/wp-json\/wp\/v2\/tags?post=145899"}],"curies":[{"name":"wp","href":"https:\/\/api.w.org\/{rel}","templated":true}]}}