{"id":146019,"date":"2025-11-28T15:24:12","date_gmt":"2025-11-28T15:24:12","guid":{"rendered":"https:\/\/kamucalisani.net\/?p=146019"},"modified":"2025-11-28T15:24:12","modified_gmt":"2025-11-28T15:24:12","slug":"vatikan-devlet-baskani-papa-14-leo-iznikte-ayinde-dikkat-ceken-anlar","status":"publish","type":"post","link":"https:\/\/kamucalisani.net\/index.php\/2025\/11\/28\/vatikan-devlet-baskani-papa-14-leo-iznikte-ayinde-dikkat-ceken-anlar\/","title":{"rendered":"Vatikan Devlet Ba\u015fkan\u0131 Papa 14. Leo, \u0130znik&#8217;te! Ayinde dikkat \u00e7eken anlar"},"content":{"rendered":"<p><p>\u00a0T\u00fcrkiye ziyareti kapsam\u0131nda Ankara ve \u0130stanbul&#8217;da temaslarda bulunan Papa 14. Leo, program\u0131 kapsam\u0131nda Bursa&#8217;n\u0131n \u0130znik il\u00e7esine geldi.<\/p>\n<div>\n<div><img decoding=\"async\" src=\"https:\/\/kamucalisani.net\/wp-content\/uploads\/2025\/11\/vatikan-devlet-baskani-papa-14-leo-iznikte-ayinde-dikkat-ceken-anlar-0-TsSO3aUv.jpg\"\/><\/img><\/div>\n<\/div>\n<p>Papa 14. Leo&#8217;yu ta\u015f\u0131yan helikopter, ini\u015finden \u00f6nce \u0130znik G\u00f6l\u00fc&#8217;nde su \u00e7ekilmesiyle 2014&#8217;te ortaya \u00e7\u0131kan ve Aziz Neophytos ad\u0131na in\u015fa edildi\u011fi belirlenen bat\u0131k Aziz Neophytos Bazilikas\u0131 \u00f6ren yeri \u00fczerinde 3 tur atarak alan\u0131 havadan inceledi.<\/p>\n<div>\n<div><img decoding=\"async\" src=\"https:\/\/kamucalisani.net\/wp-content\/uploads\/2025\/11\/vatikan-devlet-baskani-papa-14-leo-iznikte-ayinde-dikkat-ceken-anlar-1-EkUSPWWe.jpg\"\/><\/img><\/div>\n<\/div>\n<p>Bu s\u0131rada hava, kara ve denizden geni\u015f g\u00fcvenlik \u00f6nlemleri al\u0131nd\u0131.<\/p>\n<div>\n<div><img decoding=\"async\" src=\"https:\/\/kamucalisani.net\/wp-content\/uploads\/2025\/11\/vatikan-devlet-baskani-papa-14-leo-iznikte-ayinde-dikkat-ceken-anlar-2-BtGFCK1F.jpg\"\/><\/img><\/div>\n<\/div>\n<p>Fener Rum Patri\u011fi Bartholomeos ve yetkililerin e\u015flik etti\u011fi Papa 14. Leo, bat\u0131k bazilika kal\u0131nt\u0131s\u0131n\u0131n oldu\u011fu b\u00f6lgede d\u00fczenlenen ayine kat\u0131ld\u0131.<\/p>\n<div>\n<div><img decoding=\"async\" src=\"https:\/\/kamucalisani.net\/wp-content\/uploads\/2025\/11\/vatikan-devlet-baskani-papa-14-leo-iznikte-ayinde-dikkat-ceken-anlar-3-gBXc4XiC.jpg\"\/><\/img><\/div>\n<\/div>\n<p><em><span><strong>T\u00f6rende, Hristiyan din adamlar\u0131 da yer ald\u0131<\/strong><\/span><\/em><\/p>\n<p>Birinci \u0130znik Konsili&#8217;nin 1700. y\u0131l d\u00f6n\u00fcm\u00fcn\u00fcn de\u011ferli bir f\u0131rsat oldu\u011funu s\u00f6yleyen Papa 14. Leo, bunun Hristiyanl\u0131k i\u00e7in anlam ve \u00f6nemine de\u011findi.<\/p>\n<div>\n<div><img decoding=\"async\" src=\"https:\/\/kamucalisani.net\/wp-content\/uploads\/2025\/11\/vatikan-devlet-baskani-papa-14-leo-iznikte-ayinde-dikkat-ceken-anlar-4-OmDeyeuQ.jpg\"\/><\/img><\/div>\n<\/div>\n<p>Papa 14. Leo, &#8220;G\u00fcn\u00fcm\u00fczde, \u015fiddet ve \u00e7at\u0131\u015fmalarla yaralanm\u0131\u015f t\u00fcm insanl\u0131k bar\u0131\u015f ve uzla\u015f\u0131 i\u00e7in hayk\u0131rmaktad\u0131r.&#8221; ifadesini kullanarak, dinin, sava\u015f, \u015fiddet ya da herhangi bir t\u00fcrde k\u00f6ktencilik veya fanatizm i\u00e7in kullan\u0131lmas\u0131n\u0131n &#8220;kesin bir dille&#8221; reddedilmesi gerekti\u011fini vurgulad\u0131.<\/p>\n<div>\n<div><img decoding=\"async\" src=\"https:\/\/kamucalisani.net\/wp-content\/uploads\/2025\/11\/vatikan-devlet-baskani-papa-14-leo-iznikte-ayinde-dikkat-ceken-anlar-5-ZsNtAzKl.jpg\"\/><\/img><\/div>\n<\/div>\n<p>Fener Rum Patri\u011fi Bartholomeos&#8217;a anma karar\u0131n\u0131 almas\u0131 nedeniyle te\u015fekk\u00fcrlerini sunan Papa 14. Leo, uzla\u015fma, birlik ve bar\u0131\u015f mesaj\u0131 verdi.<\/p>\n<div>\n<div><img decoding=\"async\" src=\"https:\/\/kamucalisani.net\/wp-content\/uploads\/2025\/11\/vatikan-devlet-baskani-papa-14-leo-iznikte-ayinde-dikkat-ceken-anlar-6-kua4D8O7.jpg\"\/><\/img><\/div>\n<\/div>\n<p>\u0130znik&#8217;teki program\u0131n\u0131n ard\u0131ndan tekrar \u0130stanbul&#8217;a hareket edecek olan Papa 14. Leo, T\u00fcrkiye&#8217;deki program\u0131n\u0131n ard\u0131ndan 30 Kas\u0131m Pazar g\u00fcn\u00fc L\u00fcbnan&#8217;\u0131n ba\u015fkenti Beyrut&#8217;a ge\u00e7ecek.<\/p>\n<p>\u00a0<\/p>\n\n<p><\/p>\n<p>Kaynak :\u00a0<span style=\"background-color: rgb(255, 249, 236); color: rgb(55, 58, 60); font-size: 14px;\">http:\/\/www.milliyet.com.tr\/gundem\/vatikan-devlet-baskani-papa-14-leo-iznikte-ayinde-dikkat-ceken-anlar-7492111<\/span><\/p>\n","protected":false},"excerpt":{"rendered":"<p>Vatikan Devlet Ba\u015fkan\u0131 Papa 14. Leo, Bursa&#8217;n\u0131n \u0130znik il\u00e7esinde, Birinci \u0130znik Konsili&#8217;nin 1700. y\u0131l d\u00f6n\u00fcm\u00fcne ili\u015fkin Hristiyan mezhepleri aras\u0131ndaki ayine kat\u0131larak hitapta bulundu.<\/p>\n","protected":false},"author":1,"featured_media":146020,"comment_status":"open","ping_status":"open","sticky":false,"template":"","format":"standard","meta":{"footnotes":""},"categories":[3],"tags":[9708],"class_list":["post-146019","post","type-post","status-publish","format-standard","has-post-thumbnail","hentry","category-guncel","tag-papa-14-leo"],"_links":{"self":[{"href":"https:\/\/kamucalisani.net\/index.php\/wp-json\/wp\/v2\/posts\/146019","targetHints":{"allow":["GET"]}}],"collection":[{"href":"https:\/\/kamucalisani.net\/index.php\/wp-json\/wp\/v2\/posts"}],"about":[{"href":"https:\/\/kamucalisani.net\/index.php\/wp-json\/wp\/v2\/types\/post"}],"author":[{"embeddable":true,"href":"https:\/\/kamucalisani.net\/index.php\/wp-json\/wp\/v2\/users\/1"}],"replies":[{"embeddable":true,"href":"https:\/\/kamucalisani.net\/index.php\/wp-json\/wp\/v2\/comments?post=146019"}],"version-history":[{"count":1,"href":"https:\/\/kamucalisani.net\/index.php\/wp-json\/wp\/v2\/posts\/146019\/revisions"}],"predecessor-version":[{"id":146028,"href":"https:\/\/kamucalisani.net\/index.php\/wp-json\/wp\/v2\/posts\/146019\/revisions\/146028"}],"wp:featuredmedia":[{"embeddable":true,"href":"https:\/\/kamucalisani.net\/index.php\/wp-json\/wp\/v2\/media\/146020"}],"wp:attachment":[{"href":"https:\/\/kamucalisani.net\/index.php\/wp-json\/wp\/v2\/media?parent=146019"}],"wp:term":[{"taxonomy":"category","embeddable":true,"href":"https:\/\/kamucalisani.net\/index.php\/wp-json\/wp\/v2\/categories?post=146019"},{"taxonomy":"post_tag","embeddable":true,"href":"https:\/\/kamucalisani.net\/index.php\/wp-json\/wp\/v2\/tags?post=146019"}],"curies":[{"name":"wp","href":"https:\/\/api.w.org\/{rel}","templated":true}]}}