{"id":146122,"date":"2025-11-28T17:36:09","date_gmt":"2025-11-28T17:36:09","guid":{"rendered":"https:\/\/kamucalisani.net\/?p=146122"},"modified":"2025-11-28T17:36:09","modified_gmt":"2025-11-28T17:36:09","slug":"galatasarayda-victor-osimhen-gelismesi-antrenmanda-yer-aldi","status":"publish","type":"post","link":"https:\/\/kamucalisani.net\/index.php\/2025\/11\/28\/galatasarayda-victor-osimhen-gelismesi-antrenmanda-yer-aldi\/","title":{"rendered":"Galatasaray&#8217;da Victor Osimhen geli\u015fmesi! Antrenmanda yer ald\u0131"},"content":{"rendered":"<p><p>Galatasaray&#8217;\u0131n \u00f6nemli isimlerinden Victor Osimhen, milli ma\u00e7ta ya\u015fad\u0131\u011f\u0131 sakatl\u0131k nedeniyle g\u00fcndemdeki yerini koruyor. \u00d6zellikle Fenerbah\u00e7e ile oynanacak derbi \u00f6ncesi futbolcunun forma giyip giyemeyece\u011fi merak konusu oldu. Kul\u00fcp sa\u011fl\u0131k ekibi Osimhen&#8217;in durumunu de\u011ferlendirmeyi s\u00fcrd\u00fcr\u00fcrken, teknik direkt\u00f6r karar\u0131n\u0131 oyuncunun son kontrollerine g\u00f6re verecek.<\/p>\n<p>\u00a0<\/p>\n<p><strong>SON \u0130DMANDA YER ALDI<\/strong><\/p>\n<p>Galatasaray, Trendyol S\u00fcper Lig\u2019in 14. haftas\u0131nda Fenerbah\u00e7e ile yapaca\u011f\u0131 ma\u00e7\u0131n haz\u0131rl\u0131klar\u0131n\u0131 bug\u00fcn Kemerburgaz Metin Oktay Tesisleri\u2019nde yapt\u0131\u011f\u0131 antrenmanla s\u00fcrd\u00fcrd\u00fc.<\/p>\n<p>Sakatl\u0131\u011f\u0131n\u0131 atlatan Victor Osimhen, idmanda yer ald\u0131.<\/p>\n<p><strong>A\u011eRI H\u0130SSEDERSE DERB\u0130 KA\u00c7AB\u0130L\u0130R<\/strong><\/p>\n<p>Ancak Osimhen&#8217;in yar\u0131n antrenmanda a\u011fr\u0131 hissetmesi durumunda, Fenerbah\u00e7e kar\u015f\u0131s\u0131nda forma giymesinin bir hayli zorla\u015faca\u011f\u0131 ifade ediliyor.<\/p>\n<p>Galatasaray&#8217;da derbi haz\u0131rl\u0131klar\u0131 s\u00fcrerken, t\u00fcm planlar y\u0131ld\u0131z golc\u00fcn\u00fcn son durumu \u00fczerine \u015fekilleniyor.<\/p>\n\n<p><\/p>\n<p>Kaynak :\u00a0<span style=\"background-color: rgb(255, 249, 236); color: rgb(55, 58, 60); font-size: 14px;\">http:\/\/www.milliyet.com.tr\/skorer\/galatasarayda-victor-osimhen-gelismesi-antrenmanda-yer-aldi-7492166<\/span><\/p>\n","protected":false},"excerpt":{"rendered":"<p>Galatasaray, Trendyol S\u00fcper Lig\u2019in 14. haftas\u0131nda Fenerbah\u00e7e ile yapaca\u011f\u0131 ma\u00e7\u0131n haz\u0131rl\u0131klar\u0131n\u0131 bug\u00fcn Kemerburgaz Metin Oktay Tesisleri\u2019nde yapt\u0131\u011f\u0131 antrenmanla s\u00fcrd\u00fcrd\u00fc<\/p>\n","protected":false},"author":1,"featured_media":146123,"comment_status":"open","ping_status":"open","sticky":false,"template":"","format":"standard","meta":{"footnotes":""},"categories":[7],"tags":[],"class_list":["post-146122","post","type-post","status-publish","format-standard","has-post-thumbnail","hentry","category-spor"],"_links":{"self":[{"href":"https:\/\/kamucalisani.net\/index.php\/wp-json\/wp\/v2\/posts\/146122","targetHints":{"allow":["GET"]}}],"collection":[{"href":"https:\/\/kamucalisani.net\/index.php\/wp-json\/wp\/v2\/posts"}],"about":[{"href":"https:\/\/kamucalisani.net\/index.php\/wp-json\/wp\/v2\/types\/post"}],"author":[{"embeddable":true,"href":"https:\/\/kamucalisani.net\/index.php\/wp-json\/wp\/v2\/users\/1"}],"replies":[{"embeddable":true,"href":"https:\/\/kamucalisani.net\/index.php\/wp-json\/wp\/v2\/comments?post=146122"}],"version-history":[{"count":1,"href":"https:\/\/kamucalisani.net\/index.php\/wp-json\/wp\/v2\/posts\/146122\/revisions"}],"predecessor-version":[{"id":146124,"href":"https:\/\/kamucalisani.net\/index.php\/wp-json\/wp\/v2\/posts\/146122\/revisions\/146124"}],"wp:featuredmedia":[{"embeddable":true,"href":"https:\/\/kamucalisani.net\/index.php\/wp-json\/wp\/v2\/media\/146123"}],"wp:attachment":[{"href":"https:\/\/kamucalisani.net\/index.php\/wp-json\/wp\/v2\/media?parent=146122"}],"wp:term":[{"taxonomy":"category","embeddable":true,"href":"https:\/\/kamucalisani.net\/index.php\/wp-json\/wp\/v2\/categories?post=146122"},{"taxonomy":"post_tag","embeddable":true,"href":"https:\/\/kamucalisani.net\/index.php\/wp-json\/wp\/v2\/tags?post=146122"}],"curies":[{"name":"wp","href":"https:\/\/api.w.org\/{rel}","templated":true}]}}