{"id":148461,"date":"2025-12-02T20:06:10","date_gmt":"2025-12-02T20:06:10","guid":{"rendered":"https:\/\/kamucalisani.net\/?p=148461"},"modified":"2025-12-02T20:06:10","modified_gmt":"2025-12-02T20:06:10","slug":"icisleri-bakanligi-harekete-gecti-tepki-ceken-koruma-goruntulerine-sorusturma","status":"publish","type":"post","link":"https:\/\/kamucalisani.net\/index.php\/2025\/12\/02\/icisleri-bakanligi-harekete-gecti-tepki-ceken-koruma-goruntulerine-sorusturma\/","title":{"rendered":"\u0130\u00e7i\u015fleri Bakanl\u0131\u011f\u0131 harekete ge\u00e7ti! Tepki \u00e7eken &#8216;Koruma&#8217; g\u00f6r\u00fcnt\u00fclerine soru\u015fturma"},"content":{"rendered":"<p><p>\u0130\u00e7i\u015fleri Bakanl\u0131\u011f\u0131, Cizre\u2019de d\u00fczenlenen bir sempozyumla ilgili \u2018koruma g\u00f6r\u00fcnt\u00fclerinin\u2019 kamuoyuna yans\u0131mas\u0131yla birlikte, g\u00f6r\u00fcnt\u00fclerle ilgili inceleme ba\u015flat\u0131ld\u0131\u011f\u0131n\u0131 duyurdu.<\/p>\n<p>Bakanl\u0131\u011f\u0131n resmi hesab\u0131 \u00fczerinden yap\u0131lan a\u00e7\u0131klamada, \u201cCizre\u2019de d\u00fczenlenen bir sempozyumla ilgili \u2018koruma g\u00f6r\u00fcnt\u00fclerinin\u2019 kamuoyuna yans\u0131mas\u0131yla birlikte, g\u00f6r\u00fcnt\u00fclerle ilgili inceleme ba\u015flat\u0131lm\u0131\u015f, sonras\u0131nda da konuyla ilgili 2 m\u00fcfetti\u015f g\u00f6revlendirilmi\u015ftir. Kamuoyuna sayg\u0131yla duyurulur\u201d ifadelerine verildi.<\/p>\n<div>\n<div><img decoding=\"async\" src=\"https:\/\/kamucalisani.net\/wp-content\/uploads\/2025\/12\/icisleri-bakanligi-harekete-gecti-tepki-ceken-koruma-goruntulerine-sorusturma-0-4IuOB4I9.jpg\"\/><\/img><\/div>\n<\/div>\n<p><strong>\u0130\u00c7\u0130\u015eLER\u0130&#8217;NDEN O G\u00d6R\u00dcNT\u00dcLERE SORU\u015eTURMA<\/strong><\/p>\n<p>\u0130\u00e7i\u015fleri Bakanl\u0131\u011f\u0131, Barzani&#8217;nin \u015e\u0131rnak&#8217;a uzun namlulu silahl\u0131 korumalar e\u015fli\u011finde gelmesiyle ilgili ba\u015flatt\u0131\u011f\u0131 soru\u015fturma kapsam\u0131nda iki m\u00fcfetti\u015f g\u00f6revlendirdi.<\/p>\n<p>Konuya ili\u015fkin AK Parti S\u00f6zc\u00fcs\u00fc \u00d6mer \u00c7elik &#8220;O g\u00f6r\u00fcnt\u00fcler naho\u015ftu, \u0130\u00e7i\u015fleri Bakanl\u0131\u011f\u0131m\u0131z soru\u015fturma y\u00fcr\u00fct\u00fcyor. Sonu\u00e7ta Barzani&#8217;nin aktif g\u00f6revi yok. Tabii ki g\u00fcvenli\u011fin sa\u011flanmas\u0131 gerekir ama T\u00fcrkiye Cumhuriyeti bu kudrete sahiptir.&#8221; dedi.<\/p>\n<p>Barzani ofisi ad\u0131na say\u0131n Bah\u00e7eli ile ilgili yay\u0131nlanan mesaja tepki g\u00f6steren S\u00f6zc\u00fc \u00c7elik &#8220;Say\u0131n Bah\u00e7eli&#8217;nin \u00f6nemli bir r\u00f6portaj\u0131 yay\u0131nland\u0131 T\u00fcrkg\u00fcn Gazetesi&#8217;nde. Barzani&#8217;nin ofisinde bir s\u00f6zc\u00fc yapm\u0131\u015f bu a\u00e7\u0131klamay\u0131. Kaleme al\u0131nan metin sayg\u0131s\u0131z metin. Irk\u00e7\u0131 fa\u015fist gibi ifadeler kullan\u0131l\u0131yor. Say\u0131n Bah\u00e7eli&#8217;nin bu de\u011ferlendirmeyi yaparken say\u0131n Barzani&#8217;yi koruyan g\u00fcvenlik\u00e7ilerle ilgili de\u011ferlendirmesi var ama say\u0131n Barzani&#8217;nin \u015fahs\u0131na ili\u015fkin bir olumsuz de\u011ferlendirmesi yoktur.&#8221; dedi ve \u015f\u00f6yle devam etti:<\/p>\n<p><strong>&#8220;SAYIN BAH\u00c7EL\u0130&#8217;YE SAYGISIZLIK KABUL ED\u0130LEMEZ&#8221;<\/strong><\/p>\n<p>&#8220;Barzani&#8217;nin \u015fahs\u0131yla, ziyaretiyle olumsuz ifade yok, g\u00f6r\u00fcnt\u00fclerle olumsuz ifadeleri var. Ofis s\u00f6zc\u00fcs\u00fc \u0131rk\u00e7\u0131 ve \u015fovenist gibi ifadeler kullanm\u0131\u015f. Say\u0131n Bah\u00e7eli&#8217;nin ter\u00f6rs\u00fcz b\u00f6lge \u00e7er\u00e7evesinde etraf\u0131m\u0131zda kurulan sayg\u0131 sevgi ili\u015fkisi diyor. Orada as\u0131l a\u00e7\u0131klamay\u0131 yapan ki\u015fi kimse onun kulland\u0131\u011f\u0131 dil \u0131rk\u00e7\u0131 ve \u015fovenist.<\/p>\n<p>O a\u00e7\u0131klama do\u011frudan say\u0131n Bah\u00e7eli&#8217;ye kar\u015f\u0131 sayg\u0131s\u0131z ifadelerdir. Bu kabul edilemez ve mutlaka d\u00fczeltilmesi gerekir. Ter\u00f6rs\u00fcz b\u00f6lge i\u00e7in emek veren b\u00fct\u00fcn bir siyasi hayat\u0131n g\u00fcc\u00fcn\u00fc bu i\u015fe seferber etmi\u015f, bu \u00fcslubun kullan\u0131lmas\u0131 ak\u0131ls\u0131zl\u0131k, idraksizlik. Bunu kim kaleme alm\u0131\u015fsa d\u00fczeltilmesi gerekir. Say\u0131n Barzani&#8217;nin \u00fclkemize ziyareti milletimizin alicenapl\u0131\u011f\u0131n\u0131n g\u00f6stergesidir diyor say\u0131n Bah\u00e7eli.&#8221;<\/p>\n\n<p><\/p>\n<p>Kaynak :\u00a0<span style=\"background-color: rgb(255, 249, 236); color: rgb(55, 58, 60); font-size: 14px;\">http:\/\/www.milliyet.com.tr\/gundem\/icisleri-bakanligi-harekete-gecti-tepki-ceken-koruma-goruntulerine-sorusturma-7494477<\/span><\/p>\n","protected":false},"excerpt":{"rendered":"<p>\u0130\u00e7i\u015fleri Bakanl\u0131\u011f\u0131, Barzani&#8217;nin \u015e\u0131rnak&#8217;a uzun namlulu silahl\u0131 korumalar e\u015fli\u011finde gelmesiyle ilgili soru\u015fturma ba\u015flatt\u0131. \u0130\u015fte detaylar&#8230;<\/p>\n","protected":false},"author":1,"featured_media":148462,"comment_status":"open","ping_status":"open","sticky":false,"template":"","format":"standard","meta":{"footnotes":""},"categories":[3],"tags":[2251,7236,4658],"class_list":["post-148461","post","type-post","status-publish","format-standard","has-post-thumbnail","hentry","category-guncel","tag-goruntuler","tag-ifadeler","tag-saygi"],"_links":{"self":[{"href":"https:\/\/kamucalisani.net\/index.php\/wp-json\/wp\/v2\/posts\/148461","targetHints":{"allow":["GET"]}}],"collection":[{"href":"https:\/\/kamucalisani.net\/index.php\/wp-json\/wp\/v2\/posts"}],"about":[{"href":"https:\/\/kamucalisani.net\/index.php\/wp-json\/wp\/v2\/types\/post"}],"author":[{"embeddable":true,"href":"https:\/\/kamucalisani.net\/index.php\/wp-json\/wp\/v2\/users\/1"}],"replies":[{"embeddable":true,"href":"https:\/\/kamucalisani.net\/index.php\/wp-json\/wp\/v2\/comments?post=148461"}],"version-history":[{"count":1,"href":"https:\/\/kamucalisani.net\/index.php\/wp-json\/wp\/v2\/posts\/148461\/revisions"}],"predecessor-version":[{"id":148464,"href":"https:\/\/kamucalisani.net\/index.php\/wp-json\/wp\/v2\/posts\/148461\/revisions\/148464"}],"wp:featuredmedia":[{"embeddable":true,"href":"https:\/\/kamucalisani.net\/index.php\/wp-json\/wp\/v2\/media\/148462"}],"wp:attachment":[{"href":"https:\/\/kamucalisani.net\/index.php\/wp-json\/wp\/v2\/media?parent=148461"}],"wp:term":[{"taxonomy":"category","embeddable":true,"href":"https:\/\/kamucalisani.net\/index.php\/wp-json\/wp\/v2\/categories?post=148461"},{"taxonomy":"post_tag","embeddable":true,"href":"https:\/\/kamucalisani.net\/index.php\/wp-json\/wp\/v2\/tags?post=148461"}],"curies":[{"name":"wp","href":"https:\/\/api.w.org\/{rel}","templated":true}]}}