{"id":148774,"date":"2025-12-03T11:48:09","date_gmt":"2025-12-03T11:48:09","guid":{"rendered":"https:\/\/kamucalisani.net\/?p=148774"},"modified":"2025-12-03T11:48:09","modified_gmt":"2025-12-03T11:48:09","slug":"derbide-carpismislardi-galatasarayin-idmaninda-dikkat-ceken-goruntu","status":"publish","type":"post","link":"https:\/\/kamucalisani.net\/index.php\/2025\/12\/03\/derbide-carpismislardi-galatasarayin-idmaninda-dikkat-ceken-goruntu\/","title":{"rendered":"Derbide \u00e7arp\u0131\u015fm\u0131\u015flard\u0131! Galatasaray&#8217;\u0131n idman\u0131nda dikkat \u00e7eken g\u00f6r\u00fcnt\u00fc"},"content":{"rendered":"<p><p>Samsunspor ile kar\u015f\u0131la\u015faca\u011f\u0131 ma\u00e7\u0131n haz\u0131rl\u0131klar\u0131na devam eden Galatasaray&#8217;da idmandaki bir g\u00f6r\u00fcnt\u00fc dikkat \u00e7ekti.<\/p>\n<p><strong>\u00c7ARPI\u015eMI\u015eLARDI<\/strong><\/p>\n<p>Fenerbah\u00e7e ile Galatasaray&#8217;\u0131n 1-1 berabere kald\u0131\u011f\u0131 ma\u00e7ta Lucas Torreira ile Kaz\u0131mcan Karata\u015f, kafa kafaya \u00e7arp\u0131\u015fm\u0131\u015ft\u0131.<\/p>\n<p>Pozisyonun ard\u0131ndan Torreira&#8217;n\u0131n kafas\u0131 sar\u0131l\u0131rken Kaz\u0131mcan Karata\u015f ise oyuna devam edememi\u015f ve sedyeyle oyunu terk etmi\u015fti.<\/p>\n<p>Ya\u015fananlar\u0131n ard\u0131nda sar\u0131 k\u0131rmz\u0131l\u0131larda Lucas Torreira idamdan kafas\u0131nda bandaj ile yer ald\u0131.<\/p>\n<p><strong>KAZIMCAN&#8217;IN G\u00d6Z\u00dcNDE BANDAJ<\/strong><\/p>\n<p>Ayn\u0131 zamanda \u00e7arp\u0131\u015fmadan \u00f6nce Galatasaray&#8217;\u0131n gol sevinci s\u0131ras\u0131nda y\u00fcz\u00fcne trib\u00fcnlerden yabanc\u0131 madde gelen Kaz\u0131mcan Karata\u015f&#8217;\u0131n da g\u00f6z\u00fcn\u00fcn alt\u0131nda bandaj yer ald\u0131.<\/p>\n\n<p><\/p>\n<p>Kaynak :\u00a0<span style=\"background-color: rgb(255, 249, 236); color: rgb(55, 58, 60); font-size: 14px;\">http:\/\/www.milliyet.com.tr\/skorer\/derbide-carpismislardi-galatasarayin-idmaninda-dikkat-ceken-goruntu-7494928<\/span><\/p>\n","protected":false},"excerpt":{"rendered":"<p>S\u00fcper Lig&#8217;in 15. haftas\u0131nda Samsunspor ile kar\u015f\u0131la\u015facak olan Galatasaray, haz\u0131rl\u0131klar\u0131na Kemerburgaz&#8217;da devam ederken idmanda bir g\u00f6r\u00fcnt\u00fc dikkat \u00e7ekti.<\/p>\n","protected":false},"author":1,"featured_media":148775,"comment_status":"open","ping_status":"open","sticky":false,"template":"","format":"standard","meta":{"footnotes":""},"categories":[7],"tags":[],"class_list":["post-148774","post","type-post","status-publish","format-standard","has-post-thumbnail","hentry","category-spor"],"_links":{"self":[{"href":"https:\/\/kamucalisani.net\/index.php\/wp-json\/wp\/v2\/posts\/148774","targetHints":{"allow":["GET"]}}],"collection":[{"href":"https:\/\/kamucalisani.net\/index.php\/wp-json\/wp\/v2\/posts"}],"about":[{"href":"https:\/\/kamucalisani.net\/index.php\/wp-json\/wp\/v2\/types\/post"}],"author":[{"embeddable":true,"href":"https:\/\/kamucalisani.net\/index.php\/wp-json\/wp\/v2\/users\/1"}],"replies":[{"embeddable":true,"href":"https:\/\/kamucalisani.net\/index.php\/wp-json\/wp\/v2\/comments?post=148774"}],"version-history":[{"count":1,"href":"https:\/\/kamucalisani.net\/index.php\/wp-json\/wp\/v2\/posts\/148774\/revisions"}],"predecessor-version":[{"id":148776,"href":"https:\/\/kamucalisani.net\/index.php\/wp-json\/wp\/v2\/posts\/148774\/revisions\/148776"}],"wp:featuredmedia":[{"embeddable":true,"href":"https:\/\/kamucalisani.net\/index.php\/wp-json\/wp\/v2\/media\/148775"}],"wp:attachment":[{"href":"https:\/\/kamucalisani.net\/index.php\/wp-json\/wp\/v2\/media?parent=148774"}],"wp:term":[{"taxonomy":"category","embeddable":true,"href":"https:\/\/kamucalisani.net\/index.php\/wp-json\/wp\/v2\/categories?post=148774"},{"taxonomy":"post_tag","embeddable":true,"href":"https:\/\/kamucalisani.net\/index.php\/wp-json\/wp\/v2\/tags?post=148774"}],"curies":[{"name":"wp","href":"https:\/\/api.w.org\/{rel}","templated":true}]}}