{"id":148888,"date":"2025-12-03T14:30:09","date_gmt":"2025-12-03T14:30:09","guid":{"rendered":"https:\/\/kamucalisani.net\/?p=148888"},"modified":"2025-12-03T14:30:09","modified_gmt":"2025-12-03T14:30:09","slug":"serdar-dursundan-derbi-aciklamasi-hatam-story-paylasmak","status":"publish","type":"post","link":"https:\/\/kamucalisani.net\/index.php\/2025\/12\/03\/serdar-dursundan-derbi-aciklamasi-hatam-story-paylasmak\/","title":{"rendered":"Serdar Dursun&#8217;dan derbi a\u00e7\u0131klamas\u0131! &#8216;Hatam story payla\u015fmak&#8217;"},"content":{"rendered":"<p><p>S\u00fcper Lig\u2019in 14. haftas\u0131nda oynanan Fenerbah\u00e7e ile Galatasaray derbisini izleyenler aras\u0131nda Kocaelispor\u2019un oyuncular\u0131ndan Serdar Dursun da yer alm\u0131\u015ft\u0131. Dursun\u2019un derbiyle ilgili payla\u015f\u0131mlar\u0131 ve sosyal medyaya yans\u0131yan g\u00f6r\u00fcnt\u00fcleri Kocaelisporlu taraftar\u0131n tepkisine neden olurken deneyimli golc\u00fc konu hakk\u0131nda konu\u015ftu.<\/p>\n<div>\n<div><img decoding=\"async\" src=\"https:\/\/kamucalisani.net\/wp-content\/uploads\/2025\/12\/serdar-dursundan-derbi-aciklamasi-hatam-story-paylasmak-0-DmIVAy4p.jpg\"\/><\/img><\/div>\n<\/div>\n<p><strong>Serdar Dursun&#8217;un s\u00f6zleri \u015fu \u015fekilde:<\/strong><\/p>\n<p>Taraftarlar rahat olsun, ben kan\u0131m\u0131n son damlas\u0131na kadar m\u00fccadele ederim. Bizi Fenerbah\u00e7e kul\u00fcb\u00fc davet etti, eski oyuncular\u0131 derbiyi izlemek i\u00e7in davet etti. Ma\u00e7a gitmemde bence hi\u00e7bir sorun yok. T\u00fcrkiye&#8217;de bir alg\u0131 var, eski tak\u0131ma yat\u0131yorsun gibi. Sel\u00e7uk \u0130nan&#8217;a da yapt\u0131lar bunu. Bu zihniyetten vazge\u00e7memiz laz\u0131m.<\/p>\n<p><strong>&#8216;ONURLU, GURURLU \u0130NSANLARIZ&#8217;<\/strong><\/p>\n<p>Onurlu, gururlu insanlar\u0131z. Ma\u00e7 satmak ya da bilerek oynamamak gibi bir \u015fey asla olamaz. Oradaki tek hatam hikaye payla\u015fmakt\u0131. Ke\u015fke payla\u015fmasayd\u0131m. Kocaelispor taraftar\u0131n\u0131 incittiysem, kusura bakmas\u0131nlar.<\/p>\n\n<p><\/p>\n<p>Kaynak :\u00a0<span style=\"background-color: rgb(255, 249, 236); color: rgb(55, 58, 60); font-size: 14px;\">http:\/\/www.milliyet.com.tr\/skorer\/serdar-dursundan-derbi-aciklamasi-hatam-story-paylasmak-7495037<\/span><\/p>\n","protected":false},"excerpt":{"rendered":"<p>S\u00fcper Lig&#8217;in 14. haftas\u0131nda Fenerbah\u00e7e&#8217;nin Galatasaray ile 1-1 berabere kald\u0131\u011f\u0131 ma\u00e7\u0131 yerinden izleyen Serdar Dursun, gelen tepkiler sonras\u0131 a\u00e7\u0131klamalarda bulundu.<\/p>\n","protected":false},"author":1,"featured_media":148889,"comment_status":"open","ping_status":"open","sticky":false,"template":"","format":"standard","meta":{"footnotes":""},"categories":[7],"tags":[],"class_list":["post-148888","post","type-post","status-publish","format-standard","has-post-thumbnail","hentry","category-spor"],"_links":{"self":[{"href":"https:\/\/kamucalisani.net\/index.php\/wp-json\/wp\/v2\/posts\/148888","targetHints":{"allow":["GET"]}}],"collection":[{"href":"https:\/\/kamucalisani.net\/index.php\/wp-json\/wp\/v2\/posts"}],"about":[{"href":"https:\/\/kamucalisani.net\/index.php\/wp-json\/wp\/v2\/types\/post"}],"author":[{"embeddable":true,"href":"https:\/\/kamucalisani.net\/index.php\/wp-json\/wp\/v2\/users\/1"}],"replies":[{"embeddable":true,"href":"https:\/\/kamucalisani.net\/index.php\/wp-json\/wp\/v2\/comments?post=148888"}],"version-history":[{"count":1,"href":"https:\/\/kamucalisani.net\/index.php\/wp-json\/wp\/v2\/posts\/148888\/revisions"}],"predecessor-version":[{"id":148891,"href":"https:\/\/kamucalisani.net\/index.php\/wp-json\/wp\/v2\/posts\/148888\/revisions\/148891"}],"wp:featuredmedia":[{"embeddable":true,"href":"https:\/\/kamucalisani.net\/index.php\/wp-json\/wp\/v2\/media\/148889"}],"wp:attachment":[{"href":"https:\/\/kamucalisani.net\/index.php\/wp-json\/wp\/v2\/media?parent=148888"}],"wp:term":[{"taxonomy":"category","embeddable":true,"href":"https:\/\/kamucalisani.net\/index.php\/wp-json\/wp\/v2\/categories?post=148888"},{"taxonomy":"post_tag","embeddable":true,"href":"https:\/\/kamucalisani.net\/index.php\/wp-json\/wp\/v2\/tags?post=148888"}],"curies":[{"name":"wp","href":"https:\/\/api.w.org\/{rel}","templated":true}]}}