{"id":148930,"date":"2025-12-03T15:30:09","date_gmt":"2025-12-03T15:30:09","guid":{"rendered":"https:\/\/kamucalisani.net\/?p=148930"},"modified":"2025-12-03T15:30:09","modified_gmt":"2025-12-03T15:30:09","slug":"recep-ucar-rizespora-imzayi-resmen-atti","status":"publish","type":"post","link":"https:\/\/kamucalisani.net\/index.php\/2025\/12\/03\/recep-ucar-rizespora-imzayi-resmen-atti\/","title":{"rendered":"Recep U\u00e7ar, Rizespor&#8217;a imzay\u0131 resmen att\u0131!"},"content":{"rendered":"<p><p>Rizespor, \u0130lhan Palut&#8217;tan bo\u015falan teknik direkt\u00f6rl\u00fck koltu\u011funa Recep U\u00e7ar&#8217;\u0131 getirdi. U\u00e7ar i\u00e7in Rizespor Stad\u0131&#8217;nda imza t\u00f6reni d\u00fczenlendi. \u00c7aykur Rizespor Ba\u015fkan\u0131 \u0130brahim Turgut&#8217;un a\u00e7\u0131l\u0131\u015f konu\u015fmas\u0131yla ba\u015flayan toplant\u0131da kul\u00fcb\u00fcn hedefleri, tak\u0131m\u0131n mevcut durumu ve yeni d\u00f6nem planlamas\u0131 payla\u015f\u0131ld\u0131. \u00c7aykur Rizespor Kul\u00fcp Ba\u015fkan\u0131 \u0130brahim Turgut, imza t\u00f6reninde yapt\u0131\u011f\u0131 konu\u015fmada Recep U\u00e7ar&#8217;a, &#8220;Rizespor ailesine ho\u015f geldiniz. Allah hay\u0131rl\u0131 u\u011furlu etsin&#8221; s\u00f6zleriyle hitap etti. U\u00e7ar&#8217;\u0131n spor camias\u0131n\u0131n k\u0131ymetli bir ismi oldu\u011funu vurgulayan Turgut, kendisine duyulan g\u00fcvenin tam oldu\u011funu s\u00f6yledi.<\/p>\n<p>Ba\u015fkan Turgut, g\u00f6revi kendi iste\u011fiyle b\u0131rakan \u0130lhan Palut&#8217;a da te\u015fekk\u00fcr ederek, &#8220;\u0130lhan Hocam\u0131z \u00e7ok karakterli, \u00e7ok d\u00fczg\u00fcn bir insand\u0131r. Hizmetleri k\u0131ymetlidir. Recep Hoca da ayn\u0131 profilin \u00fczerine koyarak ilerleyecektir&#8221; ifadelerini kulland\u0131.<\/p>\n<p><strong>Recep U\u00e7ar: &#8220;Ekibime, oyuncular\u0131ma ve \u015fehrin sinerjisine inan\u0131yorum&#8221;<\/strong><\/p>\n<p>\u0130mza t\u00f6reninde konu\u015fan Teknik Direkt\u00f6r Recep U\u00e7ar, T\u00fcrk futbolunun k\u00f6kl\u00fc kul\u00fcplerinden biri olan \u00c7aykur Rizespor&#8217;da g\u00f6rev alman\u0131n kendisi i\u00e7in b\u00fcy\u00fck bir mutluluk oldu\u011funu belirterek, &#8220;Bizi bu g\u00f6reve lay\u0131k g\u00f6ren ba\u015fkan\u0131m\u0131za ve y\u00f6netime te\u015fekk\u00fcr ediyorum. Tutkulu taraftarlar\u0131m\u0131z\u0131n \u00f6n\u00fcnde ayn\u0131 heyecan\u0131 payla\u015faca\u011f\u0131m\u0131z i\u00e7in \u00e7ok heyecanl\u0131y\u0131m&#8221; dedi.<\/p>\n<p>U\u00e7ar, kendisinden \u00f6nce g\u00f6rev yapan \u0130lhan Palut&#8217;a da te\u015fekk\u00fcr ederken onun 2,5 y\u0131ll\u0131k hizmetinin de\u011ferli oldu\u011funu ifade etti. Tak\u0131m\u0131n potansiyeline g\u00fcvendi\u011fini s\u00f6yleyen U\u00e7ar, &#8220;Kendime, ekibime, oyuncular\u0131m\u0131za ve \u015fehrin sinerjisine inan\u0131yorum. Tek amac\u0131m\u0131z gece g\u00fcnd\u00fcz \u00e7al\u0131\u015farak bu tak\u0131m\u0131 arzu etti\u011fi konumlara getirmek&#8221; diye konu\u015ftu.<\/p>\n<p><strong>&#8220;\u0130lk hedef, alt gruptan s\u0131yr\u0131lmak&#8221;<\/strong><\/p>\n<p>Recep U\u00e7ar, ilk hedeflerinin tak\u0131m\u0131n bulundu\u011fu alt gruptan bir an \u00f6nce s\u0131yr\u0131lmak oldu\u011funu belirterek, &#8220;Rizespor&#8217;u yeniden zor bir deplasman haline getirmek istiyoruz&#8217; ifadesini kulland\u0131. D\u00fcn ak\u015famki Pendikspor ma\u00e7\u0131n\u0131 trib\u00fcnden izledi\u011fini s\u00f6yleyen U\u00e7ar, oyuncular\u0131n ortaya koydu\u011fu enerjiden memnun oldu\u011funu vurgulayarak, &#8220;Sahada iyi bir sinerji vard\u0131. Kaliteli oyunculardan kurulu bir tak\u0131m var ancak kolay gol yeme ve \u00fcretmekte zorlanma sorunlar\u0131m\u0131z var. Bunlar\u0131n \u00e7\u00f6z\u00fcm\u00fc i\u00e7in \u00e7al\u0131\u015faca\u011f\u0131z&#8221; \u015feklinde konu\u015ftu.<\/p>\n<p><strong>&#8220;Bask\u0131l\u0131 bir oyun oynayaca\u011f\u0131z&#8221;<\/strong><\/p>\n<p>Oynatmak istedi\u011fi futbolla ilgili konu\u015fan U\u00e7ar, &#8220;Baz\u0131 zaaflar var. Az gol atan, fazla gol yiyen tak\u0131m istatistikleri ortada. Ancak d\u00fcn sahada geli\u015fime a\u00e7\u0131k bir yap\u0131 g\u00f6rd\u00fcm. \u0130\u00e7 sahada da d\u0131\u015f sahada da co\u015fkulu, bask\u0131l\u0131 ve \u00fcreten bir futbol oynayaca\u011f\u0131z&#8221; diye konu\u015ftu.<\/p>\n<p>U\u00e7ar, hafta sonu oynanacak Konyaspor deplasman\u0131na haz\u0131rl\u0131klar\u0131n ba\u015flad\u0131\u011f\u0131n\u0131 da ifade etti.<\/p>\n<p><strong>Taraftarlara mesaj<\/strong><\/p>\n<p>Recep U\u00e7ar, \u00f6nceki kul\u00fcplerinde de \u015fehirle ve taraftarla i\u00e7 i\u00e7e olmay\u0131 benimsedi\u011fini s\u00f6yleyerek, &#8220;\u015eehrin enerjisini ve sinerjisini stada yans\u0131tmak istiyorum. Sahada isyan eden, m\u00fccadele eden bir tak\u0131m izleyeceksiniz&#8221; dedi. U\u00e7ar, taraftarlardan tek iste\u011finin iyi g\u00fcnde, k\u00f6t\u00fc g\u00fcnde tak\u0131m\u0131n arkas\u0131nda durmalar\u0131 oldu\u011funu vurgulad\u0131.<\/p>\n<p>Toplant\u0131, bas\u0131n mensuplar\u0131yla hat\u0131ra foto\u011fraf\u0131 \u00e7ekilmesinin ard\u0131ndan sona ererken, Recep U\u00e7ar 1.5 y\u0131ll\u0131k s\u00f6zle\u015fmeye resmen imza att\u0131.<\/p>\n<p>\u00a0<\/p>\n\n<p><\/p>\n<p>Kaynak :\u00a0<span style=\"background-color: rgb(255, 249, 236); color: rgb(55, 58, 60); font-size: 14px;\">http:\/\/www.milliyet.com.tr\/skorer\/recep-ucar-rizespora-imzayi-resmen-atti-7495069<\/span><\/p>\n","protected":false},"excerpt":{"rendered":"<p>Rizespor, yeni teknik direkt\u00f6r\u00fc Recep U\u00e7ar ile 1.5 y\u0131ll\u0131k s\u00f6zle\u015fme imzalad\u0131. 50 ya\u015f\u0131ndaki teknik adam, tak\u0131m\u0131n potansiyeline g\u00fcvendi\u011fini s\u00f6yledi.<\/p>\n","protected":false},"author":1,"featured_media":148931,"comment_status":"open","ping_status":"open","sticky":false,"template":"","format":"standard","meta":{"footnotes":""},"categories":[7],"tags":[131,9219,7228,6543,9951],"class_list":["post-148930","post","type-post","status-publish","format-standard","has-post-thumbnail","hentry","category-spor","tag-oyun","tag-recep-ucar","tag-rizespor","tag-sahada","tag-ucar"],"_links":{"self":[{"href":"https:\/\/kamucalisani.net\/index.php\/wp-json\/wp\/v2\/posts\/148930","targetHints":{"allow":["GET"]}}],"collection":[{"href":"https:\/\/kamucalisani.net\/index.php\/wp-json\/wp\/v2\/posts"}],"about":[{"href":"https:\/\/kamucalisani.net\/index.php\/wp-json\/wp\/v2\/types\/post"}],"author":[{"embeddable":true,"href":"https:\/\/kamucalisani.net\/index.php\/wp-json\/wp\/v2\/users\/1"}],"replies":[{"embeddable":true,"href":"https:\/\/kamucalisani.net\/index.php\/wp-json\/wp\/v2\/comments?post=148930"}],"version-history":[{"count":1,"href":"https:\/\/kamucalisani.net\/index.php\/wp-json\/wp\/v2\/posts\/148930\/revisions"}],"predecessor-version":[{"id":148932,"href":"https:\/\/kamucalisani.net\/index.php\/wp-json\/wp\/v2\/posts\/148930\/revisions\/148932"}],"wp:featuredmedia":[{"embeddable":true,"href":"https:\/\/kamucalisani.net\/index.php\/wp-json\/wp\/v2\/media\/148931"}],"wp:attachment":[{"href":"https:\/\/kamucalisani.net\/index.php\/wp-json\/wp\/v2\/media?parent=148930"}],"wp:term":[{"taxonomy":"category","embeddable":true,"href":"https:\/\/kamucalisani.net\/index.php\/wp-json\/wp\/v2\/categories?post=148930"},{"taxonomy":"post_tag","embeddable":true,"href":"https:\/\/kamucalisani.net\/index.php\/wp-json\/wp\/v2\/tags?post=148930"}],"curies":[{"name":"wp","href":"https:\/\/api.w.org\/{rel}","templated":true}]}}