{"id":149012,"date":"2025-12-03T17:48:08","date_gmt":"2025-12-03T17:48:08","guid":{"rendered":"https:\/\/kamucalisani.net\/?p=149012"},"modified":"2025-12-03T17:48:08","modified_gmt":"2025-12-03T17:48:08","slug":"turkiyeden-romanyaya-savas-gemisi-ihracati-savunma-sanayiimiz-adina-onemli-bir-kilometre-tasi","status":"publish","type":"post","link":"https:\/\/kamucalisani.net\/index.php\/2025\/12\/03\/turkiyeden-romanyaya-savas-gemisi-ihracati-savunma-sanayiimiz-adina-onemli-bir-kilometre-tasi\/","title":{"rendered":"T\u00fcrkiye&#8217;den Romanya&#8217;ya sava\u015f gemisi ihracat\u0131! &#8216;Savunma sanayiimiz ad\u0131na \u00f6nemli bir kilometre ta\u015f\u0131&#8217;"},"content":{"rendered":"<p><p>G\u00f6rg\u00fcn, ASFAT&#8217;\u0131n Romanya&#8217;ya TCG Akhisar&#8217;\u0131n sat\u0131\u015f\u0131na y\u00f6nelik anla\u015fmay\u0131 de\u011ferlendirdi. G\u00f6rg\u00fcn, \u015fu ifadeleri kulland\u0131:<\/p>\n<p>&#8220;ASFAT&#8217;\u0131n, T\u00fcrkiye\u2019nin NATO ve Avrupa Birli\u011fi \u00fcyesi bir \u00fclkeye ger\u00e7ekle\u015ftirdi\u011fi ilk sava\u015f gemisi ihracat\u0131, savunma sanayimiz ad\u0131na \u00f6nemli bir kilometre ta\u015f\u0131d\u0131r. Bu ba\u015far\u0131, T\u00fcrkiye\u2019nin deniz platformlar\u0131nda ula\u015ft\u0131\u011f\u0131 seviyenin, savunma sanayimizin k\u00fcresel rekabet g\u00fcc\u00fcn\u00fcn ve dost-m\u00fcttefik \u00fclkelerin \u00fclkemize duydu\u011fu g\u00fcvenin g\u00fc\u00e7l\u00fc bir tezah\u00fcr\u00fcd\u00fcr.<\/p>\n<p>ASFAT ailesini, Milli Savunma Bakanl\u0131\u011f\u0131n\u0131 ve projede eme\u011fi ge\u00e7en t\u00fcm payda\u015flar\u0131m\u0131z\u0131 y\u00fcrekten tebrik ediyorum. T\u00fcrkiye, denizlerde de milli kabiliyetleriyle y\u00fckselmeye devam edecek, bu ba\u015far\u0131lar\u0131n ard\u0131 gelecektir.&#8221;<\/p>\n\n<p><\/p>\n<p>Kaynak :\u00a0<span style=\"background-color: rgb(255, 249, 236); color: rgb(55, 58, 60); font-size: 14px;\">http:\/\/www.milliyet.com.tr\/gundem\/turkiyeden-romanyaya-savas-gemisi-ihracati-savunma-sanayiimiz-adina-onemli-bir-kilometre-tasi-7495143<\/span><\/p>\n","protected":false},"excerpt":{"rendered":"<p>Cumhurba\u015fkanl\u0131\u011f\u0131 Savunma Sanayii Ba\u015fkan\u0131 Haluk G\u00f6rg\u00fcn, Askeri Fabrika ve Tersane \u0130\u015fletme Anonim \u015eirketi&#8217;nin (ASFAT), T\u00fcrkiye&#8217;nin NATO ve Avrupa Birli\u011fi \u00fcyesi bir \u00fclkeye ger\u00e7ekle\u015ftirdi\u011fi ilk sava\u015f gemisi ihracat\u0131n\u0131n, T\u00fcrk savunma sanayisi ad\u0131na \u00f6nemli bir kilometre ta\u015f\u0131 oldu\u011funu belirtti.<\/p>\n","protected":false},"author":1,"featured_media":149013,"comment_status":"open","ping_status":"open","sticky":false,"template":"","format":"standard","meta":{"footnotes":""},"categories":[3],"tags":[],"class_list":["post-149012","post","type-post","status-publish","format-standard","has-post-thumbnail","hentry","category-guncel"],"_links":{"self":[{"href":"https:\/\/kamucalisani.net\/index.php\/wp-json\/wp\/v2\/posts\/149012","targetHints":{"allow":["GET"]}}],"collection":[{"href":"https:\/\/kamucalisani.net\/index.php\/wp-json\/wp\/v2\/posts"}],"about":[{"href":"https:\/\/kamucalisani.net\/index.php\/wp-json\/wp\/v2\/types\/post"}],"author":[{"embeddable":true,"href":"https:\/\/kamucalisani.net\/index.php\/wp-json\/wp\/v2\/users\/1"}],"replies":[{"embeddable":true,"href":"https:\/\/kamucalisani.net\/index.php\/wp-json\/wp\/v2\/comments?post=149012"}],"version-history":[{"count":1,"href":"https:\/\/kamucalisani.net\/index.php\/wp-json\/wp\/v2\/posts\/149012\/revisions"}],"predecessor-version":[{"id":149014,"href":"https:\/\/kamucalisani.net\/index.php\/wp-json\/wp\/v2\/posts\/149012\/revisions\/149014"}],"wp:featuredmedia":[{"embeddable":true,"href":"https:\/\/kamucalisani.net\/index.php\/wp-json\/wp\/v2\/media\/149013"}],"wp:attachment":[{"href":"https:\/\/kamucalisani.net\/index.php\/wp-json\/wp\/v2\/media?parent=149012"}],"wp:term":[{"taxonomy":"category","embeddable":true,"href":"https:\/\/kamucalisani.net\/index.php\/wp-json\/wp\/v2\/categories?post=149012"},{"taxonomy":"post_tag","embeddable":true,"href":"https:\/\/kamucalisani.net\/index.php\/wp-json\/wp\/v2\/tags?post=149012"}],"curies":[{"name":"wp","href":"https:\/\/api.w.org\/{rel}","templated":true}]}}