{"id":149023,"date":"2025-12-03T18:06:08","date_gmt":"2025-12-03T18:06:08","guid":{"rendered":"https:\/\/kamucalisani.net\/?p=149023"},"modified":"2025-12-03T18:06:08","modified_gmt":"2025-12-03T18:06:08","slug":"kocaelideki-fabrika-yanginina-iliskin-is-sagligi-ve-guvenligi-firmasi-muduru-tutuklandi","status":"publish","type":"post","link":"https:\/\/kamucalisani.net\/index.php\/2025\/12\/03\/kocaelideki-fabrika-yanginina-iliskin-is-sagligi-ve-guvenligi-firmasi-muduru-tutuklandi\/","title":{"rendered":"Kocaeli&#8217;deki fabrika yang\u0131n\u0131na ili\u015fkin i\u015f sa\u011fl\u0131\u011f\u0131 ve g\u00fcvenli\u011fi firmas\u0131 m\u00fcd\u00fcr\u00fc tutukland\u0131"},"content":{"rendered":"<p><p>Gebze Cumhuriyet Ba\u015fsavc\u0131l\u0131\u011f\u0131nca y\u00fcr\u00fct\u00fclen soru\u015fturma kapsam\u0131nda haz\u0131rlanan bilirki\u015fi raporunda, K\u00fcresel OSGB&#8217;nin i\u015f sa\u011fl\u0131\u011f\u0131 ve g\u00fcvenli\u011fi hizmetlerini sahada etkin \u015fekilde yerine getirmedi\u011fi belirlendi.<\/p>\n<p>Raporda sorumlulu\u011fu bulundu\u011fu de\u011ferlendirilen i\u015f sa\u011fl\u0131\u011f\u0131 ve g\u00fcvenli\u011fi firmas\u0131n\u0131n sorumlu m\u00fcd\u00fcr\u00fc \u00dc.A. g\u00f6zalt\u0131na al\u0131nd\u0131.<\/p>\n<p>Emniyetteki i\u015flemlerinin ard\u0131ndan adliyeye sevk edilen \u015f\u00fcpheli, \u00e7\u0131kar\u0131ld\u0131\u011f\u0131 n\u00f6bet\u00e7i hakimlik\u00e7e tutukland\u0131.<\/p>\n<p><strong>NE OLMU\u015eTU?<\/strong><\/p>\n<p>Dilovas\u0131 il\u00e7esi Mimar Sinan Mahallesi&#8217;ndeki bir kozmetik fabrikas\u0131nda 8 Kas\u0131m&#8217;da \u00e7\u0131kan yang\u0131nda Tu\u011fba Ta\u015fdemir (17) ile kuzeni Nisanur Ta\u015fdemir (15), Cansu Eseto\u011flu (15), Han\u0131m G\u00fclek (52), Esma Gikan (31) ve \u015eeng\u00fcl Y\u0131lmaz (59) hayat\u0131n\u0131 kaybetmi\u015f, 7 ki\u015fi yaralanm\u0131\u015ft\u0131.<\/p>\n<p>Kocaeli \u015eehir Hastanesi&#8217;ne kald\u0131r\u0131lan Tuncay Y\u0131ld\u0131z, yo\u011fun bak\u0131mda yap\u0131lan m\u00fcdahalelere ra\u011fmen kurtar\u0131lamam\u0131\u015ft\u0131.<\/p>\n<p>Olaya ili\u015fkin ba\u015flat\u0131lan soru\u015fturma kapsam\u0131nda g\u00f6zalt\u0131na al\u0131nan 11 \u015f\u00fcpheliden, aralar\u0131nda i\u015f yeri sahiplerinin de bulundu\u011fu 7 ki\u015fi tutuklanm\u0131\u015f, Dilovas\u0131 Belediye Ba\u015fkan Yard\u0131mc\u0131s\u0131 N.T, Zab\u0131ta M\u00fcd\u00fcr\u00fc N.B, zab\u0131ta personeli C.T, \u00d6.K. ve T.\u0130. g\u00f6revden uzakla\u015ft\u0131r\u0131lm\u0131\u015f, tutuklu bulundu\u011fu cezaevinde kalp krizi ge\u00e7iren fabrikan\u0131n sahiplerinden Kurtulu\u015f O. kald\u0131r\u0131ld\u0131\u011f\u0131 hastanede ya\u015fam\u0131n\u0131 yitirmi\u015fti.<\/p>\n\n<p><\/p>\n<p>Kaynak :\u00a0<span style=\"background-color: rgb(255, 249, 236); color: rgb(55, 58, 60); font-size: 14px;\">http:\/\/www.milliyet.com.tr\/gundem\/kocaelideki-fabrika-yanginina-iliskin-is-sagligi-ve-guvenligi-firmasi-muduru-tutuklandi-7495145<\/span><\/p>\n","protected":false},"excerpt":{"rendered":"<p>Kocaeli&#8217;nin Dilovas\u0131 il\u00e7esinde 7 ki\u015finin \u00f6ld\u00fc\u011f\u00fc, 6 ki\u015finin yaraland\u0131\u011f\u0131 kozmetik fabrikas\u0131ndaki yang\u0131na ili\u015fkin Ortak Sa\u011fl\u0131k ve G\u00fcvenlik Biriminin (OSGB) sorumlu m\u00fcd\u00fcr\u00fc tutukland\u0131.<\/p>\n","protected":false},"author":1,"featured_media":149024,"comment_status":"open","ping_status":"open","sticky":false,"template":"","format":"standard","meta":{"footnotes":""},"categories":[3],"tags":[],"class_list":["post-149023","post","type-post","status-publish","format-standard","has-post-thumbnail","hentry","category-guncel"],"_links":{"self":[{"href":"https:\/\/kamucalisani.net\/index.php\/wp-json\/wp\/v2\/posts\/149023","targetHints":{"allow":["GET"]}}],"collection":[{"href":"https:\/\/kamucalisani.net\/index.php\/wp-json\/wp\/v2\/posts"}],"about":[{"href":"https:\/\/kamucalisani.net\/index.php\/wp-json\/wp\/v2\/types\/post"}],"author":[{"embeddable":true,"href":"https:\/\/kamucalisani.net\/index.php\/wp-json\/wp\/v2\/users\/1"}],"replies":[{"embeddable":true,"href":"https:\/\/kamucalisani.net\/index.php\/wp-json\/wp\/v2\/comments?post=149023"}],"version-history":[{"count":1,"href":"https:\/\/kamucalisani.net\/index.php\/wp-json\/wp\/v2\/posts\/149023\/revisions"}],"predecessor-version":[{"id":149025,"href":"https:\/\/kamucalisani.net\/index.php\/wp-json\/wp\/v2\/posts\/149023\/revisions\/149025"}],"wp:featuredmedia":[{"embeddable":true,"href":"https:\/\/kamucalisani.net\/index.php\/wp-json\/wp\/v2\/media\/149024"}],"wp:attachment":[{"href":"https:\/\/kamucalisani.net\/index.php\/wp-json\/wp\/v2\/media?parent=149023"}],"wp:term":[{"taxonomy":"category","embeddable":true,"href":"https:\/\/kamucalisani.net\/index.php\/wp-json\/wp\/v2\/categories?post=149023"},{"taxonomy":"post_tag","embeddable":true,"href":"https:\/\/kamucalisani.net\/index.php\/wp-json\/wp\/v2\/tags?post=149023"}],"curies":[{"name":"wp","href":"https:\/\/api.w.org\/{rel}","templated":true}]}}