{"id":149406,"date":"2025-12-04T11:36:10","date_gmt":"2025-12-04T11:36:10","guid":{"rendered":"https:\/\/kamucalisani.net\/?p=149406"},"modified":"2025-12-04T11:36:10","modified_gmt":"2025-12-04T11:36:10","slug":"son-dakika-rojin-kabais-davasinda-flas-gelisme-13-ay-sonra-ortaya-cikan-gizli-tanik-babayla-yuzlesti-kacirildigini-gordum","status":"publish","type":"post","link":"https:\/\/kamucalisani.net\/index.php\/2025\/12\/04\/son-dakika-rojin-kabais-davasinda-flas-gelisme-13-ay-sonra-ortaya-cikan-gizli-tanik-babayla-yuzlesti-kacirildigini-gordum\/","title":{"rendered":"Son dakika&#8230; Rojin Kabai\u015f davas\u0131nda fla\u015f geli\u015fme! 13 ay sonra ortaya \u00e7\u0131kan gizli tan\u0131k babayla y\u00fczle\u015fti: \u2018Ka\u00e7\u0131r\u0131ld\u0131\u011f\u0131n\u0131 g\u00f6rd\u00fcm\u2019"},"content":{"rendered":"<p><p>Kanal D ekranlar\u0131nda Hakan Ural ve Ferda Y\u0131ld\u0131r\u0131m\u2019\u0131n sundu\u011fu \u201cNeler Oluyor Hayatta\u201d yine g\u00fcndeme damga vuran konu ve konuklarla canl\u0131 yay\u0131ndayd\u0131. \u00d6l\u00fcm\u00fcn\u00fcn \u00fczerinden 1 y\u0131l ge\u00e7en Rojin Kabai\u015f dosyas\u0131nda kartlar yeniden da\u011f\u0131t\u0131ld\u0131.<\/p>\n<p>\u201cBir erkek taraf\u0131ndan beyaz arabaya zorla bindirildi\u011fini g\u00f6rd\u00fcm\u201d diyen gizli tan\u0131kla ac\u0131l\u0131 baba Nizamettin Kabai\u015f ilk kez canl\u0131 yay\u0131nda kar\u015f\u0131 kar\u015f\u0131ya geldi. \u201cRojin\u2019in \u00f6l\u00fcm\u00fc kesinlikle cinayet\u201d diyen Adli T\u0131p Uzman\u0131 Prof. Dr. Nevzat Alkan da st\u00fcdyodayd\u0131.<\/p>\n<p><strong>\u201cROJ\u0130N\u2019\u0130N KA\u00c7IRILDI\u011eINI G\u00d6RD\u00dcM\u201d<\/strong><\/p>\n<p>Yay\u0131na ba\u011flanan gizli tan\u0131k, Rojin\u2019in kayboldu\u011fu g\u00fcn saat 21.00-22.00 aras\u0131nda bir erkek taraf\u0131ndan zorla beyaz bir arabaya bindirildi\u011fini, o arac\u0131n i\u00e7erisinde \u015fof\u00f6r koltu\u011funda ba\u015fka bir erke\u011fin daha oldu\u011funu s\u00f6yledi. Gizli tan\u0131\u011f\u0131n iddias\u0131na g\u00f6re Rojin\u2019i arabaya bindiren ki\u015fi 1.70 boylar\u0131nda, orta kilolu, d\u00fcz sa\u00e7l\u0131 ve 25-30 ya\u015flar\u0131nda biriydi. Gizli tan\u0131k, Rojin\u2019in araca zorla bindirilmeye \u00e7al\u0131\u015f\u0131l\u0131rken \u201cBabama s\u00f6ylemeden gitmem, haberi var m\u0131?\u201d dedi\u011fini duydu\u011funu da belirtti.<\/p>\n<p>\u00a0<\/p>\n<div>\n<div><img decoding=\"async\" src=\"https:\/\/kamucalisani.net\/wp-content\/uploads\/2025\/12\/son-dakika-rojin-kabais-davasinda-flas-gelisme-13-ay-sonra-ortaya-cikan-gizli-tanik-HICyqOVe.jpg\"\/><\/img><\/div>\n<\/div>\n<p><strong>NEDEN 13 AY BEKLED\u0130?<\/strong><\/p>\n<p>Gizli tan\u0131k \u201cNeden 13 ay sonra ortaya \u00e7\u0131kt\u0131n\u0131z?\u201d sorusuna da \u015f\u00f6yle cevap verdi: Van Belediyesi\u2019nin misafirhanesinde konakl\u0131yordum. O g\u00fcn baba Nizamettin Kabai\u015f ve ekipler Rojin\u2019i ar\u0131yorlard\u0131. H\u00e2l\u00e2 bulunmam\u0131\u015ft\u0131. Rojin\u2019in hareketleri, zorla arabaya bindirili\u015fi dikkatimi \u00e7ekince misafirhanedeki \u00e7al\u0131\u015fana haber verdim. V\u00fccudunda iki farkl\u0131 erkek DNA\u2019s\u0131 ortaya \u00e7\u0131k\u0131nca da ifade verme gere\u011fi duydum.<\/p>\n<div>\n<div><img decoding=\"async\" src=\"https:\/\/kamucalisani.net\/wp-content\/uploads\/2025\/12\/son-dakika-rojin-kabais-davasinda-flas-gelisme-13-ay-sonra-ortaya-cikan-gizli-tanik-9SW635cE.jpg\"\/><\/img><\/div>\n<\/div>\n<p><\/p>\n<p>Kaynak :\u00a0<span style=\"background-color: rgb(255, 249, 236); color: rgb(55, 58, 60); font-size: 14px;\">http:\/\/www.milliyet.com.tr\/gundem\/son-dakika-rojin-kabais-davasinda-flas-gelisme-13-ay-sonra-ortaya-cikan-gizli-tanik-babayla-yuzlesti-kacirildigini-gordum-7495641<\/span><\/p>\n","protected":false},"excerpt":{"rendered":"<p>Rojin Kabai\u015f&#8217;in \u00f6l\u00fcm\u00fcyle ilgili davada gizli bir tan\u0131k, ilk kez kameralar kar\u015f\u0131s\u0131na ge\u00e7ti. Tan\u0131k, Rojin&#8217;in kayboldu\u011fu gece bir erkek taraf\u0131ndan beyaz bir arabaya zorla bindirildi\u011fini iddia etti. Gizli tan\u0131k \u201cNeden 13 ay sonra ortaya \u00e7\u0131kt\u0131n\u0131z?\u201d sorusuna da cevap verdi.<\/p>\n","protected":false},"author":1,"featured_media":149407,"comment_status":"open","ping_status":"open","sticky":false,"template":"","format":"standard","meta":{"footnotes":""},"categories":[3],"tags":[6057,8494],"class_list":["post-149406","post","type-post","status-publish","format-standard","has-post-thumbnail","hentry","category-guncel","tag-gizli","tag-rojin"],"_links":{"self":[{"href":"https:\/\/kamucalisani.net\/index.php\/wp-json\/wp\/v2\/posts\/149406","targetHints":{"allow":["GET"]}}],"collection":[{"href":"https:\/\/kamucalisani.net\/index.php\/wp-json\/wp\/v2\/posts"}],"about":[{"href":"https:\/\/kamucalisani.net\/index.php\/wp-json\/wp\/v2\/types\/post"}],"author":[{"embeddable":true,"href":"https:\/\/kamucalisani.net\/index.php\/wp-json\/wp\/v2\/users\/1"}],"replies":[{"embeddable":true,"href":"https:\/\/kamucalisani.net\/index.php\/wp-json\/wp\/v2\/comments?post=149406"}],"version-history":[{"count":1,"href":"https:\/\/kamucalisani.net\/index.php\/wp-json\/wp\/v2\/posts\/149406\/revisions"}],"predecessor-version":[{"id":149410,"href":"https:\/\/kamucalisani.net\/index.php\/wp-json\/wp\/v2\/posts\/149406\/revisions\/149410"}],"wp:featuredmedia":[{"embeddable":true,"href":"https:\/\/kamucalisani.net\/index.php\/wp-json\/wp\/v2\/media\/149407"}],"wp:attachment":[{"href":"https:\/\/kamucalisani.net\/index.php\/wp-json\/wp\/v2\/media?parent=149406"}],"wp:term":[{"taxonomy":"category","embeddable":true,"href":"https:\/\/kamucalisani.net\/index.php\/wp-json\/wp\/v2\/categories?post=149406"},{"taxonomy":"post_tag","embeddable":true,"href":"https:\/\/kamucalisani.net\/index.php\/wp-json\/wp\/v2\/tags?post=149406"}],"curies":[{"name":"wp","href":"https:\/\/api.w.org\/{rel}","templated":true}]}}