{"id":149449,"date":"2025-12-04T12:42:09","date_gmt":"2025-12-04T12:42:09","guid":{"rendered":"https:\/\/kamucalisani.net\/?p=149449"},"modified":"2025-12-04T12:42:09","modified_gmt":"2025-12-04T12:42:09","slug":"daha-once-iki-kisiyi-katledip-aftan-cikmisti-5-cocugunun-annesini-olduren-cani-hakkinda-karar","status":"publish","type":"post","link":"https:\/\/kamucalisani.net\/index.php\/2025\/12\/04\/daha-once-iki-kisiyi-katledip-aftan-cikmisti-5-cocugunun-annesini-olduren-cani-hakkinda-karar\/","title":{"rendered":"Daha \u00f6nce iki ki\u015fiyi katledip aftan \u00e7\u0131km\u0131\u015ft\u0131! 5 \u00e7ocu\u011funun annesini \u00f6ld\u00fcren cani hakk\u0131nda karar"},"content":{"rendered":"<p><p>Olay, 22 Ekim 2024\u2019te Kayap\u0131nar il\u00e7esi Huzurevleri Mahallesi\u2019nde meydana geldi. Abdullah \u015eeyhmuso\u011flu ile Evin Demirta\u015f bir s\u00fcre dini nikahla birlikte ya\u015fad\u0131ktan sonra ayr\u0131ld\u0131. \u015eeyhmuso\u011flu, bar\u0131\u015fma teklifini kabul etmeyen Demirta\u015f&#8217;\u0131 takip ederek ge\u00e7ece\u011fi sokakta beklemeye ba\u015flad\u0131. Yakla\u015f\u0131k 2 saat sokaktaki bir k\u0131raathanede oturan \u015eeyhmuso\u011flu, Demirta\u015f\u2019\u0131 g\u00f6r\u00fcnce yakla\u015f\u0131p yan\u0131nda getirdi\u011fi tabancay\u0131 \u00e7\u0131kard\u0131.<\/p>\n<p>Silah\u0131 fark eden Evin Demirta\u015f, ka\u00e7maya \u00e7al\u0131\u015ft\u0131. Abdullah \u015eeyhmuso\u011flu, pe\u015fine d\u00fc\u015ft\u00fc\u011f\u00fc Demirta\u015f\u2019\u0131 art arda ate\u015f ederek vurdu. Abdullah \u015eeyhmuso\u011flu ka\u00e7arken, \u00e7evredekilerin ihbar\u0131 \u00fczerine b\u00f6lgeye sa\u011fl\u0131k ve polis ekipleri sevk edildi. Sa\u011fl\u0131k ekiplerinin kontrol\u00fcnde Evin Demirta\u015f\u2019\u0131n hayat\u0131n\u0131 kaybetti\u011fi belirlendi. Demirta\u015f\u2019\u0131n cenazesi, Adli T\u0131p Kurumu\u2019ndaki otopsinin ard\u0131ndan yak\u0131nlar\u0131 taraf\u0131ndan teslim al\u0131n\u0131p, topra\u011fa verildi.<\/p>\n<p><strong>OLAY KAMERAYA YANSIDI<\/strong><\/p>\n<p>\u00d6te yandan, Abdullah \u015eeyhmuso\u011flu\u2019nun k\u0131raathanede bekledi\u011fi ve Demirta\u015f\u2019a pe\u015f pe\u015fe ate\u015f etti\u011fi anlar ise g\u00fcvenlik kameras\u0131na yans\u0131d\u0131. Olaydan bir hafta sonra Asayi\u015f \u015eube M\u00fcd\u00fcrl\u00fc\u011f\u00fc Cinayet B\u00fcro Amirli\u011fi ekipleri, Abdullah \u015eeyhmuso\u011flu&#8217;nu olayda kulland\u0131\u011f\u0131 tabancayla sakland\u0131\u011f\u0131 arkada\u015f\u0131n\u0131n evinde yakalay\u0131p g\u00f6zalt\u0131na ald\u0131. \u015eeyhmuso\u011flu, i\u015flemlerinin ard\u0131ndan sevk edildi\u011fi adliyede \u00e7\u0131kar\u0131ld\u0131\u011f\u0131 mahkemede tutuklanarak cezaevine g\u00f6nderildi.<\/p>\n<div>\n<div><img decoding=\"async\" src=\"https:\/\/kamucalisani.net\/wp-content\/uploads\/2025\/12\/daha-once-iki-kisiyi-katledip-aftan-cikmisti-5-cocugunun-annesini-olduren-cani-hakkinda-karar-GgzYrsVP.jpg\"\/><\/img><\/div>\n<\/div>\n<p><strong>\u2018BA\u015eKASIYLA EVLEND\u0130\u011e\u0130N\u0130 S\u00d6YLED\u0130, REFLEKSLE SIKMAYA DEVAM ETT\u0130M\u2019<\/strong><\/p>\n<p>Abdullah \u015eeyhmuso\u011flu\u2019nun \u2018Kad\u0131na kar\u015f\u0131 kasten \u00f6ld\u00fcrme\u2019 su\u00e7undan yarg\u0131land\u0131\u011f\u0131 dava, Diyarbak\u0131r 1\u2019inci A\u011f\u0131r Ceza Mahkemesi\u2019nde g\u00f6r\u00fcld\u00fc. Duru\u015fmaya san\u0131k Abdullah \u015eehmuso\u011flu, maktul Evin Demirta\u015f\u2019\u0131n karde\u015fi Fatma \u00c7elebi ile \u00e7ocuklar\u0131, taraf avukatlar\u0131 ve Diyarbak\u0131r Barosu Kad\u0131n Haklar\u0131 Dan\u0131\u015fma ve Uygulama Merkezi avukat\u0131 kat\u0131ld\u0131. Abdullah \u015eehmuso\u011flu, savunmas\u0131nda olay g\u00fcn\u00fcn\u00fc anlatarak, \u201cE\u015fimle 1994 y\u0131l\u0131nda evlendik, 30 y\u0131ld\u0131r beraberiz. Son 3 y\u0131l onda bir tuhafl\u0131k vard\u0131, evi satt\u0131, k\u00fcs\u00fcp gitti. Benim e\u015fimle zaten temas\u0131m ve irtibat\u0131m yoktu. \u00c7ocuklar\u0131m annesiyle konu\u015fmu\u015f, \u00e7ocuklar\u0131ma da \u2018Ben evlendim\u2019 demi\u015f. 30 y\u0131ld\u0131r devam eden imam nikah\u0131m\u0131z vard\u0131, resmi nikah\u0131m\u0131z yoktu. 5 ortak \u00e7ocu\u011fumuz vard\u0131r. Ben onu bulmaya \u00e7al\u0131\u015ft\u0131m. Arac\u0131mda bir ar\u0131za vard\u0131, olay g\u00fcn\u00fc d\u00fckkana gidip par\u00e7a bulmaya \u00e7al\u0131\u015f\u0131yordum. Sonra kahvehanede oturup \u00e7ay i\u00e7tim, e\u015fimin kar\u015f\u0131dan geldi\u011fini g\u00f6rd\u00fcm. Beni g\u00f6r\u00fcyordu, 2 metre kadar yan\u0131ma geldi. Ben ona \u2018Senin bu s\u00f6ylediklerin do\u011fru mudur\u2019 dedim. Bana \u2018Evet ben biriyle evlendim, seninle ilgim kalmad\u0131, \u015ferefin ve namusun varsa bir daha kar\u015f\u0131ma \u00e7\u0131kma\u2019 dedi. \u2018Bunu bana nas\u0131l yapars\u0131n\u2019 deyince, \u2018Elinden geleni ard\u0131na koyma, evlendi\u011fim ki\u015fi senden daha gen\u00e7tir\u2019 dedi. Bunu duyunca d\u00fcnyam ba\u015f\u0131ma y\u0131k\u0131ld\u0131, g\u00f6z\u00fcm karard\u0131. O anki ruh halimle b\u0131rak\u0131p gitmeye \u00e7al\u0131\u015ft\u0131m, arkas\u0131ndan gittim durmad\u0131. Durdurmaya \u00e7al\u0131\u015ft\u0131m, silah\u0131 \u00e7ektim. \u2018Dur, sen ne i\u00e7in b\u00f6yle yapt\u0131n\u2019 dedim. Bana \u2018Sen erkek misin, cesaretin var m\u0131 silah\u0131 s\u0131kmaya\u2019 dedi. Ben de o an 2 tane s\u0131kt\u0131m, yere d\u00fc\u015ft\u00fc. Refleksle s\u0131kmaya devam ettim, \u2018Allah\u2019tan korkmad\u0131n m\u0131, merhametin yok mu, hi\u00e7 utanmad\u0131n m\u0131\u2019 dedim\u201d dedi.<\/p>\n<p><strong>EV\u0130N\u2019E 17 EL ATE\u015e ETM\u0130\u015e<\/strong><\/p>\n<p>\u015eeyhmuso\u011flu\u2019nun savunmas\u0131 ve tan\u0131klar\u0131n dinlenmesinin ard\u0131ndan, Cumhuriyet savc\u0131s\u0131 esas hakk\u0131ndaki m\u00fctalaas\u0131n\u0131 sundu. M\u00fctalaada, Evin Demirta\u015f\u2019\u0131n marketten al\u0131\u015fveri\u015f yap\u0131p evine do\u011fru gitti\u011fi s\u0131rada san\u0131k Abdullah\u2019\u0131n maktul\u00fcn kar\u015f\u0131s\u0131na \u00e7\u0131kt\u0131\u011f\u0131 ve san\u0131\u011f\u0131n \u00fczerinde bulunan silahla Evin\u2019i v\u00fccudunun muhtelif yerlerine \u00f6nce 3-4 el, sonra \u015farj\u00f6r de\u011fi\u015ftirerek toplamda 17 el ate\u015f ederek kasten \u00f6ld\u00fcrd\u00fc\u011f\u00fc belirtildi. M\u00fctalaada ayr\u0131ca Evin Demirta\u015f\u2019\u0131n 3 \u00e7ocu\u011fundan al\u0131nan beyanlar\u0131nda babalar\u0131ndan \u015fikayet\u00e7i olmad\u0131klar\u0131n\u0131 beyan ettikleri, olaya dair kamera g\u00f6r\u00fcnt\u00fclerinin de bulundu\u011fu, \u015eeyhmuso\u011flu\u2019nun yakaland\u0131\u011f\u0131nda olayda kulland\u0131\u011f\u0131 silah\u0131 da teslim etti\u011fi ve olay yerinde bulunan 17 merminin hepsinin teslim edilen tabancadan ate\u015flendi\u011finin tespiti yer ald\u0131.<\/p>\n<p><strong>A\u011eIRLA\u015eTIRILMI\u015e M\u00dcEBBET CEZASINA \u00c7ARPTIRILDI<\/strong><\/p>\n<p>Mahkeme heyeti, tan\u0131k beyanlar\u0131n\u0131n ve avukatlar\u0131n savunmalar\u0131n ard\u0131ndan san\u0131k Abdullah \u015eehmuso\u011flu hakk\u0131nda, maktul Evin Demirta\u015f&#8217;a y\u00f6nelik sabit g\u00f6r\u00fclen \u2018Kad\u0131na kar\u015f\u0131 kasten \u00f6ld\u00fcrme\u2019 su\u00e7undan, eylemine uyan TCK&#8217;n\u0131n 82\/1-f maddesi gere\u011fince a\u011f\u0131rla\u015ft\u0131r\u0131lm\u0131\u015f m\u00fcebbet hapis cezas\u0131 ile cezaland\u0131r\u0131lmas\u0131na karar verdi.<\/p>\n<p><strong>DAHA \u00d6NCE DE E\u015e\u0130N\u0130 VE 1 K\u0130\u015e\u0130Y\u0130 DAHA \u00d6LD\u00dcR\u00dcP, AFTAN YARARLANMI\u015e<\/strong><\/p>\n<p>Mahkeme heyeti, ayr\u0131ca \u015eeyhmuso\u011flu\u2019nun haks\u0131z tahrik ko\u015fullar\u0131n\u0131n uygulanmas\u0131na yer olmad\u0131\u011f\u0131na, san\u0131\u011f\u0131n daha \u00f6nce e\u015fini ve ba\u015fka bir ki\u015fiyi \u00f6ld\u00fcr\u00fcp 1974 y\u0131l\u0131ndaki genel aftan faydalanarak serbest kald\u0131\u011f\u0131na dair beyan\u0131, 17 el ate\u015f ederek ortaya koydu\u011fu yo\u011fun kast ve eylemin i\u015fleni\u015f bi\u00e7iminin vahameti, so\u011fukkanl\u0131l\u0131\u011f\u0131, pi\u015fmanl\u0131k g\u00f6stermeyi\u015fi dikkate al\u0131nd\u0131\u011f\u0131nda yeniden su\u00e7 i\u015flemeyece\u011fi y\u00f6n\u00fcnde mahkemede olumlu kanaat olu\u015fmad\u0131\u011f\u0131ndan, takdiren TCK&#8217;n\u0131n 62\/1 maddesi uyar\u0131nca takdiri indirim uygulanmas\u0131na yer olmad\u0131\u011f\u0131na karar verdi. \u015eehmuso\u011flu\u2019nun ayr\u0131ca silah bulundurma su\u00e7unu i\u015fledi\u011finin tespiti, su\u00e7un i\u015fleni\u015f bi\u00e7imi, su\u00e7un konusunun \u00f6nem ve de\u011feri g\u00f6z \u00f6n\u00fcne al\u0131narak 2 y\u0131l hapis ve 50 g\u00fcn adli para cezas\u0131 ile cezaland\u0131r\u0131lmas\u0131na karar verildi.<\/p>\n\n<p><\/p>\n<p>Kaynak :\u00a0<span style=\"background-color: rgb(255, 249, 236); color: rgb(55, 58, 60); font-size: 14px;\">http:\/\/www.milliyet.com.tr\/gundem\/daha-once-iki-kisiyi-katledip-aftan-cikmisti-5-cocugunun-annesini-olduren-cani-hakkinda-karar-7495680<\/span><\/p>\n","protected":false},"excerpt":{"rendered":"<p>Diyarbak\u0131r\u2019da, dini nikahla birlikte ya\u015fay\u0131p ayr\u0131ld\u0131\u011f\u0131 5 \u00e7ocu\u011funun annesi Evin Demirta\u015f\u2019\u0131 (47) sokakta tabancayla vurarak \u00f6ld\u00fcren Abdullah \u015eehmuso\u011flu (71), a\u011f\u0131rla\u015ft\u0131r\u0131lm\u0131\u015f m\u00fcebbet hapis cezas\u0131na \u00e7arpt\u0131r\u0131ld\u0131. \u015eehmuso\u011flu\u2019nun, daha \u00f6nce de \u00f6nceki e\u015fini ve 1 ki\u015fiyi daha \u00f6ld\u00fcr\u00fcp, 1974\u2019te genel aftan yararland\u0131\u011f\u0131 ortaya \u00e7\u0131kt\u0131.<\/p>\n","protected":false},"author":1,"featured_media":149450,"comment_status":"open","ping_status":"open","sticky":false,"template":"","format":"standard","meta":{"footnotes":""},"categories":[3],"tags":[807,386,9991,377,108],"class_list":["post-149449","post","type-post","status-publish","format-standard","has-post-thumbnail","hentry","category-guncel","tag-ates","tag-ceza","tag-evin-demirtas","tag-olay","tag-silah"],"_links":{"self":[{"href":"https:\/\/kamucalisani.net\/index.php\/wp-json\/wp\/v2\/posts\/149449","targetHints":{"allow":["GET"]}}],"collection":[{"href":"https:\/\/kamucalisani.net\/index.php\/wp-json\/wp\/v2\/posts"}],"about":[{"href":"https:\/\/kamucalisani.net\/index.php\/wp-json\/wp\/v2\/types\/post"}],"author":[{"embeddable":true,"href":"https:\/\/kamucalisani.net\/index.php\/wp-json\/wp\/v2\/users\/1"}],"replies":[{"embeddable":true,"href":"https:\/\/kamucalisani.net\/index.php\/wp-json\/wp\/v2\/comments?post=149449"}],"version-history":[{"count":1,"href":"https:\/\/kamucalisani.net\/index.php\/wp-json\/wp\/v2\/posts\/149449\/revisions"}],"predecessor-version":[{"id":149452,"href":"https:\/\/kamucalisani.net\/index.php\/wp-json\/wp\/v2\/posts\/149449\/revisions\/149452"}],"wp:featuredmedia":[{"embeddable":true,"href":"https:\/\/kamucalisani.net\/index.php\/wp-json\/wp\/v2\/media\/149450"}],"wp:attachment":[{"href":"https:\/\/kamucalisani.net\/index.php\/wp-json\/wp\/v2\/media?parent=149449"}],"wp:term":[{"taxonomy":"category","embeddable":true,"href":"https:\/\/kamucalisani.net\/index.php\/wp-json\/wp\/v2\/categories?post=149449"},{"taxonomy":"post_tag","embeddable":true,"href":"https:\/\/kamucalisani.net\/index.php\/wp-json\/wp\/v2\/tags?post=149449"}],"curies":[{"name":"wp","href":"https:\/\/api.w.org\/{rel}","templated":true}]}}