{"id":149586,"date":"2025-12-04T16:12:09","date_gmt":"2025-12-04T16:12:09","guid":{"rendered":"https:\/\/kamucalisani.net\/?p=149586"},"modified":"2025-12-04T16:12:09","modified_gmt":"2025-12-04T16:12:09","slug":"hayat-kurtaran-cihaz-baskentte-25-noktaya-yerlestirildi","status":"publish","type":"post","link":"https:\/\/kamucalisani.net\/index.php\/2025\/12\/04\/hayat-kurtaran-cihaz-baskentte-25-noktaya-yerlestirildi\/","title":{"rendered":"Hayat kurtaran cihaz ba\u015fkentte 25 noktaya yerle\u015ftirildi"},"content":{"rendered":"<p><p>Sa\u011fl\u0131k Bakanl\u0131\u011f\u0131 ve ASELSAN i\u015fbirli\u011fiyle T\u00fcrk m\u00fchendisler taraf\u0131ndan yerli ve milli imkanlarla \u00fcretilen OED cihazlar\u0131, ani kalp durmalar\u0131 vakalar\u0131nda, acil m\u00fcdahale ekipleri gelene kadar ge\u00e7en kritik s\u00fcrede vatanda\u015flar\u0131n h\u0131zl\u0131 m\u00fcdahale etmesine imkan sunacak.<\/p>\n<p>Cihaza ait durum ve konum bilgileri takip sistemiyle izlenebilecek. OED cihazlar\u0131n\u0131n anl\u0131k konumu, aktiflik durumu, cihaz\u0131n batarya seviyesi 7 g\u00fcn 24 saat Sa\u011fl\u0131k Bakanl\u0131\u011f\u0131n\u0131n takibi alt\u0131nda olacak.<\/p>\n<p>Sa\u011fl\u0131k Bilimleri \u00dcniversitesi (SB\u00dc) G\u00fclhane E\u011fitim ve Ara\u015ft\u0131rma Hastanesi Ba\u015fhekim Yard\u0131mc\u0131s\u0131 Doktor \u00d6\u011fretim \u00dcyesi Bensu Bulut, AA muhabirine, Ankara&#8217;da 25 noktaya yerle\u015ftirilen OED cihaz\u0131n\u0131n kullan\u0131m\u0131n\u0131 anlatt\u0131.<\/p>\n<div>\n<div><img decoding=\"async\" src=\"https:\/\/kamucalisani.net\/wp-content\/uploads\/2025\/12\/hayat-kurtaran-cihaz-baskentte-25-noktaya-yerlestirildi-0-gyLsqLtW.jpg\"\/><\/img><\/div>\n<\/div>\n<p>Ulus Meydan\u0131&#8217;na konumland\u0131r\u0131lan cihaz hakk\u0131nda bilgi veren Bulut, OED&#8217;nin ani kalp durmas\u0131 durumlar\u0131nda kalp ritmini analiz eden ve ihtiya\u00e7 halinde otomatik olarak \u015fok verebilen ta\u015f\u0131nabilir bir cihaz oldu\u011funu belirtti.<\/p>\n<p>Bulut, cihaz\u0131n sa\u011fl\u0131k e\u011fitimi olmayan vatanda\u015flar\u0131n da kullanabilece\u011fi \u015fekilde tasarland\u0131\u011f\u0131n\u0131 aktararak, &#8220;OED cihaz\u0131, sesli ve g\u00f6rsel komutlar vererek ad\u0131m ad\u0131m uygulamay\u0131 destekleyen tam otomatik bir \u015fekilde tasarlanm\u0131\u015ft\u0131r. Bu y\u00fczden t\u0131bbi e\u011fitimi olmayan ki\u015filer de cihaz\u0131 g\u00fcvenilir bir \u015fekilde kullanabilir. Acil bir durum oldu\u011fu zaman, ani kalp durmalar\u0131nda uygulay\u0131c\u0131 olacak vatanda\u015f cihaz\u0131 yerinden al\u0131p ani kalp durmas\u0131 ya\u015fayan hastan\u0131n yan\u0131na g\u00f6t\u00fcrebilir.&#8221; dedi.<\/p>\n<p><strong>&#8211; &#8220;OED C\u0130HAZI TEMEL YA\u015eAM DESTE\u011e\u0130N\u0130N \u00d6NEML\u0130 PAR\u00c7ASIDIR&#8221;<\/strong><\/p>\n<p>Ani kalp durmalar\u0131nda beyin ve kalp gibi hayati organlar\u0131 korumak i\u00e7in etkin ve h\u0131zl\u0131 m\u00fcdahale etmenin kritik \u00f6neme sahip oldu\u011funa dikkati \u00e7eken Bulut, \u015f\u00f6yle konu\u015ftu:<\/p>\n<p>&#8220;Yeti\u015fkin hastalarda ani kalp durmas\u0131nda \u00e7o\u011funlukla ritim \u015foklanabilir bir ritimdir. \u015eoklanabilir ritimlerde, \u015foklamak i\u00e7in ge\u00e7 kald\u0131\u011f\u0131m\u0131z her s\u00fcre hastan\u0131n hayatta sa\u011f kal\u0131m ihtimali azalmaktad\u0131r. Bu nedenle OED cihaz\u0131 temel ya\u015fam deste\u011finin \u00e7ok \u00f6nemli par\u00e7as\u0131d\u0131r. Cumhurba\u015fkanl\u0131\u011f\u0131 ve Bakanl\u0131\u011f\u0131m\u0131z taraf\u0131ndan kalabal\u0131k ortamlara OED cihaz\u0131n\u0131n yerle\u015ftirilmesini sa\u011flayan bu proje \u00e7ok de\u011ferli halk sa\u011fl\u0131\u011f\u0131 yat\u0131r\u0131m\u0131d\u0131r. Bu proje herkes i\u00e7in ilk yard\u0131m anlay\u0131\u015f\u0131n\u0131 g\u00fc\u00e7lendiren toplumsal acil sa\u011fl\u0131k kapasitesini artt\u0131ran \u00e7ok de\u011ferli bir ad\u0131md\u0131r. &#8220;<\/p>\n<div>\n<div><img decoding=\"async\" src=\"https:\/\/kamucalisani.net\/wp-content\/uploads\/2025\/12\/hayat-kurtaran-cihaz-baskentte-25-noktaya-yerlestirildi-1-SvNRJiu5.jpg\"\/><\/img><\/div>\n<\/div>\n<p>Bulut, OED cihazlar\u0131n\u0131n yerle\u015ftirildi\u011fi yerlerin Ankara Valili\u011fi taraf\u0131ndan a\u00e7\u0131kland\u0131\u011f\u0131n\u0131 belirterek, cihaz\u0131n sesli komutla nas\u0131l uygulama yap\u0131laca\u011f\u0131n\u0131 anlatt\u0131\u011f\u0131n\u0131 ifade etti.<\/p>\n<p>OED cihaz\u0131n\u0131n kullan\u0131m\u0131 ve acil bir m\u00fcdahalenin nas\u0131l olmas\u0131 gerekti\u011fi konusunda bilgi veren Bulut, \u015f\u00f6yle devam etti:<\/p>\n<p>&#8220;Yere y\u0131\u011f\u0131lan, yan\u0131ts\u0131z bilin\u00e7siz solunumu olmayan bir ki\u015fiyle kar\u015f\u0131la\u015ft\u0131\u011f\u0131m\u0131zda, cihaz\u0131n elektrotlar\u0131n\u0131n yani pedlerinin, ki\u015finin g\u00f6\u011f\u00fcs kafesinde nereye yerle\u015ftirmemiz gerekti\u011fi resmedilmi\u015ftir. Pedlerden bir tanesi \u015fekilde g\u00f6r\u00fcld\u00fc\u011f\u00fc \u00fczere sa\u011f k\u00f6pr\u00fcc\u00fck kemi\u011finin alt\u0131na, di\u011feri ise sol g\u00f6\u011f\u00fcs alt\u0131na koltuk alt\u0131 hizas\u0131nda olacak \u015fekilde yap\u0131\u015ft\u0131r\u0131lmal\u0131d\u0131r. Ard\u0131ndan cihaz a\u00e7ma kapama d\u00fc\u011fmesinden a\u00e7\u0131ld\u0131ktan sonra cihaz\u0131n verece\u011fi komutlara uymam\u0131z gerekiyor. Cihaz bizden 112&#8217;yi aramam\u0131z\u0131 istemektedir. \u00c7\u00fcnk\u00fc, 112 gerek OED cihaz\u0131n\u0131n kullan\u0131m\u0131 gerek temel ya\u015fam deste\u011fi a\u00e7\u0131s\u0131ndan bize yard\u0131mc\u0131 olacakt\u0131r. Cihaz ritim analizi yapacak ve bu esnada hastaya dokunmamam\u0131z gerekir, zaten cihaz bunun uyar\u0131s\u0131nda bulunacakt\u0131r. Kalp ritmi analiz edildikten sonra e\u011fer \u015foklanabilir bir ritimse kimsenin hastaya dokunmamas\u0131 gerekir. \u015eok verildikten sonra temel ya\u015fam deste\u011fine devam etmemiz gerekir. Temel ya\u015fam deste\u011fi konusunda da cihaz i\u015fitsel uyar\u0131larla bize destek olmaktad\u0131r. Hastaya g\u00f6\u011f\u00fcs bas\u0131s\u0131 yapmam\u0131z gerekti\u011fini ve kurtar\u0131c\u0131 soluk vermemiz gerekti\u011fini s\u00f6zel olarak cihaz s\u00f6ylemektedir.&#8221;<\/p>\n<p><strong>&#8211; &#8220;HAYAT KURTARICI B\u0130R C\u0130HAZ \u00dcRETENLERDEN ALLAH RAZI OLSUN&#8221;<\/strong><\/p>\n<p>Ulus Meydan\u0131na yerle\u015ftirilen OED cihaz\u0131 hakk\u0131nda bilgi alan kalp hastas\u0131 74 ya\u015f\u0131ndaki Ya\u015far Bekta\u015f ise ilk yard\u0131m esnas\u0131nda bu cihaz\u0131n yard\u0131mc\u0131 olaca\u011f\u0131n\u0131 ifade etti.<\/p>\n<p>Bekta\u015f, 2 kez anjiyo oldu\u011funu belirterek, &#8220;Ulus&#8217;ta gezerken cihaz\u0131 g\u00f6rd\u00fcm ve \u00e7ok memnun oldum. Bizler kalabal\u0131k ortamlara \u00e7ok giriyoruz ve ciddi rikle kar\u015f\u0131 kar\u015f\u0131yay\u0131z asl\u0131nda. Hayat kurtar\u0131c\u0131 bir cihaz, \u00fcretenlerden Allah raz\u0131 olsun. Bizim gibi ya\u015fl\u0131lar\u0131n \u00e7o\u011funlu\u011fu kalp hastas\u0131d\u0131r o y\u00fczden te\u015fekk\u00fcr ediyorum.&#8221; dedi.<\/p>\n<p>65 ya\u015f\u0131ndaki Seyfettin Karaku\u015f ise cihaz\u0131n \u00f6nemine dikkati \u00e7ekerek, memleket i\u00e7in yap\u0131lan her \u00e7al\u0131\u015fman\u0131n k\u0131ymetli oldu\u011funu ve cihaz\u0131n bulundu\u011fu konumlar\u0131n acil yard\u0131mda bulunabilmesi i\u00e7in herkesin kullan\u0131m\u0131n\u0131 \u00f6\u011frenmesi gerekti\u011fini s\u00f6yledi.<\/p>\n\n<p><\/p>\n<p>Kaynak :\u00a0<span style=\"background-color: rgb(255, 249, 236); color: rgb(55, 58, 60); font-size: 14px;\">http:\/\/www.milliyet.com.tr\/gundem\/hayat-kurtaran-cihaz-baskentte-25-noktaya-yerlestirildi-7495833<\/span><\/p>\n","protected":false},"excerpt":{"rendered":"<p>Sa\u011fl\u0131k Bakanl\u0131\u011f\u0131 ve ASELSAN i\u015fbirli\u011fiyle T\u00fcrk m\u00fchendisler taraf\u0131ndan geli\u015ftirilen yerli Otomatik Eksternal Defibrilat\u00f6r (OED) cihazlar\u0131, Ankara&#8217;da 25 kritik noktaya yerle\u015ftirildi. Ani kalp durmas\u0131 vakalar\u0131nda, acil ekipler ula\u015fana kadar ge\u00e7en s\u00fcrede t\u0131bbi e\u011fitimi olmayan vatanda\u015flar\u0131n bile kullanabilece\u011fi bu cihazlar, sesli komutlarla hayat kurtar\u0131c\u0131 m\u00fcdahaleye olanak tan\u0131yarak temel ya\u015fam deste\u011fi kapasitesini art\u0131r\u0131yor.<\/p>\n","protected":false},"author":1,"featured_media":149587,"comment_status":"open","ping_status":"open","sticky":false,"template":"","format":"standard","meta":{"footnotes":""},"categories":[3],"tags":[4875,452,2231,5575,1263],"class_list":["post-149586","post","type-post","status-publish","format-standard","has-post-thumbnail","hentry","category-guncel","tag-bulut","tag-cihaz","tag-cihazin","tag-sok","tag-yardim"],"_links":{"self":[{"href":"https:\/\/kamucalisani.net\/index.php\/wp-json\/wp\/v2\/posts\/149586","targetHints":{"allow":["GET"]}}],"collection":[{"href":"https:\/\/kamucalisani.net\/index.php\/wp-json\/wp\/v2\/posts"}],"about":[{"href":"https:\/\/kamucalisani.net\/index.php\/wp-json\/wp\/v2\/types\/post"}],"author":[{"embeddable":true,"href":"https:\/\/kamucalisani.net\/index.php\/wp-json\/wp\/v2\/users\/1"}],"replies":[{"embeddable":true,"href":"https:\/\/kamucalisani.net\/index.php\/wp-json\/wp\/v2\/comments?post=149586"}],"version-history":[{"count":1,"href":"https:\/\/kamucalisani.net\/index.php\/wp-json\/wp\/v2\/posts\/149586\/revisions"}],"predecessor-version":[{"id":149590,"href":"https:\/\/kamucalisani.net\/index.php\/wp-json\/wp\/v2\/posts\/149586\/revisions\/149590"}],"wp:featuredmedia":[{"embeddable":true,"href":"https:\/\/kamucalisani.net\/index.php\/wp-json\/wp\/v2\/media\/149587"}],"wp:attachment":[{"href":"https:\/\/kamucalisani.net\/index.php\/wp-json\/wp\/v2\/media?parent=149586"}],"wp:term":[{"taxonomy":"category","embeddable":true,"href":"https:\/\/kamucalisani.net\/index.php\/wp-json\/wp\/v2\/categories?post=149586"},{"taxonomy":"post_tag","embeddable":true,"href":"https:\/\/kamucalisani.net\/index.php\/wp-json\/wp\/v2\/tags?post=149586"}],"curies":[{"name":"wp","href":"https:\/\/api.w.org\/{rel}","templated":true}]}}