{"id":149693,"date":"2025-12-04T18:48:09","date_gmt":"2025-12-04T18:48:09","guid":{"rendered":"https:\/\/kamucalisani.net\/?p=149693"},"modified":"2025-12-04T18:48:09","modified_gmt":"2025-12-04T18:48:09","slug":"tbmm-baskanligindan-milli-dayanisma-kardeslik-ve-demokrasi-komisyonu-toplantisina-iliskin-aciklama","status":"publish","type":"post","link":"https:\/\/kamucalisani.net\/index.php\/2025\/12\/04\/tbmm-baskanligindan-milli-dayanisma-kardeslik-ve-demokrasi-komisyonu-toplantisina-iliskin-aciklama\/","title":{"rendered":"TBMM Ba\u015fkanl\u0131\u011f\u0131ndan Milli Dayan\u0131\u015fma, Karde\u015flik ve Demokrasi Komisyonu toplant\u0131s\u0131na ili\u015fkin a\u00e7\u0131klama"},"content":{"rendered":"<p><p>TBMM Ba\u015fkanl\u0131\u011f\u0131n\u0131n a\u00e7\u0131klamas\u0131nda, Komisyonun 19&#8217;uncu toplant\u0131s\u0131n\u0131n, TBMM Ba\u015fkan\u0131 Numan Kurtulmu\u015f ba\u015fkanl\u0131\u011f\u0131nda, TBMM T\u00f6ren Salonu&#8217;nda yap\u0131ld\u0131\u011f\u0131 bildirildi.<\/p>\n<p>Toplant\u0131n\u0131n a\u00e7\u0131l\u0131\u015f\u0131nda Kurtulmu\u015f taraf\u0131ndan Ter\u00f6rs\u00fcz T\u00fcrkiye s\u00fcreci ve komisyon faaliyetlerinde gelinen a\u015famaya dikkat \u00e7ekildi\u011fi, \u015fimdiye kadar hassasiyet ve fedakarl\u0131kla y\u00fcr\u00fct\u00fclen \u00e7al\u0131\u015fmalar\u0131n sonuna gelindi\u011fi, nihai rapor haz\u0131rlanarak Genel Kurula sunulaca\u011f\u0131n\u0131n belirtildi\u011fi a\u00e7\u0131klamada, Komisyonda \u015fimdiye kadar konunun taraflar\u0131, bu s\u00fcre\u00e7lerde ma\u011fdur olanlarla farkl\u0131 toplumsal kesimlerden 134 ki\u015fi ve kurulu\u015fun dinlendi\u011fi vurguland\u0131.<\/p>\n<p>Komisyonun 18&#8217;inci toplant\u0131s\u0131nda 5&#8217;te 3 nitelikli \u00e7o\u011funlukla al\u0131nan karar do\u011frultusunda \u00fc\u00e7 siyasi partinin temsilcisi ve komisyon \u00fcyesi milletvekilinin 24 Kas\u0131m&#8217;da \u0130mral\u0131 Y\u00fcksek G\u00fcvenlikli Ceza \u0130nfaz Kurumu&#8217;na gitti\u011fi hat\u0131rlat\u0131lan a\u00e7\u0131klamada, TBMM Ba\u015fkan\u0131 Kurtulmu\u015f&#8217;un komisyondaki dinleme fasl\u0131n\u0131n nihayete erdirildi\u011fine y\u00f6nelik a\u00e7\u0131klamas\u0131na yer verildi.<\/p>\n<p><strong>KURTULMU\u015e: EN HASSAS D\u00d6NEM<\/strong><\/p>\n<p>Kurtulmu\u015f&#8217;un &#8220;Ter\u00f6rs\u00fcz T\u00fcrkiye&#8221;nin ger\u00e7ekle\u015ftirilmesi konusunda m\u00fc\u015fterek kanaatlerin payla\u015f\u0131ld\u0131\u011f\u0131 bir raporun haz\u0131rlanmas\u0131na y\u00f6nelik temennisinin de belirtildi\u011fi a\u00e7\u0131klamada, \u015funlar kaydedildi:<\/p>\n<p>&#8220;S\u00f6ylenen her bir s\u00f6z\u00fcn normalden katbekat tesirli oldu\u011fu bir d\u00f6neme girildi\u011fine i\u015faret eden TBMM Ba\u015fkan\u0131m\u0131z Kurtulmu\u015f, kimsenin, s\u00fcrecin bundan sonraki en hassas d\u00f6nemini, siyasi pozisyonlar\u0131n\u0131n malzemesi haline getirmemesi gerekti\u011fini vurgulam\u0131\u015ft\u0131r. Bas\u0131na da sorumluluk d\u00fc\u015ft\u00fc\u011f\u00fcn\u00fc hat\u0131rlatan TBMM Ba\u015fkan\u0131m\u0131z Kurtulmu\u015f, ortaya konulan somut sonu\u00e7lara odaklan\u0131lmas\u0131, s\u00fcrecin magazinle\u015ftirilmemesi i\u00e7in ola\u011fan\u00fcst\u00fc bir gayret sarf edilmesi \u00e7a\u011fr\u0131s\u0131n\u0131 yapm\u0131\u015ft\u0131r. TBMM Ba\u015fkan\u0131m\u0131z ayr\u0131ca, s\u00fcre\u00e7 hay\u0131rla ve ba\u015far\u0131yla sonu\u00e7land\u0131\u011f\u0131nda bir ya da birka\u00e7 parti de\u011fil, s\u00fcrece kar\u015f\u0131 olan partiler de dahil olmak \u00fczere b\u00fct\u00fcn T\u00fcrkiye&#8217;nin kazanaca\u011f\u0131n\u0131 vurgulam\u0131\u015ft\u0131r.<\/p>\n<p>Komisyonun 19. toplant\u0131s\u0131n\u0131n ilk b\u00f6l\u00fcm\u00fcnde, komisyonun bug\u00fcne kadar yapt\u0131\u011f\u0131 \u00e7al\u0131\u015fmalar ile haz\u0131rlanacak nihai komisyon raporuna ili\u015fkin \u00fcyelerin de\u011ferlendirmeleri yer alm\u0131\u015ft\u0131r. Toplant\u0131n\u0131n ikinci b\u00f6l\u00fcm\u00fcnde ise 24 Kas\u0131m 2025 tarihinde \u0130mral\u0131 Y\u00fcksek G\u00fcvenlikli Ceza \u0130nfaz Kurumuna giden komisyon \u00fcyesi milletvekillerinin ger\u00e7ekle\u015ftirdi\u011fi g\u00f6r\u00fc\u015fmeye ili\u015fkin not okunmu\u015f, komisyonun bilgisine sunulmu\u015ftur. Milli Dayan\u0131\u015fma, Karde\u015flik ve Demokrasi Komisyonu\u2019nun bir sonraki toplant\u0131s\u0131n\u0131n tarihi ve g\u00fcndemi bilahare duyurulacakt\u0131r.&#8221;<\/p>\n\n<p><\/p>\n<p>Kaynak :\u00a0<span style=\"background-color: rgb(255, 249, 236); color: rgb(55, 58, 60); font-size: 14px;\">http:\/\/www.milliyet.com.tr\/gundem\/tbmm-baskanligindan-milli-dayanisma-kardeslik-ve-demokrasi-komisyonu-toplantisina-iliskin-aciklama-7495864<\/span><\/p>\n","protected":false},"excerpt":{"rendered":"<p>TBMM Ba\u015fkanl\u0131\u011f\u0131ndan, Milli Dayan\u0131\u015fma, Karde\u015flik ve Demokrasi Komisyonu toplant\u0131s\u0131n\u0131n ilk b\u00f6l\u00fcm\u00fcnde komisyonun bug\u00fcne kadar yapt\u0131\u011f\u0131 \u00e7al\u0131\u015fmalarla haz\u0131rlanacak nihai komisyon raporuna ili\u015fkin \u00fcyelerin de\u011ferlendirmelerinin yer ald\u0131\u011f\u0131, ikinci b\u00f6l\u00fcm\u00fcnde ise \u0130mral\u0131 Y\u00fcksek G\u00fcvenlikli Ceza \u0130nfaz Kurumuna giden komisyon \u00fcyesi milletvekillerinin ger\u00e7ekle\u015ftirdi\u011fi g\u00f6r\u00fc\u015fmeye ili\u015fkin notun komisyonun bilgisine sunuldu\u011fu bildirildi.<\/p>\n","protected":false},"author":1,"featured_media":149694,"comment_status":"open","ping_status":"open","sticky":false,"template":"","format":"standard","meta":{"footnotes":""},"categories":[3],"tags":[2415,10007,2024,10008],"class_list":["post-149693","post","type-post","status-publish","format-standard","has-post-thumbnail","hentry","category-guncel","tag-komisyon","tag-komisyonun","tag-kurtulmus","tag-tbmm-baskani"],"_links":{"self":[{"href":"https:\/\/kamucalisani.net\/index.php\/wp-json\/wp\/v2\/posts\/149693","targetHints":{"allow":["GET"]}}],"collection":[{"href":"https:\/\/kamucalisani.net\/index.php\/wp-json\/wp\/v2\/posts"}],"about":[{"href":"https:\/\/kamucalisani.net\/index.php\/wp-json\/wp\/v2\/types\/post"}],"author":[{"embeddable":true,"href":"https:\/\/kamucalisani.net\/index.php\/wp-json\/wp\/v2\/users\/1"}],"replies":[{"embeddable":true,"href":"https:\/\/kamucalisani.net\/index.php\/wp-json\/wp\/v2\/comments?post=149693"}],"version-history":[{"count":1,"href":"https:\/\/kamucalisani.net\/index.php\/wp-json\/wp\/v2\/posts\/149693\/revisions"}],"predecessor-version":[{"id":149695,"href":"https:\/\/kamucalisani.net\/index.php\/wp-json\/wp\/v2\/posts\/149693\/revisions\/149695"}],"wp:featuredmedia":[{"embeddable":true,"href":"https:\/\/kamucalisani.net\/index.php\/wp-json\/wp\/v2\/media\/149694"}],"wp:attachment":[{"href":"https:\/\/kamucalisani.net\/index.php\/wp-json\/wp\/v2\/media?parent=149693"}],"wp:term":[{"taxonomy":"category","embeddable":true,"href":"https:\/\/kamucalisani.net\/index.php\/wp-json\/wp\/v2\/categories?post=149693"},{"taxonomy":"post_tag","embeddable":true,"href":"https:\/\/kamucalisani.net\/index.php\/wp-json\/wp\/v2\/tags?post=149693"}],"curies":[{"name":"wp","href":"https:\/\/api.w.org\/{rel}","templated":true}]}}