{"id":149760,"date":"2025-12-04T20:36:09","date_gmt":"2025-12-04T20:36:09","guid":{"rendered":"https:\/\/kamucalisani.net\/?p=149760"},"modified":"2025-12-04T20:36:09","modified_gmt":"2025-12-04T20:36:09","slug":"caner-erkine-hakeme-hakaret-nedeniyle-tffden-buyuk-ceza","status":"publish","type":"post","link":"https:\/\/kamucalisani.net\/index.php\/2025\/12\/04\/caner-erkine-hakeme-hakaret-nedeniyle-tffden-buyuk-ceza\/","title":{"rendered":"Caner Erkin&#8217;e hakeme hakaret nedeniyle TFF&#8217;den b\u00fcy\u00fck ceza!"},"content":{"rendered":"<p><p>Bu sezon 1. Lig tak\u0131m\u0131 Sakaryaspor formas\u0131 giyen Caner Erkin, ge\u00e7en hafta \u00dcmraniyespor ma\u00e7\u0131nda hakeme hakarette bulunmu\u015f, bu nedenle k\u0131rm\u0131z\u0131 kart g\u00f6rerek oyundan at\u0131lm\u0131\u015ft\u0131.<\/p>\n<p>Sezonun 3. k\u0131rm\u0131z\u0131 kart\u0131n\u0131 g\u00f6ren Caner Erkin, Sal\u0131 g\u00fcn\u00fc T\u00fcrkiye Futbol Federasyonu taraf\u0131ndan PFDK&#8217;ya sevk edildi.<\/p>\n<p>Bu ak\u015fam son PFDK sevklerine dair cezalar\u0131 a\u00e7\u0131klayan TFF, Caner Erkin&#8217;in 5 ma\u00e7 men cezas\u0131 ald\u0131\u011f\u0131n\u0131 duyurdu.<\/p>\n<p><strong>TFF&#8217;nin a\u00e7\u0131klamas\u0131 \u015fu \u015fekilde:<\/strong><\/p>\n<p>SAKARYASPOR A.\u015e.\u00a0sporcusu\u00a0CANER ERK\u0130N\u2019in, 29.11.2025 tarihinde oynanan\u00a0SAKARYASPOR A.\u015e.-EM\u0130NEV\u0130M \u00dcMRAN\u0130YESPOR Trendyol 1. Lig m\u00fcsabakas\u0131nda, m\u00fcsabaka hakemine y\u00f6nelik hakareti nedeniyle FDT\u2019nin 41\/1-a ve 35\/4. maddeleri uyar\u0131nca ve FDT\u2019nin 11. maddesinin uygulanmas\u0131 suretiyle takdiren ve neticeten\u00a05 RESM\u0130 M\u00dcSABAKADAN MEN\u00a0ve\u00a067.000.-TL PARA CEZASI\u00a0ile cezaland\u0131r\u0131lmas\u0131na<\/p>\n\n<p><\/p>\n<p>Kaynak :\u00a0<span style=\"background-color: rgb(255, 249, 236); color: rgb(55, 58, 60); font-size: 14px;\">http:\/\/www.milliyet.com.tr\/skorer\/caner-erkine-hakeme-hakaret-nedeniyle-tffden-buyuk-ceza-7495898<\/span><\/p>\n","protected":false},"excerpt":{"rendered":"<p>Ge\u00e7en hafta \u00dcmraniyespor ma\u00e7\u0131nda sezonun 3. k\u0131rm\u0131z\u0131 kart\u0131n\u0131 g\u00f6ren Caner Erkin, TFF taraf\u0131ndan 5 ma\u00e7 men cezas\u0131na \u00e7arpt\u0131r\u0131ld\u0131.<\/p>\n","protected":false},"author":1,"featured_media":149761,"comment_status":"open","ping_status":"open","sticky":false,"template":"","format":"standard","meta":{"footnotes":""},"categories":[7],"tags":[],"class_list":["post-149760","post","type-post","status-publish","format-standard","has-post-thumbnail","hentry","category-spor"],"_links":{"self":[{"href":"https:\/\/kamucalisani.net\/index.php\/wp-json\/wp\/v2\/posts\/149760","targetHints":{"allow":["GET"]}}],"collection":[{"href":"https:\/\/kamucalisani.net\/index.php\/wp-json\/wp\/v2\/posts"}],"about":[{"href":"https:\/\/kamucalisani.net\/index.php\/wp-json\/wp\/v2\/types\/post"}],"author":[{"embeddable":true,"href":"https:\/\/kamucalisani.net\/index.php\/wp-json\/wp\/v2\/users\/1"}],"replies":[{"embeddable":true,"href":"https:\/\/kamucalisani.net\/index.php\/wp-json\/wp\/v2\/comments?post=149760"}],"version-history":[{"count":1,"href":"https:\/\/kamucalisani.net\/index.php\/wp-json\/wp\/v2\/posts\/149760\/revisions"}],"predecessor-version":[{"id":149762,"href":"https:\/\/kamucalisani.net\/index.php\/wp-json\/wp\/v2\/posts\/149760\/revisions\/149762"}],"wp:featuredmedia":[{"embeddable":true,"href":"https:\/\/kamucalisani.net\/index.php\/wp-json\/wp\/v2\/media\/149761"}],"wp:attachment":[{"href":"https:\/\/kamucalisani.net\/index.php\/wp-json\/wp\/v2\/media?parent=149760"}],"wp:term":[{"taxonomy":"category","embeddable":true,"href":"https:\/\/kamucalisani.net\/index.php\/wp-json\/wp\/v2\/categories?post=149760"},{"taxonomy":"post_tag","embeddable":true,"href":"https:\/\/kamucalisani.net\/index.php\/wp-json\/wp\/v2\/tags?post=149760"}],"curies":[{"name":"wp","href":"https:\/\/api.w.org\/{rel}","templated":true}]}}