{"id":149858,"date":"2025-12-05T07:42:08","date_gmt":"2025-12-05T07:42:08","guid":{"rendered":"https:\/\/kamucalisani.net\/?p=149858"},"modified":"2025-12-05T07:42:08","modified_gmt":"2025-12-05T07:42:08","slug":"bagcilar-temde-zincirleme-kaza-sebze-yuklu-kamyonet-ortaligi-savas-alanina-cevirdi-5-yarali","status":"publish","type":"post","link":"https:\/\/kamucalisani.net\/index.php\/2025\/12\/05\/bagcilar-temde-zincirleme-kaza-sebze-yuklu-kamyonet-ortaligi-savas-alanina-cevirdi-5-yarali\/","title":{"rendered":"Ba\u011fc\u0131lar TEM\u2019de zincirleme kaza! Sebze y\u00fckl\u00fc kamyonet ortal\u0131\u011f\u0131 sava\u015f alan\u0131na \u00e7evirdi: 5 yaral\u0131"},"content":{"rendered":"<p><p>Ba\u011fc\u0131lar TEM Otoyolu&#8217;nda sebze y\u00fckl\u00fc kamyonetin de kar\u0131\u015ft\u0131\u011f\u0131 zincirleme kazada 5 ki\u015fi yaraland\u0131. Otomobilde s\u0131k\u0131\u015fan 2 ki\u015fi itfaiye ekipleri taraf\u0131ndan kurtar\u0131l\u0131rken TEM Otoyolu&#8217;nda trafik durma noktas\u0131na geldi.<\/p>\n<p><strong>BA\u011eCILAR TEM OTOYOLU&#8217;NDA Z\u0130NC\u0130RLEME KAZA <\/strong><\/p>\n<p>Kaza, TEM Otoyolu Edirne istikameti \u0130STO\u00c7 mevkisinde saat 07.00 s\u0131ralar\u0131nda meydana geldi.<\/p>\n<p>\u0130ddialara g\u00f6re 34 EG 4182 plakal\u0131 sebze y\u00fckl\u00fc kamyonet \u015fof\u00f6r\u00fc direksiyon hakimiyetini kaybetti. Kamyonet, \u00f6nce \u00f6n\u00fcndeki servis minib\u00fcs\u00fcne, daha sonra bir otomobil, bir kamyonet ve bir hafif ticari araca \u00e7arparak durabildi.<\/p>\n<div>\n<div><img decoding=\"async\" src=\"https:\/\/kamucalisani.net\/wp-content\/uploads\/2025\/12\/bagcilar-temde-zincirleme-kaza-sebze-yuklu-kamyonet-ortaligi-savas-alanina-cevirdi-5-yarali-0-YHZifOUJ.jpg\"\/><\/img><\/div>\n<\/div>\n<p><strong>TRAF\u0130K YO\u011eUNLU\u011eU OLU\u015eTU <\/strong><\/p>\n<p>\u0130hbar \u00fczerine olay yerine \u00e7ok say\u0131da sa\u011fl\u0131k, polis ve itfaiye ekibi sevk edildi. Otomobilde s\u0131k\u0131\u015fan 2 ki\u015fi itfaiye ekipleri taraf\u0131ndan kurtar\u0131l\u0131rken kazaya kar\u0131\u015fan ara\u00e7larda buluna 5 yaral\u0131 ambulanslar ile \u00e7evre hastanelere g\u00f6t\u00fcr\u00fcld\u00fc.<\/p>\n<div>\n<div><img decoding=\"async\" src=\"https:\/\/kamucalisani.net\/wp-content\/uploads\/2025\/12\/bagcilar-temde-zincirleme-kaza-sebze-yuklu-kamyonet-ortaligi-savas-alanina-cevirdi-5-yarali-1-ePn3uVCi.jpg\"\/><\/img><\/div>\n<\/div>\n<p>Olay yerine gelen polis ekipleri de kaza yerinde g\u00fcvenlik \u00f6nlemi al\u0131rken kaza nedeniyle 3 \u015ferit trafi\u011fe kapand\u0131. \u0130\u015flerine gitmek isteyen s\u00fcr\u00fcc\u00fcler ve yolcular uzun s\u00fcre trafikte beklemek zorunda kald\u0131.<\/p>\n<div>\n<div><img decoding=\"async\" src=\"https:\/\/kamucalisani.net\/wp-content\/uploads\/2025\/12\/bagcilar-temde-zincirleme-kaza-sebze-yuklu-kamyonet-ortaligi-savas-alanina-cevirdi-5-yarali-2-64J16NK7.jpg\"\/><\/img><\/div>\n<\/div>\n<p>Kazaya kar\u0131\u015fan ara\u00e7 s\u00fcr\u00fcc\u00fcs\u00fc Erdin\u00e7 Avc\u0131, &#8220;Sol \u015feritten a\u011f\u0131r bir \u015fekilde ilerliyorduk. Arkadaki g\u00fcr\u00fclt\u00fcy\u00fc duyduk. Arkadan bir ara\u00e7 \u00e7arpt\u0131. Hal kamyonetinde s\u0131k\u0131nt\u0131 vard\u0131. 2 ara\u00e7ta b\u00fcy\u00fck s\u0131k\u0131nt\u0131 var. 4 ambulans geldi. Otomobil i\u00e7erisindekiler yaral\u0131yd\u0131. Kamyonet s\u00fcr\u00fcc\u00fcs\u00fc yaral\u0131yd\u0131, \u00e7arpan ki\u015fi de yaral\u0131yd\u0131. 4-5 yaral\u0131 var&#8221; dedi.<\/p>\n<div>\n<div><img decoding=\"async\" src=\"https:\/\/kamucalisani.net\/wp-content\/uploads\/2025\/12\/bagcilar-temde-zincirleme-kaza-sebze-yuklu-kamyonet-ortaligi-savas-alanina-cevirdi-5-yarali-3-H76p3bId.jpg\"\/><\/img><\/div>\n<\/div>\n<p><\/p>\n<p>Kaynak :\u00a0<span style=\"background-color: rgb(255, 249, 236); color: rgb(55, 58, 60); font-size: 14px;\">http:\/\/www.milliyet.com.tr\/gundem\/bagcilar-temde-zincirleme-kaza-sebze-yuklu-kamyonet-ortaligi-savas-alanina-cevirdi-5-yarali-7496052<\/span><\/p>\n","protected":false},"excerpt":{"rendered":"<p>\u0130stanbul\u2019da sabah saatlerinde TEM Otoyolu adeta fel\u00e7 oldu. Ba\u011fc\u0131lar \u0130STO\u00c7 mevkisinde sebze y\u00fckl\u00fc bir kamyonetin kontrolden \u00e7\u0131karak 4 araca birden \u00e7arpmas\u0131 sonucu zincirleme kaza meydana geldi. Ara\u00e7lardan birinde s\u0131k\u0131\u015fan 2 ki\u015fi itfaiye ekipleri taraf\u0131ndan g\u00fc\u00e7l\u00fckle kurtar\u0131l\u0131rken, toplam 5 yaral\u0131 ambulanslarla hastanelere sevk edildi.<\/p>\n","protected":false},"author":1,"featured_media":149859,"comment_status":"open","ping_status":"open","sticky":false,"template":"","format":"standard","meta":{"footnotes":""},"categories":[3],"tags":[2496,191,8701],"class_list":["post-149858","post","type-post","status-publish","format-standard","has-post-thumbnail","hentry","category-guncel","tag-kamyonet","tag-kaza","tag-yarali"],"_links":{"self":[{"href":"https:\/\/kamucalisani.net\/index.php\/wp-json\/wp\/v2\/posts\/149858","targetHints":{"allow":["GET"]}}],"collection":[{"href":"https:\/\/kamucalisani.net\/index.php\/wp-json\/wp\/v2\/posts"}],"about":[{"href":"https:\/\/kamucalisani.net\/index.php\/wp-json\/wp\/v2\/types\/post"}],"author":[{"embeddable":true,"href":"https:\/\/kamucalisani.net\/index.php\/wp-json\/wp\/v2\/users\/1"}],"replies":[{"embeddable":true,"href":"https:\/\/kamucalisani.net\/index.php\/wp-json\/wp\/v2\/comments?post=149858"}],"version-history":[{"count":1,"href":"https:\/\/kamucalisani.net\/index.php\/wp-json\/wp\/v2\/posts\/149858\/revisions"}],"predecessor-version":[{"id":149864,"href":"https:\/\/kamucalisani.net\/index.php\/wp-json\/wp\/v2\/posts\/149858\/revisions\/149864"}],"wp:featuredmedia":[{"embeddable":true,"href":"https:\/\/kamucalisani.net\/index.php\/wp-json\/wp\/v2\/media\/149859"}],"wp:attachment":[{"href":"https:\/\/kamucalisani.net\/index.php\/wp-json\/wp\/v2\/media?parent=149858"}],"wp:term":[{"taxonomy":"category","embeddable":true,"href":"https:\/\/kamucalisani.net\/index.php\/wp-json\/wp\/v2\/categories?post=149858"},{"taxonomy":"post_tag","embeddable":true,"href":"https:\/\/kamucalisani.net\/index.php\/wp-json\/wp\/v2\/tags?post=149858"}],"curies":[{"name":"wp","href":"https:\/\/api.w.org\/{rel}","templated":true}]}}