{"id":150162,"date":"2025-12-06T10:30:09","date_gmt":"2025-12-06T10:30:09","guid":{"rendered":"https:\/\/kamucalisani.net\/?p=150162"},"modified":"2025-12-06T10:30:09","modified_gmt":"2025-12-06T10:30:09","slug":"galatasarayda-osimhenden-mario-gomez-itirafi-beni-saskina-cevirdi","status":"publish","type":"post","link":"https:\/\/kamucalisani.net\/index.php\/2025\/12\/06\/galatasarayda-osimhenden-mario-gomez-itirafi-beni-saskina-cevirdi\/","title":{"rendered":"Galatasaray&#8217;da Osimhen&#8217;den Mario Gomez itiraf\u0131: Beni \u015fa\u015fk\u0131na \u00e7evirdi"},"content":{"rendered":"<p><p>Galatasaray&#8217;\u0131n y\u0131ld\u0131z golc\u00fcs\u00fc Victor Osimhen, Smallie Youtube kanal\u0131na a\u00e7\u0131klamalar yapt\u0131. Kaybetmekten hi\u00e7 ho\u015flanmad\u0131\u011f\u0131n\u0131 s\u00f6yleyen Osimhen, Be\u015fikta\u015fl\u0131 eski futbolcu Mario Gomez ve d\u00fcnyaca \u00fcnl\u00fc y\u0131ld\u0131z Cristiano Ronaldo hakk\u0131nda konu\u015ftu.<\/p>\n<p><strong>&#8216;KEND\u0130ME \u00c7OK \u0130NANIYORUM&#8217;<\/strong><\/p>\n<p>&#8220;\u0130lk olarak, ba\u015far\u0131ya yabanc\u0131 biri de\u011filim. Tabii ki ba\u015far\u0131l\u0131 ge\u00e7en sezon i\u00e7in Tanr\u0131&#8217;ya \u015f\u00fckrediyorum. Yaz transfer d\u00f6neminden bu yana \u00e7ok \u015fey ya\u015fand\u0131. T\u00fcrkiye&#8217;nin en iyi kul\u00fcb\u00fcne ve elbette d\u00fcnyan\u0131n en iyi kul\u00fcplerinden birine gelmek benim i\u00e7in \u00e7ok \u015fey ifade ediyor. &#8220;Beni birileri motive etmeden \u00f6nce, ben kendi motivasyonumum. Kendime o kadar \u00e7ok inan\u0131yorum ki, bazen saha d\u0131\u015f\u0131nda kendime bak\u0131p &#8216;Bunlar\u0131 yapan ger\u00e7ekten sen misin?&#8217; diyorum.&#8221;<\/p>\n<div>\n<div><img decoding=\"async\" src=\"https:\/\/kamucalisani.net\/wp-content\/uploads\/2025\/12\/galatasarayda-osimhenden-mario-gomez-itirafi-beni-saskina-cevirdi-0-BQ2BPcA6.jpg\"\/><\/img><\/div>\n<\/div>\n<p><strong>&#8216;B\u0130R MA\u00c7I KAYBEDERSEM GECELER\u0130 UYUYAMIYORUM&#8217;<\/strong><\/p>\n<p>&#8220;Kaybetmek, d\u00fcr\u00fcst olmak gerekirse, \u00e7ok ac\u0131mas\u0131z. \u0130ster sokak futbolu olsun, ister ger\u00e7ek ma\u00e7lar, D\u00fcnya Kupas\u0131 veya Afrika Uluslar Kupas\u0131&#8230; Hatta hayatta bile. K\u00fc\u00e7\u00fckl\u00fc\u011f\u00fcmden beri kaybetmeyi sevmem. Tabii ki bu normal, oyunun bir par\u00e7as\u0131 ve bunu sindirmem laz\u0131m ama elimde olsa hepsini kazanmak isterim. Benimle ya\u015fayan insanlar bilirler; bir ma\u00e7\u0131 kaybedersem uyumam \u00e7ok zordur. Sahadayken bamba\u015fka bir canavara d\u00f6n\u00fc\u015f\u00fcyorum.&#8221;\u00a0<\/p>\n<p>&#8220;Ama d\u00fcr\u00fcst olmak gerekirse, imkan\u0131m olsa her zaman kazanmak isterim. T\u00fcm ma\u00e7lar\u0131 kazanmak isterim. Sahip oldu\u011fum her \u00f6d\u00fcl, kazand\u0131\u011f\u0131m her kupa\u2026 hepsini hak ettim. Hi\u00e7 kimse bana vermedi, hepsini ben kazand\u0131m.&#8221;\u00a0<\/p>\n<div>\n<div><img decoding=\"async\" src=\"https:\/\/kamucalisani.net\/wp-content\/uploads\/2025\/12\/galatasarayda-osimhenden-mario-gomez-itirafi-beni-saskina-cevirdi-1-p9GUdfVv.jpg\"\/><\/img><\/div>\n<\/div>\n<p><strong>GOMEZ BEN\u0130 \u015eA\u015eKINA \u00c7EV\u0130RD\u0130<\/strong><\/p>\n<p>&#8220;Wolfsburg d\u00f6nemim ba\u015fta beklentim gibi olmad\u0131. Sonra Mario Gomez geldi. B\u00fcy\u00fck bir efsaneydi; deneyimli bir santrfor, d\u00fcnya futbolunda akl\u0131n\u0131za gelebilecek en \u00f6l\u00fcmc\u00fcl forvetlerden biri. O geldi\u011finde kul\u00fcp y\u00f6neticisine gidip konu\u015ftum. &#8216;Kalmak istiyorum \u00e7\u00fcnk\u00fc \u00f6\u011frenmek istiyorum.&#8217; dedim.\u00a0<\/p>\n<p>&#8220;H\u00e2l\u00e2 zaman\u0131m oldu\u011funu biliyordum, bu y\u00fczden \u00f6\u011frenmek istedim. Antrenmanlara ba\u015flad\u0131\u011f\u0131m\u0131zda bu adam\u0131 izliyordum; baz\u0131 inan\u0131lmaz gollerini, topa dokunu\u015flar\u0131n\u0131, sahay\u0131 nas\u0131l okudu\u011funu, ofsayt tuzaklar\u0131n\u0131 ve her \u015feyi\u2026 \u015ea\u015fk\u0131na d\u00f6nd\u00fcm. Mario Gomez ile antrenman yapmak ger\u00e7ekten inan\u0131lmazd\u0131.&#8221; ifadelerini kulland\u0131.&#8221;<\/p>\n<p><strong>&#8216;\u00c7OK B\u00dcY\u00dcK OLACA\u011eIMI B\u0130L\u0130YORDUM&#8217;<\/strong><\/p>\n<p>&#8220;B\u00fcy\u00fcyece\u011fimi biliyordum. \u00c7ok b\u00fcy\u00fck olaca\u011f\u0131m\u0131 biliyordum. Ger\u00e7ekten \u00e7ok gen\u00e7 ya\u015flardan itibaren m\u00fccadele etmeye ba\u015flad\u0131m. Geldi\u011fim yer, kariyerimde ve futbolumda sahip oldu\u011fum zihniyeti ger\u00e7ekten \u015fekillendirdi. Yetenek orada olabilir ama sahada bu kadar \u00e7ok \u00e7al\u0131\u015ft\u0131\u011f\u0131m, bu kadar \u00e7ok m\u00fccadele etti\u011fim s\u00fcrece ba\u015farmamam imkans\u0131z.&#8221;\u00a0<\/p>\n<p><strong>RONALDO \u00d6RNE\u011e\u0130<\/strong><\/p>\n<p>&#8220;Cristiano Ronaldo\u2019yu \u00f6rnek olarak alacak olursak, hepimiz onun tutkusunu g\u00f6r\u00fcyoruz. 40 ya\u015f\u0131nda bile, bir gol ka\u00e7\u0131rd\u0131\u011f\u0131nda ya da bir ma\u00e7 kaybetti\u011finde sinirlendi\u011fini g\u00f6rebiliyoruz. Benim i\u00e7in bu do\u011fru zihniyet. \u0130\u015fte bu \u015fekilde olmal\u0131; bu, hepimizin \u00f6rnek almas\u0131 gereken t\u00fcrden bir yakla\u015f\u0131m.&#8221;\u00a0<\/p>\n<p>\u00a0<\/p>\n\n<p><\/p>\n<p>Kaynak :\u00a0<span style=\"background-color: rgb(255, 249, 236); color: rgb(55, 58, 60); font-size: 14px;\">http:\/\/www.milliyet.com.tr\/skorer\/galatasarayda-osimhenden-mario-gomez-itirafi-beni-saskina-cevirdi-7496875<\/span><\/p>\n","protected":false},"excerpt":{"rendered":"<p>Galatasaray&#8217;\u0131n Njeryal\u0131 golc\u00fcs\u00fc Mario Gomez hem kariyeri hem de hedefleri hakk\u0131nda a\u00e7\u0131klamalarda bulundu. Osimhen&#8217;in Ronaldo ve Be\u015fikta\u015f&#8217;\u0131n eski golc\u00fcs\u00fc Mario Gomez hakk\u0131ndaki s\u00f6zleri dikkat \u00e7ekti.<\/p>\n","protected":false},"author":1,"featured_media":150163,"comment_status":"open","ping_status":"open","sticky":false,"template":"","format":"standard","meta":{"footnotes":""},"categories":[7],"tags":[1854,7777,288],"class_list":["post-150162","post","type-post","status-publish","format-standard","has-post-thumbnail","hentry","category-spor","tag-gercek","tag-ister","tag-mac"],"_links":{"self":[{"href":"https:\/\/kamucalisani.net\/index.php\/wp-json\/wp\/v2\/posts\/150162","targetHints":{"allow":["GET"]}}],"collection":[{"href":"https:\/\/kamucalisani.net\/index.php\/wp-json\/wp\/v2\/posts"}],"about":[{"href":"https:\/\/kamucalisani.net\/index.php\/wp-json\/wp\/v2\/types\/post"}],"author":[{"embeddable":true,"href":"https:\/\/kamucalisani.net\/index.php\/wp-json\/wp\/v2\/users\/1"}],"replies":[{"embeddable":true,"href":"https:\/\/kamucalisani.net\/index.php\/wp-json\/wp\/v2\/comments?post=150162"}],"version-history":[{"count":1,"href":"https:\/\/kamucalisani.net\/index.php\/wp-json\/wp\/v2\/posts\/150162\/revisions"}],"predecessor-version":[{"id":150166,"href":"https:\/\/kamucalisani.net\/index.php\/wp-json\/wp\/v2\/posts\/150162\/revisions\/150166"}],"wp:featuredmedia":[{"embeddable":true,"href":"https:\/\/kamucalisani.net\/index.php\/wp-json\/wp\/v2\/media\/150163"}],"wp:attachment":[{"href":"https:\/\/kamucalisani.net\/index.php\/wp-json\/wp\/v2\/media?parent=150162"}],"wp:term":[{"taxonomy":"category","embeddable":true,"href":"https:\/\/kamucalisani.net\/index.php\/wp-json\/wp\/v2\/categories?post=150162"},{"taxonomy":"post_tag","embeddable":true,"href":"https:\/\/kamucalisani.net\/index.php\/wp-json\/wp\/v2\/tags?post=150162"}],"curies":[{"name":"wp","href":"https:\/\/api.w.org\/{rel}","templated":true}]}}