{"id":150690,"date":"2025-12-07T07:42:09","date_gmt":"2025-12-07T07:42:09","guid":{"rendered":"https:\/\/kamucalisani.net\/?p=150690"},"modified":"2025-12-07T07:42:09","modified_gmt":"2025-12-07T07:42:09","slug":"yer-kagithane-durumcuye-intikam-saldirisi","status":"publish","type":"post","link":"https:\/\/kamucalisani.net\/index.php\/2025\/12\/07\/yer-kagithane-durumcuye-intikam-saldirisi\/","title":{"rendered":"Yer: Ka\u011f\u0131thane! D\u00fcr\u00fcmc\u00fcye &#8216;intikam sald\u0131r\u0131s\u0131&#8217;"},"content":{"rendered":"<p><p>Olay, 31 Ekim Cuma g\u00fcn\u00fc saat 06.30 s\u0131ralar\u0131nda Ortabay\u0131r Mahallesi\u2019nde meydana geldi. Edinilen bilgiye g\u00f6re sabaha kar\u015f\u0131 caddedeki d\u00fcr\u00fcmc\u00fcn\u00fcn \u00f6n\u00fcne gelen ki\u015fi, kepengi kapal\u0131 olan i\u015f yerine silahl\u0131 sald\u0131r\u0131 d\u00fczenledi. Sald\u0131r\u0131n\u0131n ard\u0131ndan \u015f\u00fcpheli Levent istikametine do\u011fru ka\u00e7maya ba\u015flad\u0131. Silah seslerini duyan polis ekipleri harekete ge\u00e7ti. Bu s\u0131rada Levent\u2019te devriye gezen Be\u015fikta\u015f Asayi\u015f B\u00fcro Amirli\u011fi ekipleri, ko\u015farak ka\u00e7an \u015f\u00fcpheliyi olayda kulland\u0131\u011f\u0131 silahla su\u00e7\u00fcst\u00fc yakalad\u0131.<\/p>\n<p><strong>\u0130NT\u0130KAM \u0130\u00c7\u0130N D\u00dcKKANI KUR\u015eUNLADI<\/strong><\/p>\n<p>G\u00f6zalt\u0131na al\u0131nan M.E.K. emniyete g\u00f6t\u00fcr\u00fcld\u00fc. M.E.K.&#8217;nin polise verdi\u011fi ilk ifadede d\u00fckkan sahibinin o\u011flu olan M.T. ile kavga etti\u011fini, M.T.\u2019nin kendi ya\u015fad\u0131\u011f\u0131 daireyi kur\u015funlad\u0131\u011f\u0131n\u0131 s\u00f6yledi\u011fi \u00f6\u011frenildi. M.E.K.&#8217;nin d\u00fcr\u00fcmc\u00fcye bu nedenle silahl\u0131 sald\u0131r\u0131 d\u00fczenledi\u011fi ortaya \u00e7\u0131kt\u0131.<\/p>\n<p><strong>17 YA\u015eINDAK\u0130 \u015e\u00dcPHEL\u0130 TUTUKLANDI<\/strong><\/p>\n<p>Hakk\u0131nda adli i\u015flem ba\u015flat\u0131lan M.E.K.&#8217;nin &#8216;Ate\u015fli silahlar kanununa muhalefet&#8217;, &#8216;Genel g\u00fcvenli\u011fin kasten tehlikeye sokulmas\u0131&#8217;, ve &#8216;Mala zarar verme\u2019 su\u00e7lar\u0131ndan adliyeye sevk edilece\u011fi \u00f6\u011frenildi. Mahkemeye \u00e7\u0131kar\u0131lan M.E.K. tutuklanarak cezaevine g\u00f6nderildi.<\/p>\n<div>\n<div><img decoding=\"async\" src=\"https:\/\/kamucalisani.net\/wp-content\/uploads\/2025\/12\/yer-kagithane-durumcuye-intikam-saldirisi-0-gkvsnkD8.jpg\"\/><\/img><\/div>\n<\/div>\n<p><strong>EVE ATE\u015e A\u00c7TI\u011eI ANLAR KAMERADA<\/strong><\/p>\n<p>Di\u011fer yandan M.T.\u2019nin, M.E.K.\u2019nin \u00c7eliktepe Mahallesi\u2019ndeki evinin \u00e7evresinde \u00f6nce ke\u015fif yapt\u0131\u011f\u0131 ard\u0131ndan da silahl\u0131 sald\u0131r\u0131 d\u00fczenledi\u011fi anlar\u0131n g\u00fcvenlik kameras\u0131 g\u00f6r\u00fcnt\u00fcleri ortaya \u00e7\u0131kt\u0131. G\u00f6r\u00fcnt\u00fclerde, motosikletle sokakta ilerleyen 2 ki\u015fiden biri cep telefonuyla kay\u0131t al\u0131yor. Ard\u0131ndan da motosikletlinin sald\u0131rgan\u0131n yan\u0131na geldi\u011fi kendisine bez verdi\u011fi ve ayr\u0131ld\u0131klar\u0131 g\u00f6r\u00fcl\u00fcyor. Elindeki bezle tabancay\u0131 gizledi\u011fi g\u00f6r\u00fclen sald\u0131rgan, binan\u0131n giri\u015fine ate\u015f a\u00e7\u0131p olay yerinden uzakla\u015f\u0131yor.<\/p>\n<p><strong>SALDIRIDAN SONRA EVDEN \u00c7IKMI\u015e<\/strong><\/p>\n<p>Bir di\u011fer cep telefonu g\u00f6r\u00fcnt\u00fcs\u00fcnde ise M.T.\u2019nin arkada\u015f\u0131 oldu\u011fu iddia edilen bir ki\u015finin motosikletle ilerlerken ate\u015f etti\u011fi anlar g\u00f6r\u00fcl\u00fcyor. Bu sald\u0131r\u0131n\u0131n hemen ard\u0131ndan evden \u00e7\u0131kan M.E.K.\u2019nin M.T.\u2019nin babas\u0131na ait d\u00fcr\u00fcmc\u00fcye silahl\u0131 sald\u0131r\u0131 d\u00fczenledi\u011fi ortaya \u00e7\u0131kt\u0131.<\/p>\n\n<p><\/p>\n<p>Kaynak :\u00a0<span style=\"background-color: rgb(255, 249, 236); color: rgb(55, 58, 60); font-size: 14px;\">http:\/\/www.milliyet.com.tr\/gundem\/yer-kagithane-durumcuye-intikam-saldirisi-7497290<\/span><\/p>\n","protected":false},"excerpt":{"rendered":"<p>K\u00e2\u011f\u0131thane\u2019de d\u00fcr\u00fcmc\u00fcye silahl\u0131 sald\u0131r\u0131 d\u00fczenlendi. Sald\u0131r\u0131da yaralanan olmazken, olaydan sonra Levent\u2019e do\u011fru ka\u00e7maya ba\u015flayan \u015f\u00fcpheli, polis ekipleri taraf\u0131ndan su\u00e7\u00fcst\u00fc yakaland\u0131. G\u00f6zalt\u0131na al\u0131nan M.E.K.\u2019nin (17) polise verdi\u011fi ilk ifade ise \u015fa\u015fk\u0131na \u00e7evirdi.<\/p>\n","protected":false},"author":1,"featured_media":150691,"comment_status":"open","ping_status":"open","sticky":false,"template":"","format":"standard","meta":{"footnotes":""},"categories":[3],"tags":[9330,796,108],"class_list":["post-150690","post","type-post","status-publish","format-standard","has-post-thumbnail","hentry","category-guncel","tag-m-t","tag-saldiri","tag-silah"],"_links":{"self":[{"href":"https:\/\/kamucalisani.net\/index.php\/wp-json\/wp\/v2\/posts\/150690","targetHints":{"allow":["GET"]}}],"collection":[{"href":"https:\/\/kamucalisani.net\/index.php\/wp-json\/wp\/v2\/posts"}],"about":[{"href":"https:\/\/kamucalisani.net\/index.php\/wp-json\/wp\/v2\/types\/post"}],"author":[{"embeddable":true,"href":"https:\/\/kamucalisani.net\/index.php\/wp-json\/wp\/v2\/users\/1"}],"replies":[{"embeddable":true,"href":"https:\/\/kamucalisani.net\/index.php\/wp-json\/wp\/v2\/comments?post=150690"}],"version-history":[{"count":1,"href":"https:\/\/kamucalisani.net\/index.php\/wp-json\/wp\/v2\/posts\/150690\/revisions"}],"predecessor-version":[{"id":150693,"href":"https:\/\/kamucalisani.net\/index.php\/wp-json\/wp\/v2\/posts\/150690\/revisions\/150693"}],"wp:featuredmedia":[{"embeddable":true,"href":"https:\/\/kamucalisani.net\/index.php\/wp-json\/wp\/v2\/media\/150691"}],"wp:attachment":[{"href":"https:\/\/kamucalisani.net\/index.php\/wp-json\/wp\/v2\/media?parent=150690"}],"wp:term":[{"taxonomy":"category","embeddable":true,"href":"https:\/\/kamucalisani.net\/index.php\/wp-json\/wp\/v2\/categories?post=150690"},{"taxonomy":"post_tag","embeddable":true,"href":"https:\/\/kamucalisani.net\/index.php\/wp-json\/wp\/v2\/tags?post=150690"}],"curies":[{"name":"wp","href":"https:\/\/api.w.org\/{rel}","templated":true}]}}