{"id":151012,"date":"2025-12-08T05:12:11","date_gmt":"2025-12-08T05:12:11","guid":{"rendered":"https:\/\/kamucalisani.net\/?p=151012"},"modified":"2025-12-08T05:12:11","modified_gmt":"2025-12-08T05:12:11","slug":"turkiye-macaristanin-savunmada-ab-hamlesi-erdogan-baskanlik-edecek","status":"publish","type":"post","link":"https:\/\/kamucalisani.net\/index.php\/2025\/12\/08\/turkiye-macaristanin-savunmada-ab-hamlesi-erdogan-baskanlik-edecek\/","title":{"rendered":"T\u00fcrkiye-Macaristan\u2019\u0131n savunmada AB hamlesi! Erdo\u011fan ba\u015fkanl\u0131k edecek"},"content":{"rendered":"<p><p><span><strong>AYDIN HASAN \/ ANKARA &#8211;<\/strong> <\/span>T\u00fcrkiye, baz\u0131 AB \u00fcyesi \u00fclkeler ile savunma sanayii alan\u0131nda ikili ili\u015fkileri geli\u015ftirme yolunda \u00f6nemli ad\u0131mlardan birini Macaristan ile atacak. Macaristan Ba\u015fbakan\u0131 Viktor Orban, Cumhurba\u015fkan\u0131 Recep Tayyip Erdo\u011fan\u2019\u0131n daveti \u00fczerine d\u00fcn ak\u015fam T\u00fcrkiye\u2019ye geldi. Ziyarette iki \u00fclke aras\u0131ndaki Y\u00fcksek D\u00fczeyli Stratejik \u0130\u015fbirli\u011fi Konseyi\u2019nin (YDSK) 7\u2019nci toplant\u0131s\u0131 ger\u00e7ekle\u015ftirilecek.<\/p>\n<p><strong>Yeni projeler<\/strong><\/p>\n<p>\u0130ki liderin bir araya gelece\u011fi konsey toplant\u0131s\u0131 \u00f6ncesi T\u00fcrkiye-Macaristan Ortak \u0130sti\u015fare Mekanizmas\u0131\u2019n\u0131n birinci toplant\u0131s\u0131 bug\u00fcn \u0130stanbul\u2019da yap\u0131lacak. Toplant\u0131ya, D\u0131\u015fi\u015fleri Bakan\u0131 Hakan Fidan, Milli Savunma Bakan\u0131 Ya\u015far G\u00fcler, Milli \u0130stihbarat Te\u015fkilat\u0131 (M\u0130T) Ba\u015fkan\u0131 \u0130brahim Kal\u0131n kat\u0131lacak. Fidan, toplant\u0131da ve yapaca\u011f\u0131 g\u00f6r\u00fc\u015fmelerde, 2 \u00fclke aras\u0131ndaki kapsaml\u0131 i\u015f birli\u011fini geli\u015ftirilmi\u015f stratejik ortakl\u0131k temelinde her alanda daha da g\u00fc\u00e7lendirmeye ve \u00e7e\u015fitlendirmeye y\u00f6nelik \u00e7al\u0131\u015fmalar\u0131n s\u00fcrd\u00fc\u011f\u00fcn\u00fc ifade edecek. Mekanizma, askeri, g\u00fcvenlik, savunma sanayii ve ter\u00f6rle m\u00fccadele alanlar\u0131nda ikili i\u015f birli\u011finin g\u00fc\u00e7lendirilmesine katk\u0131da bulunmas\u0131 hedefiyle olu\u015fturulmu\u015ftu. Toplant\u0131n\u0131n \u00f6nemli g\u00fcndem maddeleri i\u00e7inde savunma sanayii alan\u0131ndaki yak\u0131n i\u015f birli\u011finin yeni projelerle daha ileriye ta\u015f\u0131nmas\u0131 konusu yer alacak. T\u00fcrkiye ile Macaristan aras\u0131ndaki YDSK Alt\u0131nc\u0131 Toplant\u0131s\u0131, Erdo\u011fan ile Orban ba\u015fkanl\u0131\u011f\u0131nda 18 Aral\u0131k 2023 tarihinde Budape\u015fte\u2019de yap\u0131lm\u0131\u015ft\u0131.<\/p>\n<p><strong>\u0130kili ili\u015fkiler<\/strong><\/p>\n<p>Cumhurba\u015fkanl\u0131\u011f\u0131 \u0130leti\u015fim Ba\u015fkan\u0131 Burhanettin Duran, NSosyal hesab\u0131ndan yapt\u0131\u011f\u0131 a\u00e7\u0131klamada Macaristan Ba\u015fbakan\u0131 Viktor Orban ve beraberindeki \u00fcst d\u00fczey heyetin Cumhurba\u015fkan\u0131 Recep Tayyip Erdo\u011fan\u2019\u0131n davetine icabetle T\u00fcrkiye ile Macaristan aras\u0131ndaki Y\u00fcksek D\u00fczeyli Stratejik \u0130\u015fbirli\u011fi Konseyi\u2019nin 7. Toplant\u0131s\u0131 m\u00fcnasebetiyle T\u00fcrkiye\u2019ye geldi\u011fini belirtti. Duran, geli\u015ftirilmi\u015f stratejik ortakl\u0131k seviyesindeki ili\u015fkilerin t\u00fcm boyutlar\u0131yla de\u011ferlendirilece\u011fi ziyarette, g\u00fcncel b\u00f6lgesel ve k\u00fcresel meseleler hakk\u0131nda da kapsaml\u0131 g\u00f6r\u00fc\u015f al\u0131\u015fveri\u015finde bulunulaca\u011f\u0131n\u0131 ifade etti.<\/p>\n<div>\n<div><img decoding=\"async\" src=\"https:\/\/kamucalisani.net\/wp-content\/uploads\/2025\/12\/turkiye-macaristanin-savunmada-ab-hamlesi-erdogan-baskanlik-edecek-0-sMW5CZCU.jpg\"\/><\/img><\/div>\n<\/div>\n<p><strong>Orban, \u0130stanbul\u2019da\u00a0<\/strong><\/p>\n<p>Ula\u015ft\u0131rma ve Altyap\u0131 Bakan\u0131 Abdulkadir Uralo\u011flu, Macaristan Y\u00fcksek D\u00fczeyli Stratejik \u0130\u015fbirli\u011fi Konseyi i\u00e7in T\u00fcrkiye\u2019ye gelen Macaristan Ba\u015fbakan\u0131 Viktor Orban\u2019\u0131, \u0130stanbul Havaliman\u0131\u2019nda kar\u015f\u0131lad\u0131. Uralo\u011flu, \u201cCumhurba\u015fkan\u0131m\u0131z Say\u0131n Recep Tayyip Erdo\u011fan\u2019\u0131n riyasetinde yap\u0131lacak g\u00f6r\u00fc\u015fmelerin ve imzalanacak anla\u015fmalar\u0131n, b\u00f6lgemizin istikrar\u0131na ve \u00fclkelerimizin refah\u0131na katk\u0131 sa\u011flamas\u0131n\u0131 diliyoruz\u201d dedi.<\/p>\n\n<p><\/p>\n<p>Kaynak :\u00a0<span style=\"background-color: rgb(255, 249, 236); color: rgb(55, 58, 60); font-size: 14px;\">http:\/\/www.milliyet.com.tr\/gundem\/turkiye-macaristanin-savunmada-ab-hamlesi-erdogan-baskanlik-edecek-7497696<\/span><\/p>\n","protected":false},"excerpt":{"rendered":"<p>Macaristan Ba\u015fbakan\u0131 Orban, Cumhurba\u015fkan\u0131 Tayyip Erdo\u011fan\u2019\u0131n daveti \u00fczerine T\u00fcrkiye\u2019ye geldi. Ziyarette,\u00a0savunma sanayii alan\u0131nda ikili ili\u015fkileri geli\u015ftirme yolunda \u00f6nemli ad\u0131mlar at\u0131lacak.<\/p>\n","protected":false},"author":1,"featured_media":151013,"comment_status":"open","ping_status":"open","sticky":false,"template":"","format":"standard","meta":{"footnotes":""},"categories":[3],"tags":[211,2169,10074,6830,146],"class_list":["post-151012","post","type-post","status-publish","format-standard","has-post-thumbnail","hentry","category-guncel","tag-is","tag-macaristan","tag-orban","tag-toplantisi","tag-turkiye"],"_links":{"self":[{"href":"https:\/\/kamucalisani.net\/index.php\/wp-json\/wp\/v2\/posts\/151012","targetHints":{"allow":["GET"]}}],"collection":[{"href":"https:\/\/kamucalisani.net\/index.php\/wp-json\/wp\/v2\/posts"}],"about":[{"href":"https:\/\/kamucalisani.net\/index.php\/wp-json\/wp\/v2\/types\/post"}],"author":[{"embeddable":true,"href":"https:\/\/kamucalisani.net\/index.php\/wp-json\/wp\/v2\/users\/1"}],"replies":[{"embeddable":true,"href":"https:\/\/kamucalisani.net\/index.php\/wp-json\/wp\/v2\/comments?post=151012"}],"version-history":[{"count":1,"href":"https:\/\/kamucalisani.net\/index.php\/wp-json\/wp\/v2\/posts\/151012\/revisions"}],"predecessor-version":[{"id":151015,"href":"https:\/\/kamucalisani.net\/index.php\/wp-json\/wp\/v2\/posts\/151012\/revisions\/151015"}],"wp:featuredmedia":[{"embeddable":true,"href":"https:\/\/kamucalisani.net\/index.php\/wp-json\/wp\/v2\/media\/151013"}],"wp:attachment":[{"href":"https:\/\/kamucalisani.net\/index.php\/wp-json\/wp\/v2\/media?parent=151012"}],"wp:term":[{"taxonomy":"category","embeddable":true,"href":"https:\/\/kamucalisani.net\/index.php\/wp-json\/wp\/v2\/categories?post=151012"},{"taxonomy":"post_tag","embeddable":true,"href":"https:\/\/kamucalisani.net\/index.php\/wp-json\/wp\/v2\/tags?post=151012"}],"curies":[{"name":"wp","href":"https:\/\/api.w.org\/{rel}","templated":true}]}}