{"id":151332,"date":"2025-12-08T16:24:13","date_gmt":"2025-12-08T16:24:13","guid":{"rendered":"https:\/\/kamucalisani.net\/?p=151332"},"modified":"2025-12-08T16:24:13","modified_gmt":"2025-12-08T16:24:13","slug":"kontrolden-cikan-otomobil-sitenin-bahcesine-uctu-2-cocuk-yaralandi","status":"publish","type":"post","link":"https:\/\/kamucalisani.net\/index.php\/2025\/12\/08\/kontrolden-cikan-otomobil-sitenin-bahcesine-uctu-2-cocuk-yaralandi\/","title":{"rendered":"Kontrolden \u00e7\u0131kan otomobil sitenin bah\u00e7esine u\u00e7tu: 2 \u00e7ocuk yaraland\u0131"},"content":{"rendered":"<p><p>Kaza, saat 15.00 s\u0131ralar\u0131nda Denizk\u00f6\u015fkler Mahallesi Dr. Sad\u0131k Ahmet Caddesi&#8217;ndeki bir sitede meydana geldi.<\/p>\n<p>Edinilen bilgiye g\u00f6re, siteye girmeye s\u00fcr\u00fcc\u00fcs\u00fcn\u00fcn direksiyon hakimiyetini kaybetti\u011fi 34 HJC 226 plakal\u0131 otomobil \u00f6nce yol kenar\u0131ndaki demir parmakl\u0131klara \u00e7arpt\u0131, ard\u0131ndan yol \u00fczerinde bulunan binan\u0131n bah\u00e7esine d\u00fc\u015ft\u00fc.<\/p>\n<p>\u00c7evredekilerin ihbar\u0131 \u00fczerine adrese acil sa\u011fl\u0131k, itfaiye ve polis ekipleri geldi. Sa\u011fl\u0131k ekiplerinin kontrollerinde kazada otomobilde s\u00fcr\u00fcc\u00fcn\u00fcn yan\u0131nda oldu\u011fu belirlenen 2 \u00e7ocuk ambulansla hastaneye kald\u0131r\u0131ld\u0131. Polis ekipleri kazayla ilgili inceleme ba\u015flatt\u0131.<\/p>\n<section>\n<div>\n<div>\n<div>\n<div>\n<div><img decoding=\"async\" src=\"https:\/\/kamucalisani.net\/wp-content\/uploads\/2025\/12\/kontrolden-cikan-otomobil-sitenin-bahcesine-uctu-2-cocuk-yaralandi-0-Pf23tGGg.jpg\"\/><\/img><\/div>\n<div><span><span><b>1\/<\/b><em>6<\/em><\/span><\/span><\/div>\n<\/div>\n<div>\n<div><img decoding=\"async\" src=\"https:\/\/kamucalisani.net\/wp-content\/uploads\/2025\/12\/kontrolden-cikan-otomobil-sitenin-bahcesine-uctu-2-cocuk-yaralandi-1-v7phRSeU.jpg\"\/><\/img><\/div>\n<div><span><span><b>2\/<\/b><em>6<\/em><\/span><\/span><\/div>\n<\/div>\n<div>\n<div><img decoding=\"async\" src=\"https:\/\/kamucalisani.net\/wp-content\/uploads\/2025\/12\/kontrolden-cikan-otomobil-sitenin-bahcesine-uctu-2-cocuk-yaralandi-2-63SehdYN.jpg\"\/><\/img><\/div>\n<div><span><span><b>3\/<\/b><em>6<\/em><\/span><\/span><\/div>\n<\/div>\n<div>\n<div><img decoding=\"async\" src=\"https:\/\/kamucalisani.net\/wp-content\/uploads\/2025\/12\/kontrolden-cikan-otomobil-sitenin-bahcesine-uctu-2-cocuk-yaralandi-3-Rq5Wwjwk.jpg\"\/><\/img><\/div>\n<div><span><span><b>4\/<\/b><em>6<\/em><\/span><\/span><\/div>\n<\/div>\n<div>\n<div><img decoding=\"async\" src=\"https:\/\/kamucalisani.net\/wp-content\/uploads\/2025\/12\/kontrolden-cikan-otomobil-sitenin-bahcesine-uctu-2-cocuk-yaralandi-4-ScUxCF1k.jpg\"\/><\/img><\/div>\n<div><span><span><b>5\/<\/b><em>6<\/em><\/span><\/span><\/div>\n<\/div>\n<div>\n<div><img decoding=\"async\" src=\"https:\/\/kamucalisani.net\/wp-content\/uploads\/2025\/12\/kontrolden-cikan-otomobil-sitenin-bahcesine-uctu-2-cocuk-yaralandi-5-y9M5OI4a.jpg\"\/><\/img><\/div>\n<div><span><span><b>6\/<\/b><em>6<\/em><\/span><\/span><\/div>\n<\/div>\n<\/div>\n<\/div>\n<\/div>\n<\/section>\n<p><strong>&#8216;\u0130LK BA\u015eTA DEM\u0130RLERDE ASILI KALMI\u015e&#8217;<\/strong><\/p>\n<p>Mahalle sakinlerinden Sebahattin Kara, &#8220;S\u00fcr\u00fcc\u00fc direksiyon hakimiyetini kaybetmi\u015f k\u00f6\u015feyi d\u00f6nerken. \u0130lk ba\u015fta demirlerde as\u0131l\u0131 kalm\u0131\u015f, ondan sonra d\u00fc\u015fm\u00fc\u015f&#8221; dedi.<\/p>\n\n<p><\/p>\n<p>Kaynak :\u00a0<span style=\"background-color: rgb(255, 249, 236); color: rgb(55, 58, 60); font-size: 14px;\">http:\/\/www.milliyet.com.tr\/gundem\/kontrolden-cikan-otomobil-sitenin-bahcesine-uctu-2-cocuk-yaralandi-7498213<\/span><\/p>\n","protected":false},"excerpt":{"rendered":"<p>Avc\u0131lar Denizk\u00f6\u015fkler Mahallesi&#8217;nde korku dolu anlar ya\u015fand\u0131. Direksiyon hakimiyetini kaybeden otomobil, \u00f6nce yol kenar\u0131ndaki demir parmakl\u0131klara \u00e7arpt\u0131, ard\u0131ndan bir sitenin bah\u00e7esine d\u00fc\u015ft\u00fc. Kazada ara\u00e7ta bulunan iki \u00e7ocuk yaralanarak hastaneye kald\u0131r\u0131ld\u0131.<\/p>\n","protected":false},"author":1,"featured_media":151333,"comment_status":"open","ping_status":"open","sticky":false,"template":"","format":"standard","meta":{"footnotes":""},"categories":[3],"tags":[],"class_list":["post-151332","post","type-post","status-publish","format-standard","has-post-thumbnail","hentry","category-guncel"],"_links":{"self":[{"href":"https:\/\/kamucalisani.net\/index.php\/wp-json\/wp\/v2\/posts\/151332","targetHints":{"allow":["GET"]}}],"collection":[{"href":"https:\/\/kamucalisani.net\/index.php\/wp-json\/wp\/v2\/posts"}],"about":[{"href":"https:\/\/kamucalisani.net\/index.php\/wp-json\/wp\/v2\/types\/post"}],"author":[{"embeddable":true,"href":"https:\/\/kamucalisani.net\/index.php\/wp-json\/wp\/v2\/users\/1"}],"replies":[{"embeddable":true,"href":"https:\/\/kamucalisani.net\/index.php\/wp-json\/wp\/v2\/comments?post=151332"}],"version-history":[{"count":1,"href":"https:\/\/kamucalisani.net\/index.php\/wp-json\/wp\/v2\/posts\/151332\/revisions"}],"predecessor-version":[{"id":151340,"href":"https:\/\/kamucalisani.net\/index.php\/wp-json\/wp\/v2\/posts\/151332\/revisions\/151340"}],"wp:featuredmedia":[{"embeddable":true,"href":"https:\/\/kamucalisani.net\/index.php\/wp-json\/wp\/v2\/media\/151333"}],"wp:attachment":[{"href":"https:\/\/kamucalisani.net\/index.php\/wp-json\/wp\/v2\/media?parent=151332"}],"wp:term":[{"taxonomy":"category","embeddable":true,"href":"https:\/\/kamucalisani.net\/index.php\/wp-json\/wp\/v2\/categories?post=151332"},{"taxonomy":"post_tag","embeddable":true,"href":"https:\/\/kamucalisani.net\/index.php\/wp-json\/wp\/v2\/tags?post=151332"}],"curies":[{"name":"wp","href":"https:\/\/api.w.org\/{rel}","templated":true}]}}