{"id":151344,"date":"2025-12-08T16:36:11","date_gmt":"2025-12-08T16:36:11","guid":{"rendered":"https:\/\/kamucalisani.net\/?p=151344"},"modified":"2025-12-08T16:36:11","modified_gmt":"2025-12-08T16:36:11","slug":"antalyada-pes-pese-depremler-yureklere-su-serpen-aciklama-geldi","status":"publish","type":"post","link":"https:\/\/kamucalisani.net\/index.php\/2025\/12\/08\/antalyada-pes-pese-depremler-yureklere-su-serpen-aciklama-geldi\/","title":{"rendered":"Antalya&#8217;da pe\u015f pe\u015fe depremler! Y\u00fcreklere su serpen a\u00e7\u0131klama geldi"},"content":{"rendered":"<p><p>Dokuz Eyl\u00fcl \u00dcniversitesi (DE\u00dc) Deprem Ara\u015ft\u0131rma ve Uygulama Merkezi M\u00fcd\u00fcr\u00fc Prof. Dr. Hasan S\u00f6zbilir, Antalya&#8217;da meydana gelen depremlere ili\u015fkin, &#8220;Halk\u0131m\u0131z\u0131n panik yapmas\u0131n\u0131 gerektirecek bir durum yok. Antalya \u00f6zelinde hen\u00fcz b\u00fcy\u00fck \u00f6l\u00e7ekli bir deprem \u00fcretecek diri fay g\u00f6zlenmiyor.&#8221; dedi.<\/p>\n<p>Afet ve Acil Durum Y\u00f6netimi Ba\u015fkanl\u0131\u011f\u0131 (AFAD) Deprem Bilim Kurulu \u00dcyesi de olan S\u00f6zbilir, merkez \u00fcss\u00fc Antalya&#8217;n\u0131n Konyaalt\u0131 il\u00e7esi olan 4,3 ve Serik il\u00e7esi olan 4,9 b\u00fcy\u00fckl\u00fc\u011f\u00fcndeki depremlerle ilgili de\u011ferlendirmelerde bulundu.<\/p>\n<p>Antalya b\u00f6lgesinin T\u00fcrkiye \u00f6l\u00e7e\u011findeki deprem etkinli\u011fi d\u00fc\u015f\u00fck olan bir b\u00f6lge oldu\u011funu hat\u0131rlatan S\u00f6zbilir, &#8220;Son depremlerin yerlerine bakt\u0131\u011f\u0131m\u0131zda birbirine yak\u0131n oldu\u011funu g\u00f6zlemleyebiliyoruz. Asl\u0131nda birbirini tetikleyen 2 deprem gibi d\u00fc\u015f\u00fcnebiliriz. Ama b\u00fcy\u00fckl\u00fck a\u00e7\u0131s\u0131ndan bunlar problem yaratacak depremler de\u011fil. B\u00f6lgeye bakt\u0131\u011f\u0131m\u0131zda diri fay s\u0131n\u0131f\u0131nda hen\u00fcz de\u011ferlendirilen faylar yok.&#8221; diye konu\u015ftu.<\/p>\n<p>S\u00f6zbilir, Antalya&#8217;da meydana gelen depremlerin ard\u0131ndan yer hareketlerinin ba\u015fta AFAD olmak \u00fczere devletin t\u00fcm kurumlar\u0131 taraf\u0131ndan hassasiyetle takip edildi\u011fini belirtti.<\/p>\n<p>Vatanda\u015flara seslenen S\u00f6zbilir, &#8220;Halk\u0131m\u0131z\u0131n panik yapmas\u0131n\u0131 gerektirecek bir durum yok. Bu b\u00f6lgedeki faylar\u0131n zaten b\u00fcy\u00fckl\u00fc\u011f\u00fc de \u00e7ok fazla y\u00fcksek \u00f6l\u00e7ekte bir problem yaratm\u0131yor. Daha \u00e7ok denizin i\u00e7inde, Antalya&#8217;n\u0131n g\u00fcneyinde zaten ge\u00e7mi\u015fte bunlarla ilgili depremleri hissediyoruz. Antalya \u00f6zelinde hen\u00fcz b\u00fcy\u00fck \u00f6l\u00e7ekli bir deprem \u00fcretecek diri fay g\u00f6zlenmiyor.&#8221; ifadelerini kulland\u0131.<\/p>\n\n<p><\/p>\n<p>Kaynak :\u00a0<span style=\"background-color: rgb(255, 249, 236); color: rgb(55, 58, 60); font-size: 14px;\">http:\/\/www.milliyet.com.tr\/gundem\/antalyada-pes-pese-depremler-yureklere-su-serpen-aciklama-geldi-7498220<\/span><\/p>\n","protected":false},"excerpt":{"rendered":"<p>Antalya&#8217;da art arda ya\u015fanan 4,3 ve 4,9 b\u00fcy\u00fckl\u00fc\u011f\u00fcndeki depremlerin ard\u0131ndan g\u00f6zler uzmanlara \u00e7evrildi. Dokuz Eyl\u00fcl \u00dcniversitesi Deprem Ara\u015ft\u0131rma ve Uygulama Merkezi M\u00fcd\u00fcr\u00fc Prof. Dr. Hasan S\u00f6zbilir, b\u00f6lgedeki sars\u0131nt\u0131lar\u0131 de\u011ferlendirdi.<\/p>\n","protected":false},"author":1,"featured_media":151345,"comment_status":"open","ping_status":"open","sticky":false,"template":"","format":"standard","meta":{"footnotes":""},"categories":[3],"tags":[669,583,2413,9018],"class_list":["post-151344","post","type-post","status-publish","format-standard","has-post-thumbnail","hentry","category-guncel","tag-antalya","tag-deprem","tag-fay","tag-sozbilir"],"_links":{"self":[{"href":"https:\/\/kamucalisani.net\/index.php\/wp-json\/wp\/v2\/posts\/151344","targetHints":{"allow":["GET"]}}],"collection":[{"href":"https:\/\/kamucalisani.net\/index.php\/wp-json\/wp\/v2\/posts"}],"about":[{"href":"https:\/\/kamucalisani.net\/index.php\/wp-json\/wp\/v2\/types\/post"}],"author":[{"embeddable":true,"href":"https:\/\/kamucalisani.net\/index.php\/wp-json\/wp\/v2\/users\/1"}],"replies":[{"embeddable":true,"href":"https:\/\/kamucalisani.net\/index.php\/wp-json\/wp\/v2\/comments?post=151344"}],"version-history":[{"count":1,"href":"https:\/\/kamucalisani.net\/index.php\/wp-json\/wp\/v2\/posts\/151344\/revisions"}],"predecessor-version":[{"id":151346,"href":"https:\/\/kamucalisani.net\/index.php\/wp-json\/wp\/v2\/posts\/151344\/revisions\/151346"}],"wp:featuredmedia":[{"embeddable":true,"href":"https:\/\/kamucalisani.net\/index.php\/wp-json\/wp\/v2\/media\/151345"}],"wp:attachment":[{"href":"https:\/\/kamucalisani.net\/index.php\/wp-json\/wp\/v2\/media?parent=151344"}],"wp:term":[{"taxonomy":"category","embeddable":true,"href":"https:\/\/kamucalisani.net\/index.php\/wp-json\/wp\/v2\/categories?post=151344"},{"taxonomy":"post_tag","embeddable":true,"href":"https:\/\/kamucalisani.net\/index.php\/wp-json\/wp\/v2\/tags?post=151344"}],"curies":[{"name":"wp","href":"https:\/\/api.w.org\/{rel}","templated":true}]}}