{"id":151543,"date":"2025-12-09T04:18:07","date_gmt":"2025-12-09T04:18:07","guid":{"rendered":"https:\/\/kamucalisani.net\/?p=151543"},"modified":"2025-12-09T04:18:07","modified_gmt":"2025-12-09T04:18:07","slug":"galatasarayda-fedakarlik-sirasi-jakobsta","status":"publish","type":"post","link":"https:\/\/kamucalisani.net\/index.php\/2025\/12\/09\/galatasarayda-fedakarlik-sirasi-jakobsta\/","title":{"rendered":"Galatasaray&#8217;da fedakarl\u0131k s\u0131ras\u0131 Jakobs\u2019ta"},"content":{"rendered":"<p><p>Galatasaray\u2019da bug\u00fcn i\u00e7in fedakarl\u0131k s\u0131ras\u0131 Jakobs\u2019ta olacak. Monaco kar\u015f\u0131s\u0131nda 11\u2019de ba\u015flamas\u0131 beklenen Senegalli futbolcu, tak\u0131m i\u00e7in bu kritik kar\u015f\u0131la\u015fmada risk alacak. Bu geli\u015fme sonras\u0131 Sallai\u2019nin ise sa\u011f bekte oynayaca\u011f\u0131, Sanchez\u2019in de tekrar stoper pozisyonuna d\u00f6nece\u011fi belirtildi.<\/p>\n<p>Okan Buruk\u2019un \u00f6n tarafta ise herhangi bir de\u011fi\u015fiklik yapmayaca\u011f\u0131 ve Fenerbah\u00e7e ile Samsunspor kar\u015f\u0131la\u015fmalar\u0131ndaki orta saha ve forvet hatt\u0131n\u0131 sahaya s\u00fcrece\u011fi bildirildi.<\/p>\n<p><strong>GALATASARAY\u2019DA \u00d6NEML\u0130 EKS\u0130KLER VAR<\/strong><\/p>\n<p>Galatasaray\u2019da sakatl\u0131klar\u0131 bulunan Singo ve Kaan, Union Saint-Gilloise m\u00fcsabakas\u0131nda k\u0131rm\u0131z\u0131 kart g\u00f6ren Arda \u00dcnyay ile T\u00fcrkiye\u2019deki bahis soru\u015fturmas\u0131 kapsam\u0131nda ceza verilen Eren Elmal\u0131 ile Metehan Baltac\u0131, bug\u00fcn forma giyemeyecek. UEFA listesinde yer almayan Kaz\u0131mcan Karata\u015f da Monaco\u2019ya kar\u015f\u0131 m\u00fccadele edemeyecek. Galatasaray Doktoru Yener \u0130nce, \u201cHangi oyuncumuzun, ne kadar bize fayda sa\u011flayaca\u011f\u0131na bakaca\u011f\u0131z. Mario Lemina, Kaan Ayhan ve Wilfried Singo bizimle olmayacak. Bunun d\u0131\u015f\u0131nda kalan t\u00fcm oyuncular i\u00e7in de\u011ferlendirme yapaca\u011f\u0131z\u201d dedi.<\/p>\n\n<p><\/p>\n<p>Kaynak :\u00a0<span style=\"background-color: rgb(255, 249, 236); color: rgb(55, 58, 60); font-size: 14px;\">http:\/\/www.milliyet.com.tr\/skorer\/galatasarayda-fedakarlik-sirasi-jakobsta-7498371<\/span><\/p>\n","protected":false},"excerpt":{"rendered":"<p>Galatasaray\u2019da Monaco ma\u00e7\u0131 \u00f6ncesi Jakobs risk alarak 11\u2019de ba\u015flayacak. Eksiklerin fazla oldu\u011fu sar\u0131-k\u0131rm\u0131z\u0131larda Sallai sa\u011f beke, Sanchez stopere ge\u00e7iyor.<\/p>\n","protected":false},"author":1,"featured_media":151544,"comment_status":"open","ping_status":"open","sticky":false,"template":"","format":"standard","meta":{"footnotes":""},"categories":[7],"tags":[],"class_list":["post-151543","post","type-post","status-publish","format-standard","has-post-thumbnail","hentry","category-spor"],"_links":{"self":[{"href":"https:\/\/kamucalisani.net\/index.php\/wp-json\/wp\/v2\/posts\/151543","targetHints":{"allow":["GET"]}}],"collection":[{"href":"https:\/\/kamucalisani.net\/index.php\/wp-json\/wp\/v2\/posts"}],"about":[{"href":"https:\/\/kamucalisani.net\/index.php\/wp-json\/wp\/v2\/types\/post"}],"author":[{"embeddable":true,"href":"https:\/\/kamucalisani.net\/index.php\/wp-json\/wp\/v2\/users\/1"}],"replies":[{"embeddable":true,"href":"https:\/\/kamucalisani.net\/index.php\/wp-json\/wp\/v2\/comments?post=151543"}],"version-history":[{"count":1,"href":"https:\/\/kamucalisani.net\/index.php\/wp-json\/wp\/v2\/posts\/151543\/revisions"}],"predecessor-version":[{"id":151545,"href":"https:\/\/kamucalisani.net\/index.php\/wp-json\/wp\/v2\/posts\/151543\/revisions\/151545"}],"wp:featuredmedia":[{"embeddable":true,"href":"https:\/\/kamucalisani.net\/index.php\/wp-json\/wp\/v2\/media\/151544"}],"wp:attachment":[{"href":"https:\/\/kamucalisani.net\/index.php\/wp-json\/wp\/v2\/media?parent=151543"}],"wp:term":[{"taxonomy":"category","embeddable":true,"href":"https:\/\/kamucalisani.net\/index.php\/wp-json\/wp\/v2\/categories?post=151543"},{"taxonomy":"post_tag","embeddable":true,"href":"https:\/\/kamucalisani.net\/index.php\/wp-json\/wp\/v2\/tags?post=151543"}],"curies":[{"name":"wp","href":"https:\/\/api.w.org\/{rel}","templated":true}]}}