{"id":152143,"date":"2025-12-09T23:00:10","date_gmt":"2025-12-09T23:00:10","guid":{"rendered":"https:\/\/kamucalisani.net\/?p=152143"},"modified":"2025-12-09T23:00:10","modified_gmt":"2025-12-09T23:00:10","slug":"saglik-sigortalilarinin-tedavileri-icin-hastanelere-odenen-ucretler-artirildi","status":"publish","type":"post","link":"https:\/\/kamucalisani.net\/index.php\/2025\/12\/09\/saglik-sigortalilarinin-tedavileri-icin-hastanelere-odenen-ucretler-artirildi\/","title":{"rendered":"Sa\u011fl\u0131k sigortal\u0131lar\u0131n\u0131n tedavileri i\u00e7in hastanelere \u00f6denen \u00fccretler art\u0131r\u0131ld\u0131"},"content":{"rendered":"<p><p>Sosyal G\u00fcvenlik Kurumu (SGK) taraf\u0131ndan, genel sa\u011fl\u0131k sigortal\u0131lar\u0131n ald\u0131klar\u0131 tedaviler kar\u015f\u0131l\u0131\u011f\u0131nda hastanelere \u00f6denen bedellere y\u00fczde 10-55, yatarak tedavilerde kullan\u0131lan t\u0131bbi malzemeler i\u00e7in \u00f6denen bedellere ise y\u00fczde 10-85 aras\u0131 oranlarda art\u0131\u015f yap\u0131ld\u0131.<\/p>\n<p>&#8220;Sosyal G\u00fcvenlik Kurumu Sa\u011fl\u0131k Uygulama Tebli\u011finde De\u011fi\u015fiklik Yap\u0131lmas\u0131na Dair Tebli\u011f&#8221; Resmi Gazete&#8217;de yay\u0131mland\u0131.<\/p>\n<p>SGK&#8217;nin NSosyal hesab\u0131ndan tebli\u011fe ili\u015fkin yap\u0131lan payla\u015f\u0131mda, &#8220;Sosyal G\u00fcvenlik Kurumumuzca genel sa\u011fl\u0131k sigortal\u0131lar\u0131n\u0131n ald\u0131klar\u0131 tedaviler kar\u015f\u0131l\u0131\u011f\u0131nda hastanelere \u00f6denen bedellerde yapt\u0131\u011f\u0131m\u0131z art\u0131\u015flar ile toplam 110 milyar lira iyile\u015ftirme sa\u011flad\u0131k. Yo\u011fun bak\u0131m tedavi bedellerinde y\u00fczde 55, palyatif bak\u0131m tedavi bedellerinde y\u00fczde 40, diyaliz ve kan \u00fcr\u00fcnleri bedellerinde y\u00fczde 35, ayakta tedavi muayene bedellerinde y\u00fczde 30, di\u011fer \u00e7e\u015fitli \u00f6denen bedellerde y\u00fczde 10 ila y\u00fczde 30 aras\u0131nda art\u0131\u015f yapt\u0131k. Yatarak tedavilerde kullan\u0131lan t\u0131bbi malzemeler i\u00e7in \u00f6denen bedellerde y\u00fczde 10-85 aral\u0131\u011f\u0131nda art\u0131\u015f sa\u011flad\u0131k. Milletimizin sa\u011fl\u0131\u011f\u0131 ve refah\u0131 i\u00e7in durmadan \u00e7al\u0131\u015fmaya devam ediyoruz.&#8221; ifadelerine yer verildi.<\/p>\n<p><em>\u00c7al\u0131\u015fma ve Sosyal G\u00fcvenlik Bakan\u0131 Vedat I\u015f\u0131khan da NSosyal hesab\u0131ndan konuyla ilgili yapt\u0131\u011f\u0131 payla\u015f\u0131mda \u015funlar\u0131 kaydetti:<\/em><\/p>\n<section>\n<div>\n<p>Vatanda\u015flar\u0131m\u0131z\u0131 d\u00fcnya standartlar\u0131nda daha etkin ve kapsaml\u0131 hizmetler ile bulu\u015fturmak i\u00e7in yay\u0131mlanan Sa\u011fl\u0131k Uygulama Tebli\u011fi (SUT) sayesinde \u00f6nemli bir iyile\u015ftirmeyi tamamlam\u0131\u015f olduk. Hayata ge\u00e7irdi\u011fimiz bu \u00f6nemli ad\u0131m i\u00e7in Say\u0131n Cumhurba\u015fkan\u0131&#8217;m\u0131za \u015f\u00fckranlar\u0131m\u0131 sunuyorum. Sa\u011fl\u0131k Bakan\u0131m\u0131z Say\u0131n Prof. Dr. Kemal Memi\u015fo\u011flu ile Hazine ve Maliye Bakan\u0131m\u0131z Say\u0131n Mehmet \u015eim\u015fek&#8217;e g\u00f6stermi\u015f olduklar\u0131 hassasiyet ve destek i\u00e7in te\u015fekk\u00fcr ediyorum.<\/p>\n<\/div>\n<\/section>\n<p><\/p>\n<p>Kaynak :\u00a0<span style=\"background-color: rgb(255, 249, 236); color: rgb(55, 58, 60); font-size: 14px;\">http:\/\/www.milliyet.com.tr\/gundem\/gssde-alinan-tedaviler-icin-hastanelere-odenen-ucretler-artirildi-7499084<\/span><\/p>\n","protected":false},"excerpt":{"rendered":"<p>SGK taraf\u0131ndan, genel sa\u011fl\u0131k sigortal\u0131lar\u0131n ald\u0131klar\u0131 tedaviler kar\u015f\u0131l\u0131\u011f\u0131nda hastanelere \u00f6denen bedellerde art\u0131\u015fa gidildi. \u0130\u015fte o oranlar&#8230;<\/p>\n","protected":false},"author":1,"featured_media":152144,"comment_status":"open","ping_status":"open","sticky":false,"template":"","format":"standard","meta":{"footnotes":""},"categories":[3],"tags":[10160,229,357],"class_list":["post-152143","post","type-post","status-publish","format-standard","has-post-thumbnail","hentry","category-guncel","tag-odenen","tag-saglik","tag-tedavi"],"_links":{"self":[{"href":"https:\/\/kamucalisani.net\/index.php\/wp-json\/wp\/v2\/posts\/152143","targetHints":{"allow":["GET"]}}],"collection":[{"href":"https:\/\/kamucalisani.net\/index.php\/wp-json\/wp\/v2\/posts"}],"about":[{"href":"https:\/\/kamucalisani.net\/index.php\/wp-json\/wp\/v2\/types\/post"}],"author":[{"embeddable":true,"href":"https:\/\/kamucalisani.net\/index.php\/wp-json\/wp\/v2\/users\/1"}],"replies":[{"embeddable":true,"href":"https:\/\/kamucalisani.net\/index.php\/wp-json\/wp\/v2\/comments?post=152143"}],"version-history":[{"count":1,"href":"https:\/\/kamucalisani.net\/index.php\/wp-json\/wp\/v2\/posts\/152143\/revisions"}],"predecessor-version":[{"id":152145,"href":"https:\/\/kamucalisani.net\/index.php\/wp-json\/wp\/v2\/posts\/152143\/revisions\/152145"}],"wp:featuredmedia":[{"embeddable":true,"href":"https:\/\/kamucalisani.net\/index.php\/wp-json\/wp\/v2\/media\/152144"}],"wp:attachment":[{"href":"https:\/\/kamucalisani.net\/index.php\/wp-json\/wp\/v2\/media?parent=152143"}],"wp:term":[{"taxonomy":"category","embeddable":true,"href":"https:\/\/kamucalisani.net\/index.php\/wp-json\/wp\/v2\/categories?post=152143"},{"taxonomy":"post_tag","embeddable":true,"href":"https:\/\/kamucalisani.net\/index.php\/wp-json\/wp\/v2\/tags?post=152143"}],"curies":[{"name":"wp","href":"https:\/\/api.w.org\/{rel}","templated":true}]}}