{"id":152172,"date":"2025-12-10T04:36:09","date_gmt":"2025-12-10T04:36:09","guid":{"rendered":"https:\/\/kamucalisani.net\/?p=152172"},"modified":"2025-12-10T04:36:09","modified_gmt":"2025-12-10T04:36:09","slug":"ikinci-yari-kabusu","status":"publish","type":"post","link":"https:\/\/kamucalisani.net\/index.php\/2025\/12\/10\/ikinci-yari-kabusu\/","title":{"rendered":"\u0130kinci yar\u0131 kabusu"},"content":{"rendered":"<p><p>Galatasaray S\u00fcper Lig veya \u015eampiyonlar Ligi farketmiyor, her oynad\u0131\u011f\u0131 ma\u00e7\u0131n ikinci yar\u0131s\u0131nda taraftarlar\u0131na kabus ya\u015fat\u0131yor. Samsunspor ma\u00e7\u0131nda ilk yar\u0131 tak\u0131m olarak harika oynad\u0131, 2-0 \u00f6nde; ikinci yar\u0131 ise ma\u00e7 kabusa d\u00f6nd\u00fc.<\/p>\n<p>D\u00fcn gece ilk yar\u0131 yine sahada iyi bir Galatasaray vard\u0131. B\u00fct\u00fcn hatlar\u0131yla tak\u0131r tak\u0131r top oynad\u0131lar. Tek kusurlar\u0131 final paslar\u0131nda ba\u015far\u0131s\u0131zd\u0131lar. Buna ra\u011fmen \u0130lkay ve Bar\u0131\u015f Alper ile y\u00fczde y\u00fcz gol pozisyonlar\u0131n\u0131 de\u011ferlendiremediler. Ama herkes bu tak\u0131m ikinci yar\u0131 Monaco kar\u015f\u0131s\u0131nda rahatl\u0131kla gol bulur diye d\u00fc\u015f\u00fcn\u00fcyordu. Maalesef olmuyor.<\/p>\n<p>\u00dcst\u00fcne \u00fcstl\u00fck Sanchez\u2019in kontrols\u00fcz bir topa giri\u015fi penalt\u0131 oldu. U\u011furcan kurtarmasa daha farkl\u0131 skor olurdu. Bunun yan\u0131nda Monaco\u2019nun en az d\u00f6rt tane son vuru\u015flar\u0131 ba\u015far\u0131s\u0131z olan gol pozisyonlar\u0131 var. Ben Galatasaray defans\u0131n\u0131 anlayam\u0131yorum. Sorun orta sahadan ba\u015fl\u0131yor. Rakibe o kadar bo\u015f alan b\u0131rak\u0131p topa vurduruyorlar ki, bu \u015fartlarda her tak\u0131m Cim Bom\u2019a gol atar. Hele rakip korner att\u0131\u011f\u0131 zaman taraftar\u0131n y\u00fcre\u011fi a\u011fz\u0131na geliyor.<\/p>\n<p>Demek ki, Lemina oynamad\u0131\u011f\u0131 zaman Galatasaray\u2019da orta sahan\u0131n da, defans\u0131n da dengesi bozuluyor. Buna yapacak bir \u015fey de yok. Okan hocan\u0131n elinde Lemina\u2019n\u0131n alternatifi olacak futbolcu yok. Osimhen diyoruz; bu sezon tak\u0131m\u0131n\u0131 s\u0131rtlay\u0131p ta\u015f\u0131yan futbolcu. O da d\u00fcn gece iki stoperin aras\u0131nda k\u0131p\u0131rdayamad\u0131. Top da gelmeyince gol yollar\u0131nda sorun ya\u015f\u0131yorsun.<\/p>\n<p>Ger\u00e7ekten d\u00fcn gece \u00e7ok \u00fcz\u00fcld\u00fcm. Monaco ah\u0131m \u015fah\u0131m bir tak\u0131m de\u011fil. Ne var ki Galatasarayl\u0131 futbolcular\u0131 ilk defa b\u00f6yle heyecans\u0131z g\u00f6r\u00fcyorum. \u0130lkay iyi niyetli ama adam sakat, daha haz\u0131r de\u011fil, katk\u0131 veremiyor. Yunus ayn\u0131 \u015fekilde, ameliyat olal\u0131 d\u00f6rt hafta oldu. \u015eu an dinlenmesi laz\u0131m ama mecburiyetten hocas\u0131 kullan\u0131yor. Hakikaten tak\u0131m bu sakatlar ve cezal\u0131lar y\u00fcz\u00fcnden k\u00f6t\u00fc bir d\u00f6nem ge\u00e7iriyor.<\/p>\n<p>Devler Ligi\u2019nde 9 puan\u0131n var. Bundan sonra Atletico Madrid ile i\u00e7erde, Manchester City ile d\u0131\u015far\u0131da oynayacaks\u0131n. Bu iki ma\u00e7ta ve bilhassa i\u00e7erdeki ma\u00e7ta 3 puan alma \u015fans\u0131n var ama Osimhen\u2019in Afrika Kupas\u0131\u2019ndan ne zaman ve ne durumda gelece\u011fi belli de\u011fil. Galatasaray, \u0130spanyol ekibiyle 21 Ocak\u2019ta oynayacak, Afrika Kupas\u0131 ise 18 Ocak\u2019ta bitecek. Osimhensiz bir Galatasaray Madrid kar\u015f\u0131s\u0131nda ne yapabilir? Koca bir soru i\u015fareti. Halbuki yenseydin Union St Gilloise ile Monaco\u2019yu puan\u0131n 15 olacakt\u0131. B\u00fcy\u00fck bir ihtimalle de ilk 24\u2019\u00fc garantilerdin.<\/p>\n<p>Bu kadro \u015eampiyonlar Ligi\u2019nde ba\u015far\u0131l\u0131 olsun diye kuruldu. Dilerim ilk 24 i\u00e7ine girer ve yoluna devam eder. Tersi olursa \u00e7ok ele\u015ftiriler olacak ve bu da s\u0131k\u0131nt\u0131ya neden olacak.<\/p>\n\n<p><\/p>\n<p>Kaynak :\u00a0<span style=\"background-color: rgb(255, 249, 236); color: rgb(55, 58, 60); font-size: 14px;\">http:\/\/www.milliyet.com.tr\/skorer\/osman-senher\/ikinci-yari-kabusu-7499107<\/span><\/p>\n","protected":false},"excerpt":{"rendered":"<p>Galatasaray S\u00fcper Lig veya \u015eampiyonlar Ligi farketmiyor, her oynad\u0131\u011f\u0131 ma\u00e7\u0131n ikinci yar\u0131s\u0131nda taraftarlar\u0131na kabus ya\u015fat\u0131yor. Samsunspor ma\u00e7\u0131nda ilk yar\u0131 tak\u0131m olarak harika oynad\u0131, 2-0 \u00f6nde; ikinci yar\u0131 ise ma\u00e7 kabusa d\u00f6nd\u00fc. D\u00fcn gece ilk yar\u0131 yine &#8230;<\/p>\n","protected":false},"author":1,"featured_media":152173,"comment_status":"open","ping_status":"open","sticky":false,"template":"","format":"standard","meta":{"footnotes":""},"categories":[7],"tags":[257,289,288,263],"class_list":["post-152172","post","type-post","status-publish","format-standard","has-post-thumbnail","hentry","category-spor","tag-galatasaray","tag-gol","tag-mac","tag-takim"],"_links":{"self":[{"href":"https:\/\/kamucalisani.net\/index.php\/wp-json\/wp\/v2\/posts\/152172","targetHints":{"allow":["GET"]}}],"collection":[{"href":"https:\/\/kamucalisani.net\/index.php\/wp-json\/wp\/v2\/posts"}],"about":[{"href":"https:\/\/kamucalisani.net\/index.php\/wp-json\/wp\/v2\/types\/post"}],"author":[{"embeddable":true,"href":"https:\/\/kamucalisani.net\/index.php\/wp-json\/wp\/v2\/users\/1"}],"replies":[{"embeddable":true,"href":"https:\/\/kamucalisani.net\/index.php\/wp-json\/wp\/v2\/comments?post=152172"}],"version-history":[{"count":1,"href":"https:\/\/kamucalisani.net\/index.php\/wp-json\/wp\/v2\/posts\/152172\/revisions"}],"predecessor-version":[{"id":152174,"href":"https:\/\/kamucalisani.net\/index.php\/wp-json\/wp\/v2\/posts\/152172\/revisions\/152174"}],"wp:featuredmedia":[{"embeddable":true,"href":"https:\/\/kamucalisani.net\/index.php\/wp-json\/wp\/v2\/media\/152173"}],"wp:attachment":[{"href":"https:\/\/kamucalisani.net\/index.php\/wp-json\/wp\/v2\/media?parent=152172"}],"wp:term":[{"taxonomy":"category","embeddable":true,"href":"https:\/\/kamucalisani.net\/index.php\/wp-json\/wp\/v2\/categories?post=152172"},{"taxonomy":"post_tag","embeddable":true,"href":"https:\/\/kamucalisani.net\/index.php\/wp-json\/wp\/v2\/tags?post=152172"}],"curies":[{"name":"wp","href":"https:\/\/api.w.org\/{rel}","templated":true}]}}