{"id":152175,"date":"2025-12-10T04:42:08","date_gmt":"2025-12-10T04:42:08","guid":{"rendered":"https:\/\/kamucalisani.net\/?p=152175"},"modified":"2025-12-10T04:42:08","modified_gmt":"2025-12-10T04:42:08","slug":"trabzonsporda-fatih-tekke-buyuk-dusunuyor","status":"publish","type":"post","link":"https:\/\/kamucalisani.net\/index.php\/2025\/12\/10\/trabzonsporda-fatih-tekke-buyuk-dusunuyor\/","title":{"rendered":"Trabzonspor&#8217;da Fatih Tekke b\u00fcy\u00fck d\u00fc\u015f\u00fcn\u00fcyor!"},"content":{"rendered":"<p><p>Trendyol S\u00fcper Lig\u2019in 16. haftas\u0131nda pazar g\u00fcn\u00fc sahas\u0131nda Be\u015fikta\u015f ile kar\u015f\u0131la\u015facak Trabzonspor, teknik direkt\u00f6r\u00fc Fatih Tekke y\u00f6netiminde ilk b\u00fcy\u00fck galibiyetini alman\u0131n m\u00fccadelesini verecek. Ligde geride kalan 15 haftada toplad\u0131\u011f\u0131 34 puanla lider Galatasaray\u2019\u0131n 2 puan gerisinde ikinci s\u0131rada yer alan bordo-mavililer, b\u00fcy\u00fck tak\u0131m kar\u015f\u0131s\u0131nda galibiyet \u00f6zlemini sonland\u0131rarak zirve yar\u0131\u015f\u0131nda daha da iddial\u0131 hale gelmek istiyor.<\/p>\n<p>Karadeniz ekibi, teknik direkt\u00f6r Fatih Tekke y\u00f6netiminde \u00e7\u0131k\u0131\u015fa ge\u00e7se de b\u00fcy\u00fck ma\u00e7larda ayn\u0131 ba\u015far\u0131y\u0131 g\u00f6steremedi. Bordo-mavililer, Tekke d\u00f6neminde b\u00fcy\u00fck rakipleriyle ligde 4, Ziraat T\u00fcrkiye Kupas\u0131\u2019nda da bir olmak \u00fczere oynad\u0131\u011f\u0131 5 ma\u00e7\u0131 kazanamad\u0131.<\/p>\n<p>Karadeniz ekibi, Fatih Tekke ile ge\u00e7en sezon Fenerbah\u00e7e ile deplasmanda oynad\u0131\u011f\u0131 kar\u015f\u0131la\u015fmada 4-1\u2019lik yenilgiyle ayr\u0131larak ilk b\u00fcy\u00fck s\u0131nav\u0131nda ba\u015far\u0131l\u0131 olamad\u0131. Trabzonspor, daha sonra gen\u00e7 \u00e7al\u0131\u015ft\u0131r\u0131c\u0131 ile 5 g\u00fcn i\u00e7inde Galatasaray\u2019a ligde 2-0, Ziraat T\u00fcrkiye Kupas\u0131\u2019nda 3-0 ma\u011flup oldu.<\/p>\n<p>Bordo-mavililer, Tekke ile bu sezon ise deplasmanda Fenerbah\u00e7e\u2019ye 1-0 kaybederken, Galatasaray ile \u0130stanbul\u2019da gols\u00fcz berabere kalarak b\u00fcy\u00fck ma\u00e7larda galibiyetle tan\u0131\u015famad\u0131.<\/p>\n<div>\n<div><img decoding=\"async\" src=\"https:\/\/kamucalisani.net\/wp-content\/uploads\/2025\/12\/trabzonsporda-fatih-tekke-buyuk-dusunuyor-0-aGTrX5Gr.jpg\"\/><\/img><\/div>\n<\/div>\n<p><strong>ONUACHU SAVUNMASI<\/strong><\/p>\n<p>G\u00f6ztepe\u2019yi ma\u011flup eden Trabzonspor, 1 ki\u015fi eksik kal\u0131nca 2\u2019nci yar\u0131n\u0131n son b\u00f6l\u00fcm\u00fcnde tak\u0131m\u0131n savunma y\u00fck\u00fcn\u00fc santrforu Paul Onuachu\u2019nun omuzlar\u0131na b\u0131rakt\u0131.<\/p>\n<p>Gol krall\u0131\u011f\u0131nda \u00f6nde giden golc\u00fc oyuncu, yapt\u0131\u011f\u0131 11 uzakla\u015ft\u0131rma ile ma\u00e7\u0131 stoper gibi tamamlad\u0131. Nijeryal\u0131 oyuncunun her \u015fekilde sahaya koydu\u011fu m\u00fccadele camian\u0131n b\u00fcy\u00fck takdirini toplad\u0131.<\/p>\n\n<p><\/p>\n<p>Kaynak :\u00a0<span style=\"background-color: rgb(255, 249, 236); color: rgb(55, 58, 60); font-size: 14px;\">http:\/\/www.milliyet.com.tr\/skorer\/trabzonsporda-fatih-tekke-buyuk-dusunuyor-7499083<\/span><\/p>\n","protected":false},"excerpt":{"rendered":"<p>S\u00fcper Lig\u2019de ikinci s\u0131rada yer alan Trabzonspor, hafta sonu Be\u015fikta\u015f ile sahas\u0131nda yapaca\u011f\u0131 m\u00fcsabakada teknik direkt\u00f6r Fatih Tekke y\u00f6netiminde ilk b\u00fcy\u00fck galibiyetini almaya \u00e7al\u0131\u015facak<\/p>\n","protected":false},"author":1,"featured_media":152176,"comment_status":"open","ping_status":"open","sticky":false,"template":"","format":"standard","meta":{"footnotes":""},"categories":[7],"tags":[8577],"class_list":["post-152175","post","type-post","status-publish","format-standard","has-post-thumbnail","hentry","category-spor","tag-tekke"],"_links":{"self":[{"href":"https:\/\/kamucalisani.net\/index.php\/wp-json\/wp\/v2\/posts\/152175","targetHints":{"allow":["GET"]}}],"collection":[{"href":"https:\/\/kamucalisani.net\/index.php\/wp-json\/wp\/v2\/posts"}],"about":[{"href":"https:\/\/kamucalisani.net\/index.php\/wp-json\/wp\/v2\/types\/post"}],"author":[{"embeddable":true,"href":"https:\/\/kamucalisani.net\/index.php\/wp-json\/wp\/v2\/users\/1"}],"replies":[{"embeddable":true,"href":"https:\/\/kamucalisani.net\/index.php\/wp-json\/wp\/v2\/comments?post=152175"}],"version-history":[{"count":1,"href":"https:\/\/kamucalisani.net\/index.php\/wp-json\/wp\/v2\/posts\/152175\/revisions"}],"predecessor-version":[{"id":152178,"href":"https:\/\/kamucalisani.net\/index.php\/wp-json\/wp\/v2\/posts\/152175\/revisions\/152178"}],"wp:featuredmedia":[{"embeddable":true,"href":"https:\/\/kamucalisani.net\/index.php\/wp-json\/wp\/v2\/media\/152176"}],"wp:attachment":[{"href":"https:\/\/kamucalisani.net\/index.php\/wp-json\/wp\/v2\/media?parent=152175"}],"wp:term":[{"taxonomy":"category","embeddable":true,"href":"https:\/\/kamucalisani.net\/index.php\/wp-json\/wp\/v2\/categories?post=152175"},{"taxonomy":"post_tag","embeddable":true,"href":"https:\/\/kamucalisani.net\/index.php\/wp-json\/wp\/v2\/tags?post=152175"}],"curies":[{"name":"wp","href":"https:\/\/api.w.org\/{rel}","templated":true}]}}