{"id":152199,"date":"2025-12-10T05:24:08","date_gmt":"2025-12-10T05:24:08","guid":{"rendered":"https:\/\/kamucalisani.net\/?p=152199"},"modified":"2025-12-10T05:24:08","modified_gmt":"2025-12-10T05:24:08","slug":"osman-senher-yenilgisi-sonrasi-osimhen-tehlikesini-acikladi-galatasarayda-mac-kabusa-dondu","status":"publish","type":"post","link":"https:\/\/kamucalisani.net\/index.php\/2025\/12\/10\/osman-senher-yenilgisi-sonrasi-osimhen-tehlikesini-acikladi-galatasarayda-mac-kabusa-dondu\/","title":{"rendered":"Osman \u015eenher yenilgisi sonras\u0131 Osimhen tehlikesini a\u00e7\u0131klad\u0131! &#8216;Galatasaray&#8217;da ma\u00e7 kabusa d\u00f6nd\u00fc&#8217;"},"content":{"rendered":"<p><p>UEFA \u015eampiyonlar Ligi&#8217;nin 6. haftas\u0131nda Galatasaray, Monaco ile deplasmanda kar\u015f\u0131 kar\u015f\u0131ya geldi. Stade Louis II&#8217;de oynanan ma\u00e7\u0131 Galatasaray, 1-0&#8217;l\u0131k skorla kaybetti. Monaco&#8217;ya galibiyeti getiren gol\u00fc 68. dakikada Folarin Balogun att\u0131.<\/p>\n<p><strong>U\u011eURCAN KURTARDI<\/strong><\/p>\n<p>Monaco formas\u0131 giyen Denis Zakaria, 50. dakikada penalt\u0131dan yararlanamad\u0131. U\u011furcan \u00c7ak\u0131r, Zakaria&#8217;n\u0131n penalt\u0131s\u0131nda gole izin vermedi.\u00a0<\/p>\n<p>Bu sonucun ard\u0131ndan Galatasaray, \u015eampiyonlar Ligi&#8217;nde 9 puanda kald\u0131. Monaco da 9 puana y\u00fckseldi. Sar\u0131-k\u0131rm\u0131z\u0131l\u0131lar, Devler Ligi&#8217;nin bir sonraki ma\u00e7 haftas\u0131nda ise sahas\u0131nda Atletico Madrid&#8217;i konuk edecek.\u00a0<\/p>\n<p>M\u00fccadele sonras\u0131nda Milliyet yazar\u0131 Osman \u015eenher sar\u0131-k\u0131rm\u0131z\u0131l\u0131 tak\u0131m\u0131n oyununu de\u011ferlendirdi.\u00a0<\/p>\n<p><span><strong>OSMAN \u015eENHER: \u0130K\u0130NC\u0130 YARI KABUSU (M\u0130LL\u0130YET)<\/strong><\/span><\/p>\n<p>Galatasaray S\u00fcper Lig veya \u015eampiyonlar Ligi farketmiyor, her oynad\u0131\u011f\u0131 ma\u00e7\u0131n ikinci yar\u0131s\u0131nda taraftarlar\u0131na kabus ya\u015fat\u0131yor. Samsunspor ma\u00e7\u0131nda ilk yar\u0131 tak\u0131m olarak harika oynad\u0131, 2-0 \u00f6nde; ikinci yar\u0131 ise ma\u00e7 kabusa d\u00f6nd\u00fc.\u00a0<\/p>\n<p>D\u00fcn gece ilk yar\u0131 yine sahada iyi bir Galatasaray vard\u0131. B\u00fct\u00fcn hatlar\u0131yla tak\u0131r tak\u0131r top oynad\u0131lar. Tek kusurlar\u0131 final paslar\u0131nda ba\u015far\u0131s\u0131zd\u0131lar. Buna ra\u011fmen \u0130lkay ve Bar\u0131\u015f Alper ile y\u00fczde y\u00fcz gol pozisyonlar\u0131n\u0131 de\u011ferlendiremediler. Ama herkes bu tak\u0131m ikinci yar\u0131 Monaco kar\u015f\u0131s\u0131nda rahatl\u0131kla gol bulur diye d\u00fc\u015f\u00fcn\u00fcyordu. Maalesef olmuyor.\u00a0<\/p>\n<p><strong>U\u011eURCAN KURTARMASA DAHA FARKLI SKOR OLURDU <\/strong><br \/>\u00dcst\u00fcne \u00fcstl\u00fck Sanchez\u2019in kontrols\u00fcz bir topa giri\u015fi penalt\u0131 oldu. U\u011furcan kurtarmasa daha farkl\u0131 skor olurdu. Bunun yan\u0131nda Monaco\u2019nun en az d\u00f6rt tane son vuru\u015flar\u0131 ba\u015far\u0131s\u0131z olan gol pozisyonlar\u0131 var. Ben Galatasaray defans\u0131n\u0131 anlayam\u0131yorum. Sorun orta sahadan ba\u015fl\u0131yor. Rakibe o kadar bo\u015f alan b\u0131rak\u0131p topa vurduruyorlar ki, bu \u015fartlarda her tak\u0131m Cim Bom\u2019a gol atar. Hele rakip korner att\u0131\u011f\u0131 zaman taraftar\u0131n y\u00fcre\u011fi a\u011fz\u0131na geliyor.\u00a0<\/p>\n<p>Demek ki, Lemina oynamad\u0131\u011f\u0131 zaman Galatasaray\u2019da orta sahan\u0131n da, defans\u0131n da dengesi bozuluyor. Buna yapacak bir \u015fey de yok. Okan hocan\u0131n elinde Lemina\u2019n\u0131n alternatifi olacak futbolcu yok. Osimhen diyoruz; bu sezon tak\u0131m\u0131n\u0131 s\u0131rtlay\u0131p ta\u015f\u0131yan futbolcu. O da d\u00fcn gece iki stoperin aras\u0131nda k\u0131p\u0131rdayamad\u0131. Top da gelmeyince gol yollar\u0131nda sorun ya\u015f\u0131yorsun.\u00a0<\/p>\n<p><strong>\u0130LK DEFA B\u00d6YLE HEYECANSIZ G\u00d6R\u00dcYORUM <\/strong><br \/>Ger\u00e7ekten d\u00fcn gece \u00e7ok \u00fcz\u00fcld\u00fcm. Monaco ah\u0131m \u015fah\u0131m bir tak\u0131m de\u011fil. Ne var ki Galatasarayl\u0131 futbolcular\u0131 ilk defa b\u00f6yle heyecans\u0131z g\u00f6r\u00fcyorum. \u0130lkay iyi niyetli ama adam sakat, daha haz\u0131r de\u011fil, katk\u0131 veremiyor. Yunus ayn\u0131 \u015fekilde, ameliyat olal\u0131 d\u00f6rt hafta oldu. \u015eu an dinlenmesi laz\u0131m ama mecburiyetten hocas\u0131 kullan\u0131yor. Hakikaten tak\u0131m bu sakatlar ve cezal\u0131lar y\u00fcz\u00fcnden k\u00f6t\u00fc bir d\u00f6nem ge\u00e7iriyor.\u00a0<\/p>\n<p><strong>OS\u0130MHENS\u0130Z B\u0130R GALATASARAY MADR\u0130D KAR\u015eISINDA NE YAPAB\u0130L\u0130R? <\/strong><br \/>Devler Ligi\u2019nde 9 puan\u0131n var. Bundan sonra Atletico Madrid ile i\u00e7erde, Manchester City ile d\u0131\u015far\u0131da oynayacaks\u0131n. Bu iki ma\u00e7ta ve bilhassa i\u00e7erdeki ma\u00e7ta 3 puan alma \u015fans\u0131n var ama Osimhen\u2019in Afrika Kupas\u0131\u2019ndan ne zaman ve ne durumda gelece\u011fi belli de\u011fil. Galatasaray, \u0130spanyol ekibiyle 21 Ocak\u2019ta oynayacak, Afrika Kupas\u0131 ise 18 Ocak\u2019ta bitecek. Osimhensiz bir Galatasaray Madrid kar\u015f\u0131s\u0131nda ne yapabilir? Koca bir soru i\u015fareti. Halbuki yenseydin Union St Gilloise ile Monaco\u2019yu puan\u0131n 15 olacakt\u0131. B\u00fcy\u00fck bir ihtimalle de ilk 24\u2019\u00fc garantilerdin.\u00a0<\/p>\n<p>Bu kadro \u015eampiyonlar Ligi\u2019nde ba\u015far\u0131l\u0131 olsun diye kuruldu. Dilerim ilk 24 i\u00e7ine girer ve yoluna devam eder. Tersi olursa \u00e7ok ele\u015ftiriler olacak ve bu da s\u0131k\u0131nt\u0131ya neden olacak.<\/p>\n\n<p><\/p>\n<p>Kaynak :\u00a0<span style=\"background-color: rgb(255, 249, 236); color: rgb(55, 58, 60); font-size: 14px;\">http:\/\/www.milliyet.com.tr\/skorer\/osman-senher-yenilgisi-sonrasi-osimhen-tehlikesini-acikladi-galatasarayda-mac-kabusa-dondu-7499131<\/span><\/p>\n","protected":false},"excerpt":{"rendered":"<p>\u015eampiyonlar Ligi&#8217;nde deplasmanda Galatasaray, Monaco&#8217;ya 1-0 ma\u011flup oldu. U\u011furcan \u00c7ak\u0131r&#8217;\u0131n penalt\u0131 kurtar\u0131\u015f\u0131 temsilcimize yetmedi. Sar\u0131-k\u0131rm\u0131z\u0131l\u0131lar\u0131n futbolunu Milliyet yazar\u0131 Osman \u015eenher de\u011ferlendirdi.<\/p>\n","protected":false},"author":1,"featured_media":152200,"comment_status":"open","ping_status":"open","sticky":false,"template":"","format":"standard","meta":{"footnotes":""},"categories":[7],"tags":[257,289,292,3196,263],"class_list":["post-152199","post","type-post","status-publish","format-standard","has-post-thumbnail","hentry","category-spor","tag-galatasaray","tag-gol","tag-lig","tag-monaco","tag-takim"],"_links":{"self":[{"href":"https:\/\/kamucalisani.net\/index.php\/wp-json\/wp\/v2\/posts\/152199","targetHints":{"allow":["GET"]}}],"collection":[{"href":"https:\/\/kamucalisani.net\/index.php\/wp-json\/wp\/v2\/posts"}],"about":[{"href":"https:\/\/kamucalisani.net\/index.php\/wp-json\/wp\/v2\/types\/post"}],"author":[{"embeddable":true,"href":"https:\/\/kamucalisani.net\/index.php\/wp-json\/wp\/v2\/users\/1"}],"replies":[{"embeddable":true,"href":"https:\/\/kamucalisani.net\/index.php\/wp-json\/wp\/v2\/comments?post=152199"}],"version-history":[{"count":1,"href":"https:\/\/kamucalisani.net\/index.php\/wp-json\/wp\/v2\/posts\/152199\/revisions"}],"predecessor-version":[{"id":152201,"href":"https:\/\/kamucalisani.net\/index.php\/wp-json\/wp\/v2\/posts\/152199\/revisions\/152201"}],"wp:featuredmedia":[{"embeddable":true,"href":"https:\/\/kamucalisani.net\/index.php\/wp-json\/wp\/v2\/media\/152200"}],"wp:attachment":[{"href":"https:\/\/kamucalisani.net\/index.php\/wp-json\/wp\/v2\/media?parent=152199"}],"wp:term":[{"taxonomy":"category","embeddable":true,"href":"https:\/\/kamucalisani.net\/index.php\/wp-json\/wp\/v2\/categories?post=152199"},{"taxonomy":"post_tag","embeddable":true,"href":"https:\/\/kamucalisani.net\/index.php\/wp-json\/wp\/v2\/tags?post=152199"}],"curies":[{"name":"wp","href":"https:\/\/api.w.org\/{rel}","templated":true}]}}