{"id":152610,"date":"2025-12-10T17:24:09","date_gmt":"2025-12-10T17:24:09","guid":{"rendered":"https:\/\/kamucalisani.net\/?p=152610"},"modified":"2025-12-10T17:24:09","modified_gmt":"2025-12-10T17:24:09","slug":"samsunsporda-aek-maci-hazirliklari-sona-erdi","status":"publish","type":"post","link":"https:\/\/kamucalisani.net\/index.php\/2025\/12\/10\/samsunsporda-aek-maci-hazirliklari-sona-erdi\/","title":{"rendered":"Samsunspor&#8217;da AEK ma\u00e7\u0131 haz\u0131rl\u0131klar\u0131 sona erdi"},"content":{"rendered":"<p><p>Samsunspor, UEFA Konferans Ligi&#8217;nin 5\u2019inci haftas\u0131nda yar\u0131n sahas\u0131nda AEK Atina\u2019y\u0131 konuk edecek.<\/p>\n<p>Samsun 19 May\u0131s Stad\u0131&#8217;nda saat 20.45&#8217;te ba\u015flayacak m\u00fccadelede Jeremie Pignard d\u00fcd\u00fck \u00e7alacak. Pignard\u2019\u0131n yard\u0131mc\u0131l\u0131klar\u0131n\u0131 ise Aurelien Drouet ve Thomas Luczynski \u00fcstlenecek. Kar\u015f\u0131la\u015fman\u0131n d\u00f6rd\u00fcnc\u00fc hakemi ise yine ayn\u0131 federasyondan Ruddy Buquet olacak.<\/p>\n<p>K\u0131rm\u0131z\u0131-beyazl\u0131lar, yar\u0131n oynanacak ma\u00e7 \u00f6ncesinde yapt\u0131\u011f\u0131 antrenmanla haz\u0131rl\u0131klar\u0131n\u0131 tamamlad\u0131. Nuri Asan Tesisleri\u2019nde, teknik direkt\u00f6r Thomas Reis y\u00f6netiminde ger\u00e7ekle\u015ftirilen antrenman\u0131n ilk 15 dakikal\u0131k b\u00f6l\u00fcm\u00fc bas\u0131na a\u00e7\u0131k yap\u0131ld\u0131.<\/p>\n<div>\n<div><img decoding=\"async\" src=\"https:\/\/kamucalisani.net\/wp-content\/uploads\/2025\/12\/samsunsporda-aek-maci-hazirliklari-sona-erdi-0-zquhGpjg.jpg\"\/><\/img><\/div>\n<\/div>\n<p>K\u0131rm\u0131z\u0131-beyazl\u0131lar antrenmana \u0131s\u0131nma hareketleriyle ba\u015flad\u0131. Ard\u0131ndan 5\u2019e 2 top kapma, pas ve dar alanda y\u00f6ns\u00fcz oyun \u00e7al\u0131\u015fmas\u0131n\u0131n ard\u0131ndan antrenman son buldu.<\/p>\n<p>Samsunspor\u2019da sakatl\u0131klar\u0131 bulunan Afonso Sousa ve Bedirhan \u00c7etin\u2019in AEK Atina kar\u015f\u0131la\u015fmas\u0131nda kadroda yer almas\u0131 beklenmiyor.<\/p>\n<p>\u00d6te yandan Ey\u00fcp Ayd\u0131n ve Cherif Ndiaye ise stat\u00fc gere\u011fi ma\u00e7 kadrosuna dahil edilemeyecek.<\/p>\n\n<p><\/p>\n<p>Kaynak :\u00a0<span style=\"background-color: rgb(255, 249, 236); color: rgb(55, 58, 60); font-size: 14px;\">http:\/\/www.milliyet.com.tr\/skorer\/samsunsporda-aek-maci-hazirliklari-sona-erdi-7499706<\/span><\/p>\n","protected":false},"excerpt":{"rendered":"<p>UEFA Konferans Ligi&#8217;nde Yunanistan ekibi AEK Atina&#8217;y\u0131 a\u011f\u0131rlayacak olan Samsunspor kar\u015f\u0131la\u015fman\u0131n haz\u0131rl\u0131klar\u0131n\u0131 tamamlad\u0131.<\/p>\n","protected":false},"author":1,"featured_media":152611,"comment_status":"open","ping_status":"open","sticky":false,"template":"","format":"standard","meta":{"footnotes":""},"categories":[7],"tags":[],"class_list":["post-152610","post","type-post","status-publish","format-standard","has-post-thumbnail","hentry","category-spor"],"_links":{"self":[{"href":"https:\/\/kamucalisani.net\/index.php\/wp-json\/wp\/v2\/posts\/152610","targetHints":{"allow":["GET"]}}],"collection":[{"href":"https:\/\/kamucalisani.net\/index.php\/wp-json\/wp\/v2\/posts"}],"about":[{"href":"https:\/\/kamucalisani.net\/index.php\/wp-json\/wp\/v2\/types\/post"}],"author":[{"embeddable":true,"href":"https:\/\/kamucalisani.net\/index.php\/wp-json\/wp\/v2\/users\/1"}],"replies":[{"embeddable":true,"href":"https:\/\/kamucalisani.net\/index.php\/wp-json\/wp\/v2\/comments?post=152610"}],"version-history":[{"count":1,"href":"https:\/\/kamucalisani.net\/index.php\/wp-json\/wp\/v2\/posts\/152610\/revisions"}],"predecessor-version":[{"id":152613,"href":"https:\/\/kamucalisani.net\/index.php\/wp-json\/wp\/v2\/posts\/152610\/revisions\/152613"}],"wp:featuredmedia":[{"embeddable":true,"href":"https:\/\/kamucalisani.net\/index.php\/wp-json\/wp\/v2\/media\/152611"}],"wp:attachment":[{"href":"https:\/\/kamucalisani.net\/index.php\/wp-json\/wp\/v2\/media?parent=152610"}],"wp:term":[{"taxonomy":"category","embeddable":true,"href":"https:\/\/kamucalisani.net\/index.php\/wp-json\/wp\/v2\/categories?post=152610"},{"taxonomy":"post_tag","embeddable":true,"href":"https:\/\/kamucalisani.net\/index.php\/wp-json\/wp\/v2\/tags?post=152610"}],"curies":[{"name":"wp","href":"https:\/\/api.w.org\/{rel}","templated":true}]}}