{"id":153011,"date":"2025-12-11T09:30:08","date_gmt":"2025-12-11T09:30:08","guid":{"rendered":"https:\/\/kamucalisani.net\/?p=153011"},"modified":"2025-12-11T09:30:08","modified_gmt":"2025-12-11T09:30:08","slug":"survivor-yarismasiyla-taninan-futbolcu-aycan-yanac-hakkinda-darp-iddiasi-suratima-vurup-yere-yatirdi","status":"publish","type":"post","link":"https:\/\/kamucalisani.net\/index.php\/2025\/12\/11\/survivor-yarismasiyla-taninan-futbolcu-aycan-yanac-hakkinda-darp-iddiasi-suratima-vurup-yere-yatirdi\/","title":{"rendered":"Survivor yar\u0131\u015fmas\u0131yla tan\u0131nan futbolcu Aycan Yana\u00e7 hakk\u0131nda darp iddias\u0131! &#8216;Surat\u0131ma vurup yere yat\u0131rd\u0131&#8217;"},"content":{"rendered":"<p><p>Olay, 6 Aral\u0131k Cuma g\u00fcn\u00fc saat 01.00 s\u0131ralar\u0131nda Harbiye\u2019de bulunan bir e\u011flence mekan\u0131nda meydana geldi. Ak\u015fam saatlerinde 3 k\u0131z arkada\u015f\u0131yla birlikte mekana gelen fizyoterapist Nisa S\u00f6zen\u2019in ikiz k\u0131z karde\u015fi e\u011flendi\u011fi s\u0131rada tuvalete gitti. Bir s\u00fcre sonra karde\u015finin arkas\u0131ndan gelen Nisa S\u00f6zen, \u2018Esma\u2019 diyerek tuvaletin kap\u0131lar\u0131na vurdu. Bu s\u0131rada iddiaya g\u00f6re tuvalette olan futbolcu Aycan Yana\u00e7 ile Nisa S\u00f6zen aras\u0131nda tart\u0131\u015fma \u00e7\u0131kt\u0131. Kavgaya d\u00f6n\u00fc\u015fen olayda darbedildi\u011fini iddia eden S\u00f6zen\u2019i mekandaki di\u011fer m\u00fc\u015fteriler araya girerek ay\u0131rd\u0131. Mekanda ya\u015fananlar ise g\u00fcvenlik kameras\u0131na yans\u0131d\u0131. Olay\u0131n ard\u0131ndan hastaneye giden S\u00f6zen, darp raporu alarak Aycan Yana\u00e7\u2019tan \u015fikayet\u00e7i oldu.<\/p>\n<p><strong>&#8216;SURATIMA VURUP YERE YATIRDI&#8217;<\/strong><\/p>\n<p>Olayla ilgili konu\u015fan Nisa S\u00f6zen, &#8220;Biz mekana gittik Cuma g\u00fcn\u00fc. D\u00f6rt k\u0131z\u0131z. Kabin yan\u0131nday\u0131z. Daha gitmi\u015fiz saat 01.00 gibi gittik zaten. Sonra ikizim var benim bir de. \u0130kizim yan\u0131m\u0131zdayd\u0131. Sonra ben tuvaletteydim, tuvaletten masaya d\u00f6nd\u00fcm kabinin oraya. Arkada\u015flar\u0131ma dedim ki, &#8216;Esma nerede.&#8217; \u0130kizimin ad\u0131 Esma. Tuvalette dediler, indim tuvalete bakt\u0131m. Bakmaya diye indim. Kap\u0131y\u0131 \u00e7al\u0131yorum, tuvaletten bir k\u0131z \u00e7\u0131kt\u0131. Zaten iki tuvalet vard\u0131. Di\u011fer kap\u0131y\u0131 \u00e7al\u0131yorum. Hatta bir k\u0131z girdi, onunla sohbet ettim o s\u0131rada. Esma, Esma diye seslenerek kap\u0131y\u0131 \u00e7ald\u0131m birka\u00e7 defa. Sonra, tabii ki m\u00fczikli bir ortam. \u0130\u00e7eride biri bana dolu dese de, bir \u015fey dese de duymuyorum. Ben Esma&#8217;n\u0131n orada oldu\u011funa inanarak, Esma, Esma diye kap\u0131y\u0131 \u00e7al\u0131yorum kap\u0131y\u0131 a\u00e7s\u0131n diye. Sonra en son \u015fu sesi duydum, \u00e7ok y\u00fcksek sesle ba\u011f\u0131rd\u0131\u011f\u0131 i\u00e7in. &#8216;\u0130\u00e7eride Esma yok diyorum, anlam\u0131yor musun. Seni oraya gelirsem var ya&#8217; dedi bir ses. Bunu demesiyle o kap\u0131y\u0131 a\u00e7mas\u0131 bir oldu. Bu arada \u015funu da s\u00f6yleyeyim, benim boyum 1.58, 46 kiloyum. Kar\u015f\u0131mda, benden boy olarak uzun ve yap\u0131l\u0131 bir k\u0131z, bu ki\u015finin ad\u0131n\u0131 verece\u011fim Aycan Yana\u00e7, direkt surat\u0131ma bir vurdu. Ben zaten o s\u0131rada yere d\u00fc\u015ft\u00fcm. Sa\u00e7\u0131m\u0131 tuttu, y\u00fcz\u00fcm\u00fc, bir \u015fey g\u00f6rm\u00fcyorum o esnada. Ne oluyor ne bitiyor, i\u00e7eride kimse yoktu; ama kafam\u0131 kald\u0131rd\u0131\u011f\u0131mda, yerden kalkmaya \u00e7al\u0131\u015ft\u0131\u011f\u0131mda 2 ki\u015fi daha falan fark ettim tuvalette, kim bilmiyorum. Sonra ben yerden kalkt\u0131m. Beni tekrar ayn\u0131 \u015fekilde y\u00fcz\u00fcme vurarak yere yat\u0131rd\u0131. Baca\u011f\u0131mla daha sonradan fark ediyorum. Neyse onu sonra s\u00f6yleyece\u011fim. Birka\u00e7 kere beni yere yat\u0131rd\u0131. Tuvalet zaten dar. K\u00fc\u00e7\u00fck bir yer. Ka\u00e7 kere ba\u015f\u0131m\u0131 duvara vurdum yere yatarken. Her yerim \u00e7ok fena. Sa\u00e7\u0131m\u0131 \u00e7ekmi\u015f; \u00e7ekti yani \u00e7ok net hat\u0131rlam\u0131yorum o anlar\u0131. Kafam\u0131 duvara vurdu\u011fum i\u00e7in \u00fcst\u00fc \u015fi\u015f. Kafam\u0131n buras\u0131 \u015fi\u015f. Bu \u015fekilde olaylar&#8221; dedi.<\/p>\n<div>\n<div><img decoding=\"async\" src=\"https:\/\/kamucalisani.net\/wp-content\/uploads\/2025\/12\/survivor-yarismasiyla-taninan-futbolcu-aycan-yanac-hakkinda-darp-iddiasi-suratima-vurup-yere-yatirdi-0-NwOa1RCH.jpg\"\/><\/img><\/div>\n<\/div>\n<p><strong>&#8216;\u015e\u0130KAYET\u00c7\u0130 OLDUM; DARP RAPORU ALDIM&#8217;<\/strong><\/p>\n<p>Nisa S\u00f6zen, &#8220;Baca\u011f\u0131mda kocaman bir s\u0131yr\u0131k var. Sonra \u00e7\u0131kt\u0131k mekandan. K\u0131z\u0131 korudular. Mekanda tan\u0131d\u0131\u011f\u0131m dedi\u011fim insanlar k\u0131z\u0131 ald\u0131, ofis gibi bir yere g\u00f6t\u00fcrd\u00fcler. Beni mekandan d\u0131\u015far\u0131 \u00e7\u0131kartmaya \u00e7al\u0131\u015ft\u0131lar ki ben zaten olay \u00e7\u0131kmas\u0131n diye d\u0131\u015far\u0131 \u00e7\u0131kt\u0131m. Zaten h\u00fcng\u00fcr h\u00fcng\u00fcr a\u011fl\u0131yordum o s\u0131rada. Polisi \u00e7a\u011f\u0131rd\u0131m. Sadece ikizim o s\u0131rada beni o halde a\u011flarken g\u00f6rd\u00fc\u011f\u00fc i\u00e7in \u00e7ok sinirlendi. \u0130\u00e7eri girmeye \u00e7al\u0131\u015ft\u0131 falan. Mekan hi\u00e7bir \u015fekilde o esnada bana yan\u0131ma gelmedi, iyi misin demedi, bana bir su vermedi, kimse. Bak\u0131n buray\u0131 \u00f6zellikle s\u00f6yl\u00fcyorum, hi\u00e7 kimse. Bu arada bu olaylar olurken, tuvaletin, yani bu kad\u0131nlar tuvaletinde oldu\u011fu i\u00e7in, tuvaletin d\u0131\u015f k\u0131sm\u0131nda beni bir \u015fekilde tuvaletten att\u0131lar, ittiler, anlamad\u0131m ne oldu\u011funu. D\u0131\u015f k\u0131sm\u0131nda i\u015fte ben kendime anlatmaya \u00e7al\u0131\u015f\u0131yorum, a\u011fl\u0131yorum bir yandan, bir tane uzun boylu tahmin ediyorum ki g\u00fcvenlik. Ben kendimi a\u00e7\u0131klamaya \u00e7al\u0131\u015f\u0131rken &#8216;G\u00f6rd\u00fcm k\u0131z\u0131 ka\u00e7 kere yere yat\u0131rd\u0131&#8217; dedi. Neyse buradan sonra ben \u00e7\u0131kt\u0131m ettim. Kap\u0131da i\u015fte dedi\u011fim gibi ikizim sinirlendi. O s\u0131rada polisler geldi. Bu s\u0131rada hi\u00e7 kimse benim yan\u0131mda olmad\u0131. Kimse bana &#8216;\u0130yi misin&#8217; demedi. Ge\u00e7mi\u015f olsun demedi. Ertesi g\u00fcn ne bir arama ne birey olmad\u0131. Tabii ki ben o g\u00fcn hemen karakola gittim \u015fikayet\u00e7i oldum. Darp raporu ald\u0131m hastanede tomografi \u00e7ekildi. Kan verdim. R\u00f6ntgen \u00e7ekildi, g\u00f6\u011f\u00fcs r\u00f6ntgeni. Dizim ac\u0131d\u0131, dizimin r\u00f6ntgeni \u00e7ekildi&#8221; ifadelerini kulland\u0131.<\/p>\n<div>\n<div><img decoding=\"async\" src=\"https:\/\/kamucalisani.net\/wp-content\/uploads\/2025\/12\/survivor-yarismasiyla-taninan-futbolcu-aycan-yanac-hakkinda-darp-iddiasi-suratima-vurup-yere-yatirdi-1-7k9TiONI.jpg\"\/><\/img><\/div>\n<\/div>\n<p><strong>&#8216;DAVAMIN SONUNA KADAR ARKASINDAYIM&#8217;<\/strong><\/p>\n<p>S\u00f6zen, &#8220;Bug\u00fcn hala nefes alam\u0131yorum. Nefes al\u0131rken sol taraf\u0131m \u00f6nden arkadan bask\u0131 var gibi b\u00f6yle s\u0131k\u0131\u015f\u0131yor ki ben fizyoterapistim, \u00e7al\u0131\u015fan bir insan\u0131m. Bug\u00fcn i\u015fe gidemedim; \u00e7\u00fcnk\u00fc g\u00fcc\u00fcm yok. Her yerim a\u011fr\u0131yor boynum, kolum, s\u0131rt\u0131m. Nefes bile alacak halde de\u011filim. \u00d6ks\u00fcr\u00fcrken bile can\u0131m ac\u0131yor. Bu \u015fekilde zaten savc\u0131l\u0131kta, karakola \u015fikayet ettim. Savc\u0131l\u0131kta da bu dava g\u00f6r\u00fclecek umar\u0131m. Umar\u0131m cezas\u0131z kalmaz, umar\u0131m ben sadece dayak yedi\u011fimle kalmam. Aycan Yana\u00e7&#8217;tan ve o mekandaki herkesten ve o mekandan sonuna kadar \u015fikayet\u00e7iyim. Mekan ertesi g\u00fcn, hatta ayn\u0131 gece ben mekandaki tan\u0131d\u0131\u011f\u0131m ki\u015fiye yazd\u0131\u011f\u0131mda &#8216;Bizlik hi\u00e7bir \u015fey yok, sizin aran\u0131zda siz halledin&#8217; dedi. Madem sizlik bir \u015fey yoktu, beni o mekandan d\u0131\u015far\u0131 al\u0131rken onu arka kap\u0131dan ka\u00e7\u0131rmayacakt\u0131n\u0131z ya da i\u00e7eri sokmayacakt\u0131n\u0131z. Polisler geldi\u011finde, &#8216;Hadi sen de \u00e7\u0131k bakal\u0131m, ikiniz aran\u0131zda halledin&#8217; diyebilecektiniz. Madem sizlik bir \u015fey yoktu ben \u00e7\u0131kt\u0131ktan sonra bu olay bittikten sonra d\u00f6n\u00fcp arkada\u015flar\u0131ma &#8216;Sizin y\u00fcz\u00fcn\u00fczden 1 milyon para kaybettim&#8217; diyemezsiniz. Ben orada can\u0131mla u\u011fra\u015f\u0131yorum, ben orada berbat bir haldeyim a\u011fl\u0131yorum her yerim \u00e7izik s\u0131yr\u0131k ba\u015f\u0131m \u015fi\u015fmi\u015f sa\u00e7lar\u0131m da\u011f\u0131lm\u0131\u015f ben o haldeyken sen orada 1 milyon kaybetti\u011fini konu\u015fuyorsun; bizim y\u00fcz\u00fcm\u00fczden 1 milyon zarar etti\u011fini s\u00f6yl\u00fcyorsun ve gidip bizim arkada\u015flar\u0131m\u0131z olan masadan bir de daha s\u00f6yleyip de i\u00e7emedi\u011fimiz bir bardak alkol\u00fcn hesab\u0131n\u0131 almaya kalk\u0131yorsun ve al\u0131yorsun da. \u00dcst\u00fcne \u00fcstl\u00fck &#8216;\u0130ndirim yapt\u0131ray\u0131m m\u0131, \u00e7izdireyim mi hesab\u0131&#8217; gibi dalga da ge\u00e7iyorsun. Ertesi g\u00fcn hi\u00e7 kimse beni aram\u0131yor. Kimse bana bizlik bir \u015fey yok ama hani biz senden &#8216;O k\u0131z ad\u0131na \u00f6z\u00fcr dileriz&#8217; demiyor. O k\u0131z hala o mekana gitmeye devam ediyor. Herkes o k\u0131z \u00fcnl\u00fc tan\u0131n\u0131yor, mekan\u0131n PR\u2019\u0131n\u0131 yap\u0131yor diye koruyor; ama ben burada kendi hakk\u0131m\u0131 savunaca\u011f\u0131m. Mahkeme olursa da eminim ona \u015fahitlik de yapacak o mekandaki \u00e7al\u0131\u015fanlar. Eminim onun taraf\u0131nda olup ona \u015fahitlik de yapacaklar. Ben davam\u0131n sonuna kadar arkas\u0131nday\u0131m&#8221; diye konu\u015ftu.<\/p>\n<div>\n<div><img decoding=\"async\" src=\"https:\/\/kamucalisani.net\/wp-content\/uploads\/2025\/12\/survivor-yarismasiyla-taninan-futbolcu-aycan-yanac-hakkinda-darp-iddiasi-suratima-vurup-yere-yatirdi-2-Ez8UF1Di.jpg\"\/><\/img><\/div>\n<\/div>\n<p><strong>&#8216;\u0130DD\u0130ALAR GER\u00c7E\u011e\u0130 YANSITMAMAKTADIR&#8217;<\/strong><\/p>\n<p>Sosyal medya hesab\u0131 \u00fczerinden avukat\u0131 arac\u0131l\u0131\u011f\u0131yla a\u00e7\u0131klama yapan Aycan Yana\u00e7 ise, &#8220;Sosyal medya ve baz\u0131 internet platformlar\u0131nda m\u00fcvekkilimiz Aycan Yana\u00e7&#8217;a y\u00f6nelik servis edilen &#8216;Darp&#8217; iddialar\u0131 ger\u00e7e\u011fi yans\u0131tmamaktad\u0131r. Kamuoyuna sunulan i\u00e7erik ve a\u00e7\u0131klamalar eksik, \u00e7arp\u0131t\u0131lm\u0131\u015f ve y\u00f6nlendirici niteliktedir. Ger\u00e7ek d\u0131\u015f\u0131 s\u00f6ylemler \u00fczerinden yap\u0131lan payla\u015f\u0131mlar, taraf\u0131m\u0131zca &#8216;G\u00fcndeme gelme&#8217; ve &#8216;\u0130tibar zedeleme&#8217; amac\u0131 ta\u015f\u0131yan a\u00e7\u0131klamalar olarak de\u011ferlendirilmekte olup, ilgili ki\u015fi ve mecralar hakk\u0131nda gerekli hukuki s\u00fcre\u00e7 ba\u015flat\u0131lm\u0131\u015ft\u0131r. Kamuoyunun tek tarafl\u0131 beyanlara ve ki\u015filik haklar\u0131na zarar verici nitelikteki a\u00e7\u0131klamalara itibar etmemesini \u00f6nemle rica ederiz. Kamuoyuna sayg\u0131yla duyurulur&#8221; ifadelerini kulland\u0131.<\/p>\n\n<p><\/p>\n<p>Kaynak :\u00a0<span style=\"background-color: rgb(255, 249, 236); color: rgb(55, 58, 60); font-size: 14px;\">http:\/\/www.milliyet.com.tr\/gundem\/fizyoterapist-survivor-yarismasiyla-taninan-futbolcu-aycan-yanac-tarafindan-tuvalette-darp-edildi-suratima-vurup-yere-yatirdi-7499989<\/span><\/p>\n","protected":false},"excerpt":{"rendered":"<p>\u015ei\u015fli\u2019de e\u011flence mekan\u0131na giden fizyoterapist Nisa S\u00f6zen (26), tuvalette Survivor yar\u0131\u015fmas\u0131yla tan\u0131nan futbolcu Aycan Yana\u00e7 (27) taraf\u0131ndan darbedildi\u011fini \u00f6ne s\u00fcrd\u00fc. Yana\u00e7&#8217;\u0131n y\u00fcz\u00fcne vurdu\u011funu ve yerde sa\u00e7\u0131n\u0131 \u00e7ekti\u011fini iddia eden S\u00f6zen, hastaneden darp raporu alarak \u015fikayet\u00e7i oldu. E\u011flence mekan\u0131nda ya\u015fananlar g\u00fcvenlik kameras\u0131na yans\u0131d\u0131. S\u00f6zen, &#8220;Direkt surat\u0131ma vurdu. Ben zaten o s\u0131rada yere d\u00fc\u015ft\u00fcm. Sa\u00e7\u0131m\u0131 tuttu, bir \u015fey g\u00f6rm\u00fcyordum o esnada&#8221; dedi. Aycan Yana\u00e7 ise avukat\u0131 arac\u0131l\u0131\u011f\u0131yla a\u00e7\u0131klama yapt\u0131.<\/p>\n","protected":false},"author":1,"featured_media":153012,"comment_status":"open","ping_status":"open","sticky":false,"template":"","format":"standard","meta":{"footnotes":""},"categories":[3],"tags":[298,7742,1216,10206,780],"class_list":["post-153011","post","type-post","status-publish","format-standard","has-post-thumbnail","hentry","category-guncel","tag-cik","tag-esma","tag-kiz","tag-mekanda","tag-tuvalet"],"_links":{"self":[{"href":"https:\/\/kamucalisani.net\/index.php\/wp-json\/wp\/v2\/posts\/153011","targetHints":{"allow":["GET"]}}],"collection":[{"href":"https:\/\/kamucalisani.net\/index.php\/wp-json\/wp\/v2\/posts"}],"about":[{"href":"https:\/\/kamucalisani.net\/index.php\/wp-json\/wp\/v2\/types\/post"}],"author":[{"embeddable":true,"href":"https:\/\/kamucalisani.net\/index.php\/wp-json\/wp\/v2\/users\/1"}],"replies":[{"embeddable":true,"href":"https:\/\/kamucalisani.net\/index.php\/wp-json\/wp\/v2\/comments?post=153011"}],"version-history":[{"count":1,"href":"https:\/\/kamucalisani.net\/index.php\/wp-json\/wp\/v2\/posts\/153011\/revisions"}],"predecessor-version":[{"id":153016,"href":"https:\/\/kamucalisani.net\/index.php\/wp-json\/wp\/v2\/posts\/153011\/revisions\/153016"}],"wp:featuredmedia":[{"embeddable":true,"href":"https:\/\/kamucalisani.net\/index.php\/wp-json\/wp\/v2\/media\/153012"}],"wp:attachment":[{"href":"https:\/\/kamucalisani.net\/index.php\/wp-json\/wp\/v2\/media?parent=153011"}],"wp:term":[{"taxonomy":"category","embeddable":true,"href":"https:\/\/kamucalisani.net\/index.php\/wp-json\/wp\/v2\/categories?post=153011"},{"taxonomy":"post_tag","embeddable":true,"href":"https:\/\/kamucalisani.net\/index.php\/wp-json\/wp\/v2\/tags?post=153011"}],"curies":[{"name":"wp","href":"https:\/\/api.w.org\/{rel}","templated":true}]}}