{"id":153296,"date":"2025-12-11T16:54:07","date_gmt":"2025-12-11T16:54:07","guid":{"rendered":"https:\/\/kamucalisani.net\/?p=153296"},"modified":"2025-12-11T16:54:07","modified_gmt":"2025-12-11T16:54:07","slug":"bursada-iki-motosiklet-carpisti-4-kisi-yaralandi","status":"publish","type":"post","link":"https:\/\/kamucalisani.net\/index.php\/2025\/12\/11\/bursada-iki-motosiklet-carpisti-4-kisi-yaralandi\/","title":{"rendered":"Bursa&#8217;da iki motosiklet \u00e7arp\u0131\u015ft\u0131! 4 ki\u015fi yaraland\u0131"},"content":{"rendered":"<p><p>Kaza saat 17.00 s\u0131ralar\u0131nda Bursa\u2019n\u0131n \u0130neg\u00f6l il\u00e7esine ba\u011fl\u0131 Burhaniye Mahallesi\u2019nde meydana geldi. Park Yolu Caddesi\u2019nde meydana geldi. Cadde \u00fczerinde seyir halinde olan Yusuf G.\u2019nin (16) kulland\u0131\u011f\u0131 motosiklet ile kar\u015f\u0131 y\u00f6nden gelen Emre F. (26) idaresindeki\u00a0 motosiklet kafa kafaya \u00e7arp\u0131\u015ft\u0131. Kazan\u0131n etkisiyle devrilen motosikletlerden d\u00fc\u015fen s\u00fcr\u00fcc\u00fcler ile yolcular Semra F. (52) ile H\u00fcseyin B. (16) yaraland\u0131.<\/p>\n<p><strong>ANNES\u0130N\u0130N EL\u0130N\u0130 BIRAKMADI<\/strong><\/p>\n<p>Kazada s\u00fcr\u00fcc\u00fc Emre F., kendisi gibi yaralanan annesi Semra F.&#8217;nin elini tutarak moral verdi. Annesinin iyi misin sorusuna ise gen\u00e7, &#8220;Vallahi iyiyim anne, \u00e7ok iyiyim&#8221; diyerek cevap verdi. \u0130hbar \u00fczerine polis ve sa\u011fl\u0131k ekibi sevk edildi. Yaral\u0131lar, sa\u011fl\u0131k ekiplerinin ilk m\u00fcdahalesinin ard\u0131ndan \u0130neg\u00f6l Devlet Hastanesine kald\u0131r\u0131ld\u0131.<\/p>\n<p>Kazayla ilgili soru\u015fturma ba\u015flatt\u0131.<\/p>\n\n<p><\/p>\n<p>Kaynak :\u00a0<span style=\"background-color: rgb(255, 249, 236); color: rgb(55, 58, 60); font-size: 14px;\">http:\/\/www.milliyet.com.tr\/gundem\/bursada-iki-motosiklet-carpisti-4-kisi-yaralandi-7500396<\/span><\/p>\n","protected":false},"excerpt":{"rendered":"<p>Bursa&#8217;n\u0131n \u0130neg\u00f6l il\u00e7esinde iki motosikletin kafa kafaya \u00e7arp\u0131\u015ft\u0131\u011f\u0131 kazada 4 ki\u015fi yaraland\u0131. Kazada motosiklet s\u00fcr\u00fcc\u00fclerinden Emre F. (26), kendisi gibi yaralanan annesinin elini bir an olsun b\u0131rakmad\u0131\u011f\u0131 g\u00f6r\u00fcld\u00fc.<\/p>\n","protected":false},"author":1,"featured_media":153297,"comment_status":"open","ping_status":"open","sticky":false,"template":"","format":"standard","meta":{"footnotes":""},"categories":[3],"tags":[],"class_list":["post-153296","post","type-post","status-publish","format-standard","has-post-thumbnail","hentry","category-guncel"],"_links":{"self":[{"href":"https:\/\/kamucalisani.net\/index.php\/wp-json\/wp\/v2\/posts\/153296","targetHints":{"allow":["GET"]}}],"collection":[{"href":"https:\/\/kamucalisani.net\/index.php\/wp-json\/wp\/v2\/posts"}],"about":[{"href":"https:\/\/kamucalisani.net\/index.php\/wp-json\/wp\/v2\/types\/post"}],"author":[{"embeddable":true,"href":"https:\/\/kamucalisani.net\/index.php\/wp-json\/wp\/v2\/users\/1"}],"replies":[{"embeddable":true,"href":"https:\/\/kamucalisani.net\/index.php\/wp-json\/wp\/v2\/comments?post=153296"}],"version-history":[{"count":1,"href":"https:\/\/kamucalisani.net\/index.php\/wp-json\/wp\/v2\/posts\/153296\/revisions"}],"predecessor-version":[{"id":153298,"href":"https:\/\/kamucalisani.net\/index.php\/wp-json\/wp\/v2\/posts\/153296\/revisions\/153298"}],"wp:featuredmedia":[{"embeddable":true,"href":"https:\/\/kamucalisani.net\/index.php\/wp-json\/wp\/v2\/media\/153297"}],"wp:attachment":[{"href":"https:\/\/kamucalisani.net\/index.php\/wp-json\/wp\/v2\/media?parent=153296"}],"wp:term":[{"taxonomy":"category","embeddable":true,"href":"https:\/\/kamucalisani.net\/index.php\/wp-json\/wp\/v2\/categories?post=153296"},{"taxonomy":"post_tag","embeddable":true,"href":"https:\/\/kamucalisani.net\/index.php\/wp-json\/wp\/v2\/tags?post=153296"}],"curies":[{"name":"wp","href":"https:\/\/api.w.org\/{rel}","templated":true}]}}