{"id":153398,"date":"2025-12-11T19:30:11","date_gmt":"2025-12-11T19:30:11","guid":{"rendered":"https:\/\/kamucalisani.net\/?p=153398"},"modified":"2025-12-11T19:30:11","modified_gmt":"2025-12-11T19:30:11","slug":"bakan-tunctan-yeni-anayasa-vurgusu-turkiye-yuzyilini-darbe-urunu-bir-anayasayla-karsilamayacagiz","status":"publish","type":"post","link":"https:\/\/kamucalisani.net\/index.php\/2025\/12\/11\/bakan-tunctan-yeni-anayasa-vurgusu-turkiye-yuzyilini-darbe-urunu-bir-anayasayla-karsilamayacagiz\/","title":{"rendered":"Bakan Tun\u00e7&#8217;tan yeni anayasa vurgusu! &#8216;T\u00fcrkiye Y\u00fczy\u0131l\u0131&#8217;n\u0131 darbe \u00fcr\u00fcn\u00fc bir anayasayla kar\u015f\u0131lamayaca\u011f\u0131z&#8217;"},"content":{"rendered":"<p><p>\u00a0<\/p>\n<p>Adalet Bakan\u0131 Tun\u00e7, Ankara Hakimevi&#8217;nde d\u00fczenlenen \u0130nsan Haklar\u0131 Kurumlar\u0131 De\u011ferlendirme Toplant\u0131s\u0131&#8217;nda bu etkinli\u011fin kurumlar aras\u0131ndaki ileti\u015fimi g\u00fc\u00e7lendirmek, isti\u015fare k\u00fclt\u00fcr\u00fcn\u00fc derinle\u015ftirmek ve insan haklar\u0131 alan\u0131ndaki ortak iradeyi daha da peki\u015ftirmek i\u00e7in iyi bir f\u0131rsat oldu\u011funa inand\u0131\u011f\u0131n\u0131 s\u00f6yledi.<\/p>\n<p>Bakan Tun\u00e7, insan haklar\u0131n\u0131n, insan\u0131n s\u0131rf insan olmas\u0131 nedeniyle do\u011fu\u015ftan sahip bulundu\u011fu, devredilemeyen, vazge\u00e7ilemeyen ve herkes i\u00e7in e\u015fit \u015fekilde ge\u00e7erli temel hak ve \u00f6zg\u00fcrl\u00fckler oldu\u011funu vurgulad\u0131.<\/p>\n<p>\u0130nsan haklar\u0131n\u0131n, bireyin onurunu koruyan demokratik hukuk d\u00fczeninin \u00f6z\u00fcn\u00fc olu\u015fturan evrensel ilkeler oldu\u011funu belirten Tun\u00e7, &#8220;Kadim gelene\u011fimiz ve inanc\u0131m\u0131z\u0131n temeli insan \u00fczerine kurulmu\u015ftur ve insana bak\u0131\u015f\u0131m\u0131z, bizim medeniyetimizin mayas\u0131nda yo\u011frulmu\u015f hakikatlerin yans\u0131mas\u0131d\u0131r. Bizim i\u00e7in insan, yarat\u0131lm\u0131\u015flar\u0131n en \u015fereflisi, onuru dokunulmaz, hakk\u0131 mukaddes bir emanettir. Bizim medeniyetimizde insan haklar\u0131, Bat\u0131&#8217;n\u0131n iddia etti\u011fi gibi sonradan ke\u015ffedilmi\u015f bir kavram de\u011fildir.&#8221; de\u011ferlendirmesinde bulundu.<\/p>\n<p>\u0130nsan haklar\u0131 alan\u0131nda son 23 y\u0131lda \u00f6nemli icraatlara imza at\u0131ld\u0131\u011f\u0131n\u0131 dile getiren Tun\u00e7, ayn\u0131 zamanda Filistin ve Gazze ba\u015fta olmak \u00fczere d\u00fcnyan\u0131n neresinde bir insan hakk\u0131 ihlali varsa en g\u00fc\u00e7l\u00fc \u015fekilde kar\u015f\u0131s\u0131nda durduklar\u0131n\u0131 ifade etti.<\/p>\n<p><strong><\/p>\n<div>\n<div><img decoding=\"async\" src=\"https:\/\/kamucalisani.net\/wp-content\/uploads\/2025\/12\/bakan-tunctan-yeni-anayasa-vurgusu-turkiye-yuzyilini-darbe-urunu-bir-anayasayla-karsilamayacagiz-0-HBgztd9I.jpg\"\/><\/img><\/div>\n<\/div>\n<p><\/strong><\/p>\n<p><strong>&#8220;REFORM \u0130RADEM\u0130Z, B\u0130Z\u0130M DURA\u011eAN DE\u011e\u0130LD\u0130R, S\u00dcREKL\u0130D\u0130R&#8221;<\/strong><\/p>\n<p>Adalet Bakan\u0131 Tun\u00e7, T\u00fcrkiye&#8217;nin ge\u00e7mi\u015fte insan haklar\u0131 bak\u0131m\u0131ndan &#8220;a\u011f\u0131r s\u0131namalardan ge\u00e7ti\u011fini&#8221;, uzun y\u0131llar boyunca darbeci ve vesayet\u00e7i anlay\u0131\u015flar\u0131n g\u00f6lgesinde siyasi yasaklardan i\u015fkenceye, inan\u00e7 h\u00fcrriyeti ve ifade \u00f6zg\u00fcrl\u00fc\u011f\u00fcn\u00fcn bask\u0131lanmas\u0131na kadar pek \u00e7ok insan hakk\u0131 ihlalinin ya\u015fand\u0131\u011f\u0131n\u0131 ifade etti.<\/p>\n<p>Ge\u00e7mi\u015fteki ac\u0131 tecr\u00fcbelerin haf\u0131zalardaki yerini hala korudu\u011funu belirten Tun\u00e7, &#8220;\u0130\u015fte bu sebeple bug\u00fcn insan haklar\u0131n\u0131 g\u00fc\u00e7lendiren reformlar\u0131m\u0131z\u0131n de\u011feri, T\u00fcrkiye&#8217;nin vesayet karanl\u0131\u011f\u0131ndan demokratik olgunlu\u011fa y\u00fcr\u00fcy\u00fc\u015f\u00fcn\u00fc daha iyi ortaya koymaktad\u0131r. Son 23 y\u0131lda at\u0131lan ad\u0131mlar, T\u00fcrkiye&#8217;yi y\u00fcksek standartl\u0131 bir demokrasi hedefine ta\u015f\u0131may\u0131 ama\u00e7layan k\u00f6kl\u00fc bir d\u00f6n\u00fc\u015f\u00fcm\u00fcn yap\u0131 ta\u015flar\u0131 olmu\u015ftur.&#8221; dedi.<\/p>\n<p>Bakan Tun\u00e7, bu kapsamda Anayasa&#8217;n\u0131n 90. maddesinde yap\u0131lan de\u011fi\u015fiklikle, anla\u015fmalarla kanunlar\u0131n ayn\u0131 konuda farkl\u0131 h\u00fck\u00fcmler i\u00e7ermesi halinde milletler aras\u0131 antla\u015fma h\u00fck\u00fcmlerinin esas al\u0131naca\u011f\u0131n\u0131n d\u00fczenlendi\u011fini, bilgi edinme hakk\u0131n\u0131n anayasal g\u00fcvence alt\u0131na al\u0131nd\u0131\u011f\u0131n\u0131, Ki\u015fisel Verileri Koruma Kurumunun kuruldu\u011funu, Anayasa Mahkemesine bireysel ba\u015fvuru hakk\u0131n\u0131n getirildi\u011fini, Kamu Denet\u00e7ili\u011fi Kurumunun ihdas edildi\u011fini, T\u00fcrkiye \u0130nsan Haklar\u0131 ve E\u015fitlik Kurumunun kuruldu\u011funu s\u00f6yledi.<\/p>\n<p>Anayasa&#8217;da yap\u0131lan de\u011fi\u015fikliklerle, kad\u0131n haklar\u0131ndan \u00e7ocuk haklar\u0131na temel hak ve \u00f6zg\u00fcrl\u00fckleri g\u00fc\u00e7lendiren ve geni\u015fleten reformlar\u0131n hayata ge\u00e7irildi\u011fini an\u0131msatan Tun\u00e7, hukuk devleti ilkesini g\u00fc\u00e7lendiren y\u00fcksek standartl\u0131 demokrasi i\u00e7in \u00f6nemli yap\u0131sal reformlar\u0131n da ger\u00e7ekle\u015ftirildi\u011fini ifade etti.<\/p>\n<p>Yarg\u0131 ve insan haklar\u0131 alan\u0131nda ciddi mesafeler katedildi\u011fini belirten Tun\u00e7, &#8220;Ancak \u015funu net bir \u015fekilde s\u00f6yleyebilirim ki reform irademiz bizim dura\u011fan de\u011fildir, s\u00fcreklidir.&#8221; dedi.<\/p>\n<p>Reform iradesi kapsam\u0131nda a\u00e7\u0131klanan 4. Yarg\u0131 Reformu Stratejisi Belgesi&#8217;ndeki 5 temel ama\u00e7 do\u011frultusunda 264 yeni faaliyetin belirlendi\u011fini ifade eden Tun\u00e7, &#8220;\u0130nsan haklar\u0131 alan\u0131nda kurumsal kapasitenin g\u00fc\u00e7lendirilmesini, hak ve \u00f6zg\u00fcrl\u00fcklerin daha etkin korunmas\u0131n\u0131 bu belgede hedef olarak ortaya koyduk.&#8221; diye konu\u015ftu.<\/p>\n<p><strong><\/p>\n<div>\n<div><img decoding=\"async\" src=\"https:\/\/kamucalisani.net\/wp-content\/uploads\/2025\/12\/bakan-tunctan-yeni-anayasa-vurgusu-turkiye-yuzyilini-darbe-urunu-bir-anayasayla-karsilamayacagiz-1-1MdTdKxL.jpg\"\/><\/img><\/div>\n<\/div>\n<p><\/strong><\/p>\n<p><strong>&#8220;DEMOKRAS\u0130Y\u0130 DAHA Y\u00dcKSEK STANDARTLARA TA\u015eIMAYA KARARLILIKLA DEVAM EDECE\u011e\u0130Z&#8221;<\/strong><\/p>\n<p>Adalet Bakan\u0131 Tun\u00e7, Yarg\u0131 Reformu Strateji Belgesi kapsam\u0131nda yeni bir \u0130nsan Haklar\u0131 Eylem Plan\u0131&#8217;n\u0131n haz\u0131rlanmas\u0131n\u0131n taahh\u00fct edildi\u011fini, vatanda\u015flar\u0131n bireysel hak arama mekanizmalar\u0131n\u0131 daha da g\u00fc\u00e7lendirecek d\u00fczenlemeleri hayata ge\u00e7irmeyi hedeflediklerini bildirdi.<\/p>\n<p>Strateji Belgesi,2nde yer alan hedefleri s\u0131ralayan Tun\u00e7, &#8220;Bu hedefler, T\u00fcrkiye&#8217;nin demokratik birikimini g\u00fc\u00e7lendirme, hukuk devletinin niteli\u011fini y\u00fckseltme ve her vatanda\u015f\u0131n onurunu koruma sorumlulu\u011funun a\u00e7\u0131k g\u00f6stergeleridir.&#8221; diye konu\u015ftu.<\/p>\n<p>\u0130nsan haklar\u0131 alan\u0131nda y\u00fcr\u00fct\u00fclen \u00f6zverili \u00e7al\u0131\u015fmalar\u0131n T\u00fcrkiye&#8217;nin demokratik standartlar\u0131n\u0131 y\u00fckselten \u00f6nemli reformlar oldu\u011funu vurgulayan Tun\u00e7, \u015f\u00f6yle devam etti:<\/p>\n<p>&#8220;Anayasa&#8217;m\u0131zda k\u0131smi de\u011fi\u015fikliklerle \u00f6nemli reformlara imza atm\u0131\u015f olsak da bizim hedefimiz, T\u00fcrkiye Y\u00fczy\u0131l\u0131&#8217;n\u0131 darbe \u00fcr\u00fcn\u00fc bir anayasayla de\u011fil temel hak ve \u00f6zg\u00fcrl\u00fckleri \u00f6nceleyen yeni bir toplum s\u00f6zle\u015fmesiyle kar\u015f\u0131lamak, demokratik, sivil, kat\u0131l\u0131mc\u0131 bir anayasa borcumuzu milletimize \u00f6demektir. \u0130nsan haklar\u0131na ili\u015fkin \u00fclkemizdeki t\u00fcm kurumlar\u0131n ayn\u0131 masa etraf\u0131nda bulu\u015ftu\u011fu bu toplant\u0131n\u0131n ortak akl\u0131 ve kurumsal i\u015f birli\u011fini daha da g\u00fc\u00e7lendirecek \u00f6nemli sonu\u00e7lar \u00fcretece\u011fine y\u00fcrekten inan\u0131yorum. Bug\u00fcn ortaya koyaca\u011f\u0131m\u0131z de\u011ferlendirmeler, yaln\u0131zca bug\u00fcn\u00fcn \u00e7al\u0131\u015fmalar\u0131na y\u00f6n vermeyecek, T\u00fcrkiye&#8217;nin insan haklar\u0131 standartlar\u0131n\u0131 daha ileriye ta\u015f\u0131yacak yeni ad\u0131mlar\u0131n kap\u0131s\u0131n\u0131 aralayacakt\u0131r. \u0130nsan haklar\u0131 vizyonunu g\u00fc\u00e7lendirmeye, demokrasiyi daha y\u00fcksek standartlara ta\u015f\u0131maya kararl\u0131l\u0131kla devam edece\u011fiz.&#8221;<\/p>\n<p>Bakan Y\u0131lmaz Tun\u00e7, Adalet Bakanl\u0131\u011f\u0131 olarak insan haklar\u0131 alan\u0131nda g\u00f6rev yapan kurumlar\u0131n kapasitesini g\u00fc\u00e7lendirme noktas\u0131nda da her t\u00fcrl\u00fc lojistik deste\u011fi vermeye haz\u0131r olduklar\u0131n\u0131 s\u00f6zlerine ekledi.<\/p>\n<p>Toplant\u0131ya Bakan Tun\u00e7&#8217;un yan\u0131 s\u0131ra bakan yard\u0131mc\u0131lar\u0131 Mehmet Y\u0131lmaz, Niyazi Acar ve Hur\u015fit Y\u0131ld\u0131r\u0131m ile TBMM Kad\u0131n Erkek F\u0131rsat E\u015fitli\u011fi Komisyonu Ba\u015fkan\u0131 \u00c7i\u011fdem Erdo\u011fan, TBMM Adalet Komisyonu Ba\u015fkan\u0131 C\u00fcneyt Y\u00fcksel, TBMM Anayasa Komisyonu Ba\u015fkan\u0131 Serap Yaz\u0131c\u0131 \u00d6zbudun, TBMM \u0130nsan Haklar\u0131n\u0131 \u0130nceleme Komisyonu Ba\u015fkan\u0131 Derya Yan\u0131k, TBMM Dilek\u00e7e Komisyonu Ba\u015fkan\u0131 Sunay Karam\u0131k, Kamu Denet\u00e7ili\u011fi Kurumu Ba\u015fkan\u0131 Mehmet Akarca, Ki\u015fisel Verileri Koruma Kurumu Ba\u015fkan\u0131 Faruk Bilir, T\u00fcrkiye \u0130nsan Haklar\u0131 ve E\u015fitlik Kurumu Ba\u015fkan\u0131 Fahrettin Altun, Bilgi Edinme De\u011ferlendirme Kurulu Ba\u015fkan\u0131 Hasan Tahsin Fendo\u011flu ve Adalet Bakanl\u0131\u011f\u0131 \u0130nsan Haklar\u0131 Dairesi Ba\u015fkan\u0131 Abdullah Ayd\u0131n kat\u0131ld\u0131.\u00a0<\/p>\n<div>\n<div><img decoding=\"async\" src=\"https:\/\/kamucalisani.net\/wp-content\/uploads\/2025\/12\/bakan-tunctan-yeni-anayasa-vurgusu-turkiye-yuzyilini-darbe-urunu-bir-anayasayla-karsilamayacagiz-2-pvk9xbmy.jpg\"\/><\/img><\/div>\n<\/div>\n<p><\/p>\n<p>Kaynak :\u00a0<span style=\"background-color: rgb(255, 249, 236); color: rgb(55, 58, 60); font-size: 14px;\">http:\/\/www.milliyet.com.tr\/gundem\/bakan-tunctan-yeni-anayasa-vurgusu-turkiye-yuzyilini-darbe-urunu-bir-anayasayla-karsilamayacagiz-7500437<\/span><\/p>\n","protected":false},"excerpt":{"rendered":"<p>Adalet Bakan\u0131 Y\u0131lmaz Tun\u00e7, &#8220;Anayasa&#8217;m\u0131zda k\u0131smi de\u011fi\u015fikliklerle \u00f6nemli reformlara imza atm\u0131\u015f olsak da bizim hedefimiz, T\u00fcrkiye Y\u00fczy\u0131l\u0131&#8217;n\u0131 darbe \u00fcr\u00fcn\u00fc bir anayasayla de\u011fil temel hak ve \u00f6zg\u00fcrl\u00fckleri \u00f6nceleyen yeni bir toplum s\u00f6zle\u015fmesiyle kar\u015f\u0131lamak, demokratik, sivil, kat\u0131l\u0131mc\u0131 bir anayasa borcumuzu milletimize \u00f6demektir.&#8221; dedi.<\/p>\n","protected":false},"author":1,"featured_media":153399,"comment_status":"open","ping_status":"open","sticky":false,"template":"","format":"standard","meta":{"footnotes":""},"categories":[3],"tags":[224,867,8160,712,4559],"class_list":["post-153398","post","type-post","status-publish","format-standard","has-post-thumbnail","hentry","category-guncel","tag-bakan","tag-hak","tag-insan-haklari","tag-reform","tag-tunc"],"_links":{"self":[{"href":"https:\/\/kamucalisani.net\/index.php\/wp-json\/wp\/v2\/posts\/153398","targetHints":{"allow":["GET"]}}],"collection":[{"href":"https:\/\/kamucalisani.net\/index.php\/wp-json\/wp\/v2\/posts"}],"about":[{"href":"https:\/\/kamucalisani.net\/index.php\/wp-json\/wp\/v2\/types\/post"}],"author":[{"embeddable":true,"href":"https:\/\/kamucalisani.net\/index.php\/wp-json\/wp\/v2\/users\/1"}],"replies":[{"embeddable":true,"href":"https:\/\/kamucalisani.net\/index.php\/wp-json\/wp\/v2\/comments?post=153398"}],"version-history":[{"count":1,"href":"https:\/\/kamucalisani.net\/index.php\/wp-json\/wp\/v2\/posts\/153398\/revisions"}],"predecessor-version":[{"id":153403,"href":"https:\/\/kamucalisani.net\/index.php\/wp-json\/wp\/v2\/posts\/153398\/revisions\/153403"}],"wp:featuredmedia":[{"embeddable":true,"href":"https:\/\/kamucalisani.net\/index.php\/wp-json\/wp\/v2\/media\/153399"}],"wp:attachment":[{"href":"https:\/\/kamucalisani.net\/index.php\/wp-json\/wp\/v2\/media?parent=153398"}],"wp:term":[{"taxonomy":"category","embeddable":true,"href":"https:\/\/kamucalisani.net\/index.php\/wp-json\/wp\/v2\/categories?post=153398"},{"taxonomy":"post_tag","embeddable":true,"href":"https:\/\/kamucalisani.net\/index.php\/wp-json\/wp\/v2\/tags?post=153398"}],"curies":[{"name":"wp","href":"https:\/\/api.w.org\/{rel}","templated":true}]}}