{"id":154037,"date":"2025-12-17T21:12:10","date_gmt":"2025-12-17T21:12:10","guid":{"rendered":"https:\/\/kamucalisani.net\/?p=154037"},"modified":"2025-12-17T21:12:10","modified_gmt":"2025-12-17T21:12:10","slug":"trabzonsporun-kendi-evindeki-221-gunluk-yenilmezlik-serisi-sona-erdi","status":"publish","type":"post","link":"https:\/\/kamucalisani.net\/index.php\/2025\/12\/17\/trabzonsporun-kendi-evindeki-221-gunluk-yenilmezlik-serisi-sona-erdi\/","title":{"rendered":"Trabzonspor&#8217;un kendi evindeki 221 g\u00fcnl\u00fck yenilmezlik serisi sona erdi!"},"content":{"rendered":"<p><p>Ziraat T\u00fcrkiye Kupas\u0131 A Grubu ilk ma\u00e7\u0131nda Corendon Alanyaspor&#8217;a 1-0 ma\u011flup olan Trabzonspor&#8217;un teknik direkt\u00f6r Fatih Tekke y\u00f6netiminde sahas\u0131ndaki 11 ma\u00e7l\u0131k yenilmezlik serisi sona erdi.<\/p>\n<p>En son ge\u00e7en sezonun 35. haftas\u0131nda ligi \u015fampiyon olarak bitiren Galatasaray kar\u015f\u0131s\u0131nda sahas\u0131nda 2-0 yenilen Karadeniz ekibi, oynad\u0131\u011f\u0131 10&#8217;u S\u00fcper Lig, 1&#8217;i Ziraat T\u00fcrkiye Kupas\u0131&#8217;nda olmak \u00fczere evindeki 11 kar\u015f\u0131la\u015fmada 6 galibiyet, 5 beraberlik ald\u0131.<\/p>\n<p>Corendon Alanyaspor ma\u011flubiyetiyle 11 ma\u00e7 aradan sonra ma\u011flup olan bordo-mavililer, 221 g\u00fcn sonra Papara Park&#8217;ta kaybetti.<\/p>\n<div>\n<div><img decoding=\"async\" src=\"https:\/\/kamucalisani.net\/wp-content\/uploads\/2025\/12\/trabzonsporun-kendi-evindeki-221-gunluk-yenilmezlik-serisi-sona-erdi-0-qWHw6OqG.jpg\"\/><\/img><\/div>\n<\/div>\n<p><strong>TEKKE \u0130LE \u0130K\u0130NC\u0130 \u0130\u00c7 SAHA MA\u011eLUB\u0130YET\u0130<\/strong><\/p>\n<p>Trabzonspor, teknik direkt\u00f6r Fatih Tekke ile 4&#8217;\u00fc Ziraat T\u00fcrkiye Kupas\u0131&#8217;nda olmak \u00fczere evinde oynad\u0131\u011f\u0131 toplam 18 resmi m\u00fccadelede 2 ma\u011flubiyet ald\u0131.<\/p>\n<p>Karadeniz ekibi, bu kar\u015f\u0131la\u015fmalarda 10 galibiyet, 6 beraberlik elde etti.<\/p>\n<p><strong>KUPADA \u0130LK MA\u011eLUB\u0130YET<\/strong><\/p>\n<p>Trabzonspor, teknik direkt\u00f6r Fatih Tekke y\u00f6netiminde kupadaki 4. kar\u015f\u0131la\u015fmas\u0131nda ilk ma\u011flubiyetini ya\u015fad\u0131.<\/p>\n<p>Bordo-mavililer, Tekke ile ge\u00e7en sezon Ziraat T\u00fcrkiye Kupas\u0131&#8217;nda sahas\u0131nda ald\u0131\u011f\u0131 sonu\u00e7larla final oynad\u0131. Sipay Bodrum FK ile oynanan \u00e7eyrek final kar\u015f\u0131la\u015fmas\u0131n\u0131 uzatma b\u00f6l\u00fcm\u00fcnde att\u0131\u011f\u0131 golle 3-2 kazanarak yar\u0131 finale y\u00fckselen bordo-mavililer, yar\u0131 finalde de G\u00f6ztepe&#8217;yi 2-0 yenerek finale y\u00fckselmi\u015fti.<\/p>\n<p>Trabzonspor, bu sezon da \u0130maj Altap\u0131 Vanspor \u00f6n\u00fcnde 2-0 kazanarak grup a\u015famas\u0131na kalma hakk\u0131 elde ederken grupta ilk ma\u00e7\u0131nda Corendon Alanyaspor&#8217;a 1-0 ma\u011flup olarak kupada gen\u00e7 teknik adam y\u00f6netiminde ilk kez sahadan ma\u011flubiyetle ayr\u0131ld\u0131.<\/p>\n\n<p><\/p>\n<p>Kaynak :\u00a0<span style=\"background-color: rgb(255, 249, 236); color: rgb(55, 58, 60); font-size: 14px;\">http:\/\/www.milliyet.com.tr\/skorer\/trabzonsporun-kendi-evindeki-221-gunluk-yenilmezlik-serisi-sona-erdi-7504191<\/span><\/p>\n","protected":false},"excerpt":{"rendered":"<p>Ziraat T\u00fcrkiye Kupas\u0131&#8217;nda Alanyaspor&#8217;a ma\u011flup olan Trabzonspor, b\u00f6ylece 11 ma\u00e7 ve 221 g\u00fcn sonra ilk kez i\u00e7 sahada ma\u00e7 kaybetti. Fatih Tekke d\u00f6neminde i\u00e7 sahada ba\u015far\u0131l\u0131 bir seri tutturan Trabzonspor i\u00e7in bir\u00e7ok seri de sona ermi\u015f oldu.<\/p>\n","protected":false},"author":1,"featured_media":154038,"comment_status":"open","ping_status":"open","sticky":false,"template":"","format":"standard","meta":{"footnotes":""},"categories":[7],"tags":[290,9668,998,8577],"class_list":["post-154037","post","type-post","status-publish","format-standard","has-post-thumbnail","hentry","category-spor","tag-final","tag-maglubiyet","tag-saha","tag-tekke"],"_links":{"self":[{"href":"https:\/\/kamucalisani.net\/index.php\/wp-json\/wp\/v2\/posts\/154037","targetHints":{"allow":["GET"]}}],"collection":[{"href":"https:\/\/kamucalisani.net\/index.php\/wp-json\/wp\/v2\/posts"}],"about":[{"href":"https:\/\/kamucalisani.net\/index.php\/wp-json\/wp\/v2\/types\/post"}],"author":[{"embeddable":true,"href":"https:\/\/kamucalisani.net\/index.php\/wp-json\/wp\/v2\/users\/1"}],"replies":[{"embeddable":true,"href":"https:\/\/kamucalisani.net\/index.php\/wp-json\/wp\/v2\/comments?post=154037"}],"version-history":[{"count":1,"href":"https:\/\/kamucalisani.net\/index.php\/wp-json\/wp\/v2\/posts\/154037\/revisions"}],"predecessor-version":[{"id":154040,"href":"https:\/\/kamucalisani.net\/index.php\/wp-json\/wp\/v2\/posts\/154037\/revisions\/154040"}],"wp:featuredmedia":[{"embeddable":true,"href":"https:\/\/kamucalisani.net\/index.php\/wp-json\/wp\/v2\/media\/154038"}],"wp:attachment":[{"href":"https:\/\/kamucalisani.net\/index.php\/wp-json\/wp\/v2\/media?parent=154037"}],"wp:term":[{"taxonomy":"category","embeddable":true,"href":"https:\/\/kamucalisani.net\/index.php\/wp-json\/wp\/v2\/categories?post=154037"},{"taxonomy":"post_tag","embeddable":true,"href":"https:\/\/kamucalisani.net\/index.php\/wp-json\/wp\/v2\/tags?post=154037"}],"curies":[{"name":"wp","href":"https:\/\/api.w.org\/{rel}","templated":true}]}}