{"id":154106,"date":"2025-12-18T06:54:10","date_gmt":"2025-12-18T06:54:10","guid":{"rendered":"https:\/\/kamucalisani.net\/?p=154106"},"modified":"2025-12-18T06:54:10","modified_gmt":"2025-12-18T06:54:10","slug":"fenerbahcede-jhon-durana-uyari-tepkisi-gundem-olmustu","status":"publish","type":"post","link":"https:\/\/kamucalisani.net\/index.php\/2025\/12\/18\/fenerbahcede-jhon-durana-uyari-tepkisi-gundem-olmustu\/","title":{"rendered":"Fenerbah\u00e7e&#8217;de Jhon Duran&#8217;a uyar\u0131! Tepkisi g\u00fcndem olmu\u015ftu"},"content":{"rendered":"<p><p>Jhon Duran, Be\u015fikta\u015f ve Galatasaray derbilerinde kritik gollere imza att\u0131. Kolombiyal\u0131 y\u0131ld\u0131z, ligde di\u011fer ma\u00e7lar\u0131 ve Avrupa Ligi\u2019ndeki kar\u015f\u0131la\u015fmalar\u0131 ise bo\u015f ge\u00e7ti. 22 ya\u015f\u0131ndaki oyuncu hen\u00fcz kendisinden beklenen golc\u00fcl\u00fc\u011f\u00fc sahaya yans\u0131tamad\u0131. \u00d6te yandan son haftalarda \u2018sinirli tav\u0131rlar\u0131yla\u2019 dikkat \u00e7ekti.<\/p>\n<p>Duran, Ferencvaros ma\u00e7\u0131n\u0131n son anlar\u0131nda gerginlik ya\u015fad\u0131\u011f\u0131 rakibine kafayla yapt\u0131\u011f\u0131 m\u00fcdahale nedeniyle k\u0131rm\u0131z\u0131 kart g\u00f6rm\u00fc\u015ft\u00fc. Gen\u00e7 y\u0131ld\u0131z, Konya ma\u00e7\u0131nda ise oyundan \u00e7\u0131kar\u0131lmas\u0131na k\u0131zd\u0131, Tedesco\u2019nun kendisine uzatt\u0131\u011f\u0131 eli itti.<\/p>\n<p><strong>&#8216;SAK\u0130N KALMAK ZORUNDASIN&#8217;<\/strong><\/p>\n<p>Golc\u00fc oyuncunun bu tav\u0131rlar\u0131, y\u00f6netimi ve teknik ekibi harekete ge\u00e7irdi. Duran\u2019la bu konuda \u00f6zel bir g\u00f6r\u00fc\u015fme yap\u0131larak, \u201cSahadaki h\u0131rs\u0131n ve m\u00fccadelen bizi mutlu ediyor. Oynamak istemen de son derece do\u011fal. Ancak sinirlerine hakim olman gerek. Aksi taktirde tak\u0131ma zarar verirsin. Daha sakin kalmak zorundas\u0131n\u201d \u015feklinde uyar\u0131ld\u0131\u011f\u0131 \u00f6\u011frenildi.<\/p>\n\n<p><\/p>\n<p>Kaynak :\u00a0<span style=\"background-color: rgb(255, 249, 236); color: rgb(55, 58, 60); font-size: 14px;\">http:\/\/www.milliyet.com.tr\/skorer\/fenerbahcede-jhon-durana-uyari-tepkisi-gundem-olmustu-7504290<\/span><\/p>\n","protected":false},"excerpt":{"rendered":"<p>Fenerbah\u00e7e&#8217;de \u2018sinirli tav\u0131rlar\u0131yla\u2019 dikkatleri \u00e7eken ve son olarak Konyaspor m\u00fccadelesinde oyundan \u00e7\u0131karken Tedesco\u2019nun uzatt\u0131\u011f\u0131 eli iten Jhon Duran i\u00e7in y\u00f6netim ve teknik ekip harekete ge\u00e7ti.<\/p>\n","protected":false},"author":1,"featured_media":154107,"comment_status":"open","ping_status":"open","sticky":false,"template":"","format":"standard","meta":{"footnotes":""},"categories":[7],"tags":[],"class_list":["post-154106","post","type-post","status-publish","format-standard","has-post-thumbnail","hentry","category-spor"],"_links":{"self":[{"href":"https:\/\/kamucalisani.net\/index.php\/wp-json\/wp\/v2\/posts\/154106","targetHints":{"allow":["GET"]}}],"collection":[{"href":"https:\/\/kamucalisani.net\/index.php\/wp-json\/wp\/v2\/posts"}],"about":[{"href":"https:\/\/kamucalisani.net\/index.php\/wp-json\/wp\/v2\/types\/post"}],"author":[{"embeddable":true,"href":"https:\/\/kamucalisani.net\/index.php\/wp-json\/wp\/v2\/users\/1"}],"replies":[{"embeddable":true,"href":"https:\/\/kamucalisani.net\/index.php\/wp-json\/wp\/v2\/comments?post=154106"}],"version-history":[{"count":1,"href":"https:\/\/kamucalisani.net\/index.php\/wp-json\/wp\/v2\/posts\/154106\/revisions"}],"predecessor-version":[{"id":154108,"href":"https:\/\/kamucalisani.net\/index.php\/wp-json\/wp\/v2\/posts\/154106\/revisions\/154108"}],"wp:featuredmedia":[{"embeddable":true,"href":"https:\/\/kamucalisani.net\/index.php\/wp-json\/wp\/v2\/media\/154107"}],"wp:attachment":[{"href":"https:\/\/kamucalisani.net\/index.php\/wp-json\/wp\/v2\/media?parent=154106"}],"wp:term":[{"taxonomy":"category","embeddable":true,"href":"https:\/\/kamucalisani.net\/index.php\/wp-json\/wp\/v2\/categories?post=154106"},{"taxonomy":"post_tag","embeddable":true,"href":"https:\/\/kamucalisani.net\/index.php\/wp-json\/wp\/v2\/tags?post=154106"}],"curies":[{"name":"wp","href":"https:\/\/api.w.org\/{rel}","templated":true}]}}