{"id":154154,"date":"2025-12-18T08:42:09","date_gmt":"2025-12-18T08:42:09","guid":{"rendered":"https:\/\/kamucalisani.net\/?p=154154"},"modified":"2025-12-18T08:42:09","modified_gmt":"2025-12-18T08:42:09","slug":"eczacibasindan-galatasaraya-rettke-gondermesi-ebrar-karakurt-firtinasi","status":"publish","type":"post","link":"https:\/\/kamucalisani.net\/index.php\/2025\/12\/18\/eczacibasindan-galatasaraya-rettke-gondermesi-ebrar-karakurt-firtinasi\/","title":{"rendered":"Eczac\u0131ba\u015f\u0131&#8217;ndan Galatasaray&#8217;a Rettke g\u00f6ndermesi! Ebrar Karakurt f\u0131rt\u0131nas\u0131"},"content":{"rendered":"<p><p>Eczac\u0131ba\u015f\u0131 Dynavit, Sultanlar Ligi\u2019nin on ikinci haftas\u0131nda kendi evinde derbiye ev sahipli\u011fi yapt\u0131. Galatasaray Daikin\u2019i konuk eden turuncu beyazl\u0131 ekip; rakibini 25-23, 25-17 ve 25-21\u2019lik skorlarla 3-0 ma\u011flup etti.<\/p>\n<p><strong>EN SKORER \u0130S\u0130M EBRAR KARAKURT<\/strong><\/p>\n<p>Eczac\u0131ba\u015f\u0131 Dynavit ligde \u00fcst \u00fcste \u00fc\u00e7\u00fcnc\u00fc galibiyetini ald\u0131. Ald\u0131\u011f\u0131 16 say\u0131yla Ebrar Karakurt kar\u015f\u0131la\u015fman\u0131n en skorer ismi oldu. Kaydettikleri 11\u2019er say\u0131yla ise Magdalena Stysiak ve Dana Rettke galibiyette \u00f6nemli rol oynad\u0131. Eczac\u0131ba\u015f\u0131 Dynavit\u2019li oyuncular toplamda 10 blok ve 2 servis say\u0131s\u0131 elde etti.\u00a0<\/p>\n<div>\n<div><img decoding=\"async\" src=\"https:\/\/kamucalisani.net\/wp-content\/uploads\/2025\/12\/eczacibasindan-galatasaraya-rettke-gondermesi-ebrar-karakurt-firtinasi-0-QySQSbzX.jpg\"\/><\/img><\/div>\n<\/div>\n<p><strong>RETTKE DUVAR \u00d6RD\u00dc<\/strong><br \/>Galatasaray kar\u015f\u0131s\u0131nda etkili bir performans sergileyen Rettke 6 blok ile y\u0131ld\u0131zla\u015ft\u0131. ABD&#8217;li y\u0131ld\u0131z toplamda 11 say\u0131 ile galibiyette \u00f6nemli rol oynad\u0131.\u00a0<\/p>\n<div>\n<div><img decoding=\"async\" src=\"https:\/\/kamucalisani.net\/wp-content\/uploads\/2025\/12\/eczacibasindan-galatasaraya-rettke-gondermesi-ebrar-karakurt-firtinasi-1-NIyTIKv3.jpg\"\/><\/img><\/div>\n<\/div>\n<p><strong>GALATASARAY&#8217;A RETTKE G\u00d6NDERMES\u0130<\/strong><\/p>\n<p>Eczac\u0131ba\u015f\u0131 sosyal medya hesab\u0131ndan Rettke payla\u015f\u0131m\u0131 geldi: &#8220;Bizim g\u00f6rd\u00fc\u011f\u00fcm\u00fcz ve onlar\u0131n g\u00f6rd\u00fc\u011f\u00fc&#8221;\u00a0<\/p>\n<div>\n<div><img decoding=\"async\" src=\"https:\/\/kamucalisani.net\/wp-content\/uploads\/2025\/12\/eczacibasindan-galatasaraya-rettke-gondermesi-ebrar-karakurt-firtinasi-2-RyDzMkji.jpg\"\/><\/img><\/div>\n<\/div>\n<p><strong>NAZ AKYOL&#8217;A \u00c7\u0130\u00c7EK<\/strong><\/p>\n<p>Eczac\u0131ba\u015f\u0131 Dynavit \u2013 Galatasaray Daikin m\u00fccadelesi \u00f6ncesinde, ge\u00e7mi\u015f sezonlarda Eczac\u0131ba\u015f\u0131 formas\u0131n\u0131 terleten Naz Aydemir Akyol\u2019a \u00f6zel haz\u0131rlanan video k\u00fcp ekrana yans\u0131t\u0131ld\u0131. Trib\u00fcnlerin alk\u0131\u015flar\u0131 e\u015fli\u011finde Naz\u2019a kul\u00fcp Genel M\u00fcd\u00fcr\u00fc Ali Atal\u0131k \u00e7i\u00e7ek takdiminde bulundu, kul\u00fcbe y\u0131llar boyunca katt\u0131\u011f\u0131 de\u011fer ve emekler i\u00e7in te\u015fekk\u00fcr edildi.<\/p>\n\n<p><\/p>\n<p>Kaynak :\u00a0<span style=\"background-color: rgb(255, 249, 236); color: rgb(55, 58, 60); font-size: 14px;\">http:\/\/www.milliyet.com.tr\/skorer\/eczacibasindan-galatasaraya-rettke-gondermesi-ebrar-karakurt-firtinasi-7504421<\/span><\/p>\n","protected":false},"excerpt":{"rendered":"<p>Sultanlar Ligi\u2019nde Eczac\u0131ba\u015f\u0131, Galatasaray&#8217;\u0131 3-0 ma\u011flup ederek \u00fcst s\u0131ralar i\u00e7in \u00f6nemli bir galibiyet elde etti. Derbide performans\u0131yla dikkat \u00e7eken Dana Rettke i\u00e7in kul\u00fcpten payla\u015f\u0131m geldi.<\/p>\n","protected":false},"author":1,"featured_media":154155,"comment_status":"open","ping_status":"open","sticky":false,"template":"","format":"standard","meta":{"footnotes":""},"categories":[7],"tags":[7085,10275],"class_list":["post-154154","post","type-post","status-publish","format-standard","has-post-thumbnail","hentry","category-spor","tag-eczacibasi","tag-rettke"],"_links":{"self":[{"href":"https:\/\/kamucalisani.net\/index.php\/wp-json\/wp\/v2\/posts\/154154","targetHints":{"allow":["GET"]}}],"collection":[{"href":"https:\/\/kamucalisani.net\/index.php\/wp-json\/wp\/v2\/posts"}],"about":[{"href":"https:\/\/kamucalisani.net\/index.php\/wp-json\/wp\/v2\/types\/post"}],"author":[{"embeddable":true,"href":"https:\/\/kamucalisani.net\/index.php\/wp-json\/wp\/v2\/users\/1"}],"replies":[{"embeddable":true,"href":"https:\/\/kamucalisani.net\/index.php\/wp-json\/wp\/v2\/comments?post=154154"}],"version-history":[{"count":1,"href":"https:\/\/kamucalisani.net\/index.php\/wp-json\/wp\/v2\/posts\/154154\/revisions"}],"predecessor-version":[{"id":154159,"href":"https:\/\/kamucalisani.net\/index.php\/wp-json\/wp\/v2\/posts\/154154\/revisions\/154159"}],"wp:featuredmedia":[{"embeddable":true,"href":"https:\/\/kamucalisani.net\/index.php\/wp-json\/wp\/v2\/media\/154155"}],"wp:attachment":[{"href":"https:\/\/kamucalisani.net\/index.php\/wp-json\/wp\/v2\/media?parent=154154"}],"wp:term":[{"taxonomy":"category","embeddable":true,"href":"https:\/\/kamucalisani.net\/index.php\/wp-json\/wp\/v2\/categories?post=154154"},{"taxonomy":"post_tag","embeddable":true,"href":"https:\/\/kamucalisani.net\/index.php\/wp-json\/wp\/v2\/tags?post=154154"}],"curies":[{"name":"wp","href":"https:\/\/api.w.org\/{rel}","templated":true}]}}