{"id":154362,"date":"2025-12-18T13:48:09","date_gmt":"2025-12-18T13:48:09","guid":{"rendered":"https:\/\/kamucalisani.net\/?p=154362"},"modified":"2025-12-18T13:48:09","modified_gmt":"2025-12-18T13:48:09","slug":"emanet-ettigi-araci-gorunce-sok-gecirdi-polisin-gelmesiyle-ikinci-kez-saskina-dondu","status":"publish","type":"post","link":"https:\/\/kamucalisani.net\/index.php\/2025\/12\/18\/emanet-ettigi-araci-gorunce-sok-gecirdi-polisin-gelmesiyle-ikinci-kez-saskina-dondu\/","title":{"rendered":"Emanet etti\u011fi arac\u0131 g\u00f6r\u00fcnce \u015fok ge\u00e7irdi! Polisin gelmesiyle ikinci kez \u015fa\u015fk\u0131na d\u00f6nd\u00fc"},"content":{"rendered":"<p><p>Olay, \u0130neg\u00f6l il\u00e7esi Yeni Mahalle Katip Sokakta meydana geldi. Edinilen bilgilere g\u00f6re, Mehmet H., 15 DG 843 plakal\u0131 arac\u0131n\u0131 bir arkada\u015f\u0131na emanet etti. Arkada\u015f\u0131 arac\u0131 kulland\u0131ktan sonra getirdi\u011fi otomobili, Mehmet H.&#8217;ye g\u00f6rmeden teslim ederek ayr\u0131ld\u0131.<\/p>\n<p>Sabah a\u015fa\u011f\u0131 inen Mehmet H., otomobilin \u00fczerinde mermi izleri oldu\u011funu fark edince durumu polis ekiplerine bildirdi.<\/p>\n<p>Olay yerine gelen polis ekipleri, yapt\u0131klar\u0131 incelemede arac\u0131n park halindeyken hedef al\u0131nmad\u0131\u011f\u0131n\u0131 tespit etti. Olay\u0131n arkada\u015f\u0131ndayken ya\u015fand\u0131\u011f\u0131n\u0131 \u00f6\u011frenen Mehmet H., ikinci \u015foku ya\u015fad\u0131. Ara\u00e7ta toplam 6 adet mermi isabeti etti\u011fi belirlendi.<\/p>\n<div>\n<div><img decoding=\"async\" src=\"https:\/\/kamucalisani.net\/wp-content\/uploads\/2025\/12\/emanet-ettigi-araci-gorunce-sok-gecirdi-polisin-gelmesiyle-ikinci-kez-saskina-dondu-0-jdDWXfDB.jpg\"\/><\/img><\/div>\n<\/div>\n<p>Polis ekipleri, silahl\u0131 sald\u0131r\u0131yla ilgili tahkikat\u0131 s\u00fcr\u00fcyor.<\/p>\n\n<p><\/p>\n<p>Kaynak :\u00a0<span style=\"background-color: rgb(255, 249, 236); color: rgb(55, 58, 60); font-size: 14px;\">http:\/\/www.milliyet.com.tr\/gundem\/emanet-ettigi-araci-gorunce-sok-gecirdi-polisin-gelmesiyle-ikinci-kez-saskina-dondu-7504771<\/span><\/p>\n","protected":false},"excerpt":{"rendered":"<p>Bursa&#8217;n\u0131n \u0130neg\u00f6l il\u00e7esinde arkada\u015f\u0131na emanet etti\u011fi otomobili, g\u00f6rmeden geri alan ki\u015fi sabah kalkt\u0131\u011f\u0131nda g\u00f6zlerine inanamad\u0131. Polis ekiplerinin yapt\u0131\u011f\u0131 incelemede ise ikinci \u015foku ya\u015fad\u0131.<\/p>\n","protected":false},"author":1,"featured_media":154363,"comment_status":"open","ping_status":"open","sticky":false,"template":"","format":"standard","meta":{"footnotes":""},"categories":[3],"tags":[],"class_list":["post-154362","post","type-post","status-publish","format-standard","has-post-thumbnail","hentry","category-guncel"],"_links":{"self":[{"href":"https:\/\/kamucalisani.net\/index.php\/wp-json\/wp\/v2\/posts\/154362","targetHints":{"allow":["GET"]}}],"collection":[{"href":"https:\/\/kamucalisani.net\/index.php\/wp-json\/wp\/v2\/posts"}],"about":[{"href":"https:\/\/kamucalisani.net\/index.php\/wp-json\/wp\/v2\/types\/post"}],"author":[{"embeddable":true,"href":"https:\/\/kamucalisani.net\/index.php\/wp-json\/wp\/v2\/users\/1"}],"replies":[{"embeddable":true,"href":"https:\/\/kamucalisani.net\/index.php\/wp-json\/wp\/v2\/comments?post=154362"}],"version-history":[{"count":1,"href":"https:\/\/kamucalisani.net\/index.php\/wp-json\/wp\/v2\/posts\/154362\/revisions"}],"predecessor-version":[{"id":154365,"href":"https:\/\/kamucalisani.net\/index.php\/wp-json\/wp\/v2\/posts\/154362\/revisions\/154365"}],"wp:featuredmedia":[{"embeddable":true,"href":"https:\/\/kamucalisani.net\/index.php\/wp-json\/wp\/v2\/media\/154363"}],"wp:attachment":[{"href":"https:\/\/kamucalisani.net\/index.php\/wp-json\/wp\/v2\/media?parent=154362"}],"wp:term":[{"taxonomy":"category","embeddable":true,"href":"https:\/\/kamucalisani.net\/index.php\/wp-json\/wp\/v2\/categories?post=154362"},{"taxonomy":"post_tag","embeddable":true,"href":"https:\/\/kamucalisani.net\/index.php\/wp-json\/wp\/v2\/tags?post=154362"}],"curies":[{"name":"wp","href":"https:\/\/api.w.org\/{rel}","templated":true}]}}