{"id":154425,"date":"2025-12-18T15:24:11","date_gmt":"2025-12-18T15:24:11","guid":{"rendered":"https:\/\/kamucalisani.net\/?p=154425"},"modified":"2025-12-18T15:24:11","modified_gmt":"2025-12-18T15:24:11","slug":"sislide-trafik-faciasinda-hayatini-kaybeden-2-yaya-son-yolculuguna-ugurlandi","status":"publish","type":"post","link":"https:\/\/kamucalisani.net\/index.php\/2025\/12\/18\/sislide-trafik-faciasinda-hayatini-kaybeden-2-yaya-son-yolculuguna-ugurlandi\/","title":{"rendered":"\u015ei\u015fli\u2019de trafik facias\u0131nda hayat\u0131n\u0131 kaybeden 2 yaya son yolculu\u011funa u\u011furland\u0131"},"content":{"rendered":"<p><p>\u015ei\u015fli&#8217;de s\u00fcr\u00fcc\u00fc Ekrem Y.\u2019nin (64) direksiyon hakimiyetini kaybetti\u011fi otomobilin \u00e7arpt\u0131\u011f\u0131 Hakan D\u00fcndar ve Necmiye Kurtulu\u015f \u00c7elik hayat\u0131n\u0131 kaybetti. D\u00fcndar ve \u00c7elik, k\u0131l\u0131nan cenaze namaz\u0131n\u0131n ard\u0131ndan son yolculuklar\u0131na u\u011furland\u0131.<\/p>\n<p>Kaza, d\u00fcn saat 15.45 s\u0131ralar\u0131nda Halide Edip Ad\u0131var Mahallesi Dar\u00fclaceze Caddesi&#8217;nde meydana geldi. \u0130ddiaya g\u00f6re, E.Y. idaresindeki 34 TT 2213 plakal\u0131 otomobil, s\u00fcr\u00fcc\u00fcs\u00fcn\u00fcn direksiyon hakimiyetini kaybetmesi sonucu ters y\u00f6ne girdi. Ters y\u00f6nde ilerleyen otomobil \u00f6nce seyir halindeki motokurye \u0130.K.\u2019ye (30), ard\u0131ndan kald\u0131r\u0131mda y\u00fcr\u00fcyen yayalara \u00e7arpt\u0131. \u00c7evredekilerin ihbar\u0131 \u00fczerine olay yerine itfaiye, acil sa\u011fl\u0131k ve polis ekipleri sevk edildi. Sa\u011fl\u0131k ekiplerinin ilk kontrollerinde kazada yaraland\u0131\u011f\u0131 belirlenen 8 ki\u015fi ambulansla hastaneye kald\u0131r\u0131ld\u0131. Kaza nedeniyle yol tamamen trafi\u011fe kapand\u0131. Kazaya kar\u0131\u015fan ara\u00e7lar\u0131n \u00e7ekici yard\u0131m\u0131yla kald\u0131r\u0131lmas\u0131n\u0131n ard\u0131ndan trafik ak\u0131\u015f\u0131 normale d\u00f6nd\u00fc.<\/p>\n<p><strong>2 K\u0130\u015e\u0130 HAYATINI KAYBETT\u0130<\/strong><\/p>\n<p>Hastanede tedavi alt\u0131na al\u0131nan Necmiye Kurtulu\u015f \u00c7elik ile Hakan D\u00fcndar yap\u0131lan t\u00fcm m\u00fcdahalelere ra\u011fmen kurtar\u0131lamad\u0131. Di\u011fer yandan kazada yaralanan E.Y.,A.P.(30), U.B.(39), E.B.(62), Z.D.(76) ile H.H.A.&#8217;n\u0131n (24) tedavisi s\u00fcr\u00fcyor. A.P.\u2019nin de kazada a\u011f\u0131r yaraland\u0131\u011f\u0131 ve hayati tehlikesinin s\u00fcrd\u00fc\u011f\u00fc \u00f6\u011frenildi. Motosikletli kurye \u0130.K. ise kazadan yara almadan kurtuldu.<\/p>\n<p><strong>SON YOLCULUKLARINA U\u011eURLANDILAR<\/strong><\/p>\n<p>Hayat\u0131n\u0131 kaybeden Hakan D\u00fcndar i\u00e7in Ferik\u00f6y Zeynep Hasan Camii\u2019nde cenaze t\u00f6reni d\u00fczenlendi. \u0130kinci namaz\u0131na m\u00fcteakip k\u0131l\u0131nan cenaze namaz\u0131 sonras\u0131nda Hakan D\u00fcndar son yolculu\u011funa u\u011furland\u0131. D\u00fcndar\u2019\u0131n Ferik\u00f6y Mezarl\u0131\u011f\u0131\u2019nda topra\u011fa verildi\u011fi \u00f6\u011frenildi. \u00d6te yandan kazada ya\u015fam\u0131n\u0131 yitiren Necmiye Kurtulu\u015f \u00c7elik\u2019in (56) cenazesi ikindi namaz\u0131na m\u00fcteakip Levent Barbaros Camii\u2019nde k\u0131l\u0131nan cenaze namaz\u0131 sonras\u0131nda Yeni Ayaza\u011fa Mezarl\u0131\u011f\u0131&#8217;nda defnedildi. Cenazede \u00c7elik\u2019in aile yak\u0131nlar\u0131 ve sevdikleri kat\u0131ld\u0131.<\/p>\n<div>\n<div><img decoding=\"async\" src=\"https:\/\/kamucalisani.net\/wp-content\/uploads\/2025\/12\/sislide-trafik-faciasinda-hayatini-kaybeden-2-yaya-son-yolculuguna-ugurlandi-0-DGrTriDX.jpg\"\/><\/img><\/div>\n<\/div>\n<p><\/p>\n<div>\n<div><img decoding=\"async\" src=\"https:\/\/kamucalisani.net\/wp-content\/uploads\/2025\/12\/sislide-trafik-faciasinda-hayatini-kaybeden-2-yaya-son-yolculuguna-ugurlandi-1-2iCsdOAg.jpg\"\/><\/img><\/div>\n<\/div>\n<p><\/p>\n<div>\n<div><img decoding=\"async\" src=\"https:\/\/kamucalisani.net\/wp-content\/uploads\/2025\/12\/sislide-trafik-faciasinda-hayatini-kaybeden-2-yaya-son-yolculuguna-ugurlandi-2-ZKcAMapK.jpg\"\/><\/img><\/div>\n<\/div>\n<p><\/p>\n<div>\n<div><img decoding=\"async\" src=\"https:\/\/kamucalisani.net\/wp-content\/uploads\/2025\/12\/sislide-trafik-faciasinda-hayatini-kaybeden-2-yaya-son-yolculuguna-ugurlandi-3-Y8GMxJRw.jpg\"\/><\/img><\/div>\n<\/div>\n<p><\/p>\n<div>\n<div><img decoding=\"async\" src=\"https:\/\/kamucalisani.net\/wp-content\/uploads\/2025\/12\/sislide-trafik-faciasinda-hayatini-kaybeden-2-yaya-son-yolculuguna-ugurlandi-4-63GYs4ud.jpg\"\/><\/img><\/div>\n<\/div>\n<p><\/p>\n<div>\n<div><img decoding=\"async\" src=\"https:\/\/kamucalisani.net\/wp-content\/uploads\/2025\/12\/sislide-trafik-faciasinda-hayatini-kaybeden-2-yaya-son-yolculuguna-ugurlandi-5-XvBPdvwX.jpg\"\/><\/img><\/div>\n<\/div>\n<p><\/p>\n<div>\n<div><img decoding=\"async\" src=\"https:\/\/kamucalisani.net\/wp-content\/uploads\/2025\/12\/sislide-trafik-faciasinda-hayatini-kaybeden-2-yaya-son-yolculuguna-ugurlandi-6-4iGsmtV4.jpg\"\/><\/img><\/div>\n<\/div>\n<p>\u00a0<\/p>\n\n<p><\/p>\n<p>Kaynak :\u00a0<span style=\"background-color: rgb(255, 249, 236); color: rgb(55, 58, 60); font-size: 14px;\">http:\/\/www.milliyet.com.tr\/gundem\/sislide-trafik-faciasinda-hayatini-kaybeden-2-yaya-son-yolculuguna-ugurlandi-7504831<\/span><\/p>\n","protected":false},"excerpt":{"rendered":"<p>\u015ei\u015fli\u2019de ters y\u00f6ne giren otomobilin \u00e7arpmas\u0131 sonucu ya\u015fam\u0131n\u0131 yitiren Hakan D\u00fcndar ile Necmiye Kurtulu\u015f \u00c7elik i\u00e7in cenaze t\u00f6reni d\u00fczenlendi. Kazan\u0131n ard\u0131ndan hastanede hayat\u0131n\u0131 kaybeden iki yaya, yak\u0131nlar\u0131n\u0131n g\u00f6zya\u015flar\u0131 e\u015fli\u011finde k\u0131l\u0131nan cenaze namazlar\u0131n\u0131n ard\u0131ndan topra\u011fa verildi.<\/p>\n","protected":false},"author":1,"featured_media":154426,"comment_status":"open","ping_status":"open","sticky":false,"template":"","format":"standard","meta":{"footnotes":""},"categories":[3],"tags":[1353,1157,10294,2932,10295],"class_list":["post-154425","post","type-post","status-publish","format-standard","has-post-thumbnail","hentry","category-guncel","tag-celik","tag-cenaze","tag-dundar","tag-kazada","tag-namazi"],"_links":{"self":[{"href":"https:\/\/kamucalisani.net\/index.php\/wp-json\/wp\/v2\/posts\/154425","targetHints":{"allow":["GET"]}}],"collection":[{"href":"https:\/\/kamucalisani.net\/index.php\/wp-json\/wp\/v2\/posts"}],"about":[{"href":"https:\/\/kamucalisani.net\/index.php\/wp-json\/wp\/v2\/types\/post"}],"author":[{"embeddable":true,"href":"https:\/\/kamucalisani.net\/index.php\/wp-json\/wp\/v2\/users\/1"}],"replies":[{"embeddable":true,"href":"https:\/\/kamucalisani.net\/index.php\/wp-json\/wp\/v2\/comments?post=154425"}],"version-history":[{"count":1,"href":"https:\/\/kamucalisani.net\/index.php\/wp-json\/wp\/v2\/posts\/154425\/revisions"}],"predecessor-version":[{"id":154434,"href":"https:\/\/kamucalisani.net\/index.php\/wp-json\/wp\/v2\/posts\/154425\/revisions\/154434"}],"wp:featuredmedia":[{"embeddable":true,"href":"https:\/\/kamucalisani.net\/index.php\/wp-json\/wp\/v2\/media\/154426"}],"wp:attachment":[{"href":"https:\/\/kamucalisani.net\/index.php\/wp-json\/wp\/v2\/media?parent=154425"}],"wp:term":[{"taxonomy":"category","embeddable":true,"href":"https:\/\/kamucalisani.net\/index.php\/wp-json\/wp\/v2\/categories?post=154425"},{"taxonomy":"post_tag","embeddable":true,"href":"https:\/\/kamucalisani.net\/index.php\/wp-json\/wp\/v2\/tags?post=154425"}],"curies":[{"name":"wp","href":"https:\/\/api.w.org\/{rel}","templated":true}]}}